{"id":2126166,"date":"2026-09-02T16:01:58","date_gmt":"2026-09-02T13:01:58","guid":{"rendered":"https:\/\/analyse.optim.biz\/?p=2126166"},"modified":"2026-09-02T16:01:58","modified_gmt":"2026-09-02T13:01:58","slug":"george-clooney-spune-ca-administratia-trump-a-devenit-o-kakistocratie-ne-aflam-intr-un-moment-nefericit","status":"publish","type":"post","link":"https:\/\/analyse.optim.biz\/?p=2126166","title":{"rendered":"George Clooney spune c\u0103 administra\u021bia Trump a devenit o \u201ekakistocra\u021bie\u201d. \u201eNe afl\u0103m \u00eentr-un moment nefericit\u201d"},"content":{"rendered":"<p>[analyse_image type=&#8221;featured&#8221; src=&#8221;https:\/\/cdn.adh.reperio.news\/image-1\/129009b3-9bef-4846-8809-c86c97694a1b\/index.jpeg?p=f%3Djpeg%26w%3D1200%26h%3D630%26r%3Dcover&#8221;]<\/p>\n<article class=\"svelte-x63bga\">\n<nav>\n<ul class=\"breadcrump svelte-1pk9a69\">\n<li class=\"svelte-1pk9a69\"><a href=\"https:\/\/adevarul.ro\/\" title=\"Adev\u0103rul\" class=\"svelte-1pk9a69\">Home<\/a><\/li>\n<li class=\"svelte-1pk9a69\"><a href=\"https:\/\/adevarul.ro\/showbiz\" class=\"svelte-1pk9a69\">Showbiz<\/a><\/li>\n<li class=\"svelte-1pk9a69\"><a href=\"https:\/\/adevarul.ro\/showbiz\/vedete\" class=\"svelte-1pk9a69\">Vedete<\/a><\/li>\n<li class=\"svelte-1pk9a69\"><a href=\"https:\/\/adevarul.ro\/showbiz\/vedete\/george-clooney-spune-ca-administratia-trump-a-2553705.html\" class=\"svelte-1pk9a69\">George Clooney spune c\u0103 administra\u021bia Trump a devenit o \u201ekakistocra\u021bie\u201d. \u201eNe afl\u0103m \u00eentr-un moment nefericit\u201d<\/a><\/li>\n<\/ul>\n<\/nav>\n<p><main class=\"svelte-x63bga\"><\/p>\n<p>Starul Hollywood George Clooney a afirmat miercuri, 2 septembrie, c\u0103 administra\u021bia pre\u0219edintelui american Donald Trump a devenit o \u201e<i>kakistocra\u021bie<\/i>\u201d, termen folosit pentru a descrie \u201e<i>o \u021bar\u0103 condus\u0103 de cei mai pu\u021bin califica\u021bi oameni<\/i>\u201d.<\/p>\n<div class=\"container-image  svelte-1xbw4f3\"><source type=\"image\/webp\" srcset=\"https:\/\/cdn.adh.reperio.news\/image-1\/129009b3-9bef-4846-8809-c86c97694a1b\/index.jpeg?p=a%3D1%26co%3D1.05%26w%3D1400%26h%3D750%26r%3Dcontain%26f%3Dwebp 1400w\" media=\"(min-width: 1400px)\" \/><\/p>\n<div class=\"caption svelte-1xbw4f3\"><span class=\"captionText svelte-1xbw4f3\">George Clooney <span class=\"source svelte-1xbw4f3\">Foto: Shutterstock<\/span><\/span><\/div>\n<\/div>\n<p>\u201e<i>Cred c\u0103 ne afl\u0103m \u00eentr-un moment nefericit. \u0218i asta este pu\u021bin spus<\/i>\u201d, a declarat actorul \u00een v\u00e2rst\u0103 de 65 de ani, prezent la\u00a0Festivalul de Film de la Vene\u021bia, scrie\u00a0<a href=\"https:\/\/www.france24.com\/en\/live-news\/20260902-george-clooney-says-us-run-by-least-qualified-people\" rel=\"nofollow\">France 24<\/a>.<\/p>\n<p><i>\u201eExist\u0103 un cuv\u00e2nt foarte potrivit, kakistocra\u021bie, care \u00eenseamn\u0103 o \u021bar\u0103 condus\u0103 de cei mai pu\u021bin califica\u021bi oameni. Cred c\u0103 poate avem o kakistocra\u021bie \u00een acest moment, dar vom trece \u0219i peste asta\u201d<\/i>, a spus Clooney.<\/p>\n<p>El a afirmat c\u0103 alegerile de la jum\u0103tatea mandatului din noiembrie ar putea oferi un <i>\u201emecanism de control \u0219i echilibru<\/i>\u201d, iar <i>\u201e\u00een 2028, cu pu\u021bin noroc, vom reveni la o oarecare normalitate\u201d.<\/i><\/p>\n<p>Declar\u00e2ndu-se optimist, Clooney a amintit de perioadele dificile din istoria SUA, \u00een special de anul 1968, marcat de violen\u021be \u0219i de asasinarea lui Martin Luther King \u0219i Bobby Kennedy.<\/p>\n<p><i>\u201eA fost foarte mult\u0103 violen\u021b\u0103. Capitoliul era \u00eenconjurat de tancuri (&#8230;) Am mai trecut prin perioade dificile, dar aceasta este una dintre ele\u201d<\/i>, a ad\u0103ugat actorul.<\/p>\n<p>Clooney a f\u0103cut referire \u0219i la o postare publicat\u0103 \u00een aceast\u0103 s\u0103pt\u0103m\u00e2n\u0103 pe X de secretarul american al Ap\u0103r\u0103rii, Pete Hegseth, \u00een care acesta ar fi ironizat aspectul fizic al unei soldate canadiene supraponderale care prezenta o medalie la o tab\u0103r\u0103 pentru tineri.<\/p>\n<p><i>\u201eUnde este sim\u021bul decen\u021bei \u00een toate acestea? \u0218i \u00eemi este ru\u0219ine de toate acestea, dar vom trece \u0219i peste aceast\u0103 perioad\u0103\u201d<\/i>, a spus Clooney.\u00a0<i>\u201e\u0218i vom ie\u0219i mai buni din cealalt\u0103 parte.\u201d<\/i><\/p>\n<h2>George Clooney a criticat \u0219i opera\u021biunile SUA din Iran<\/h2>\n<p><a href=\"https:\/\/adevarul.ro\/stiri-externe\/sua\/schimb-dur-de-replici-intre-george-clooney-si-2521712.html\">\u00cen aprilie,\u00a0Clooney a criticat dur declara\u021biile lui Trump<\/a>\u00a0referitoare la posibilitatea unor ac\u021biuni militare masive \u00eempotriva Iranului, calific\u00e2nd amenin\u021barea drept o \u201eo crim\u0103 de r\u0103zboi\u201d.<\/p>\n<p><i>\u201eUnii spun c\u0103\u00a0<a href=\"https:\/\/www.theguardian.com\/us-news\/donaldtrump\" rel=\"nofollow\">Donald Trump<\/a>\u00a0este \u00een regul\u0103.\u00a0<\/i><i>Dar dac\u0103 cineva spune c\u0103 vrea s\u0103 pun\u0103 cap\u0103t unei civiliza\u021bii, asta e o crim\u0103 de r\u0103zboi. Pute\u021bi sus\u021bine \u00een continuare punctul de vedere conservator, dar trebuie s\u0103 existe o linie a decen\u021bei \u0219i nu trebuie s\u0103 o dep\u0103\u0219im&#8221;<\/i>, le-a spus elevilor actorul, \u00een v\u00e2rst\u0103 de 64 de ani.<\/p>\n<p>Casa Alb\u0103 a reac\u021bionat rapid la criticile actorului. Steven Cheung,\u00a0directorul de comunicare al institu\u021biei, a transmis un mesaj \u00een care a ironizat cariera cinematografic\u0103 a lui Clooney:<\/p>\n<p><i>\u201eSingura persoan\u0103 care comite crime de r\u0103zboi este George Clooney pentru filmele sale groaznice \u0219i abilitatea sa actoriceasc\u0103 dezastruoas\u0103.&#8221;<\/i><\/p>\n<p><\/main><\/p>\n<footer class=\"svelte-x63bga\">\n<div class=\"related-wrap related-footer svelte-78g0vl\"><span class=\"related-label svelte-78g0vl\">Cite\u0219te \u0219i<\/span><a class=\"related svelte-78g0vl\" data-gtrack=\"{&quot;event&quot;:&quot;utm_click&quot;,&quot;data&quot;:{&quot;event_category&quot;:&quot;article_related&quot;}}\" href=\"https:\/\/adevarul.ro\/stiri-externe\/sua\/schimb-dur-de-replici-intre-george-clooney-si-2521712.html\" title=\"Alt articol de interes pentru tine\"><img decoding=\"async\" class=\"thumb svelte-78g0vl\" src=\"https:\/\/cdn.adh.reperio.news\/image-1\/129009b3-9bef-4846-8809-c86c97694a1b\/index.jpeg?p=f%3Dwebp%26w%3D120%26h%3D80%26r%3Dcover%26a%3D0\" alt loading=\"lazy\" width=\"80\" height=\"54\"><span class=\"title svelte-78g0vl\">Schimb dur de replici \u00eentre George Clooney \u0219i administra\u021bia Trump. Actorul acuz\u0103 \u201ecrime de r\u0103zboi\u201d, Casa Alb\u0103 r\u0103spunde cu ironii: \u201eAbilitate actoriceasc\u0103 dezastruoas\u0103\u201d <\/span><\/a><a class=\"related svelte-78g0vl\" data-gtrack=\"{&quot;event&quot;:&quot;utm_click&quot;,&quot;data&quot;:{&quot;event_category&quot;:&quot;article_related&quot;}}\" href=\"https:\/\/adevarul.ro\/stiri-externe\/sua\/un-actor-din-star-wars-in-centrul-unui-scandal-2528314.html\" title=\"Alt articol de interes pentru tine\"><img decoding=\"async\" class=\"thumb svelte-78g0vl\" src=\"https:\/\/cdn.adh.reperio.news\/image-3\/34c8afdc-3efa-441b-8174-90a26476e9a6\/index.jpeg?p=f%3Dwebp%26w%3D120%26h%3D80%26r%3Dcover%26a%3D0\" alt loading=\"lazy\" width=\"80\" height=\"54\"><span class=\"title svelte-78g0vl\">Un actor din \u201eStar Wars\u201d, \u00een centrul unui scandal uria\u015f dup\u0103 ce a postat o imagine cu Trump \u00eentr-un morm\u00e2nt. Reac\u021bia Casei Albe<\/span><\/a><a class=\"related svelte-78g0vl\" data-gtrack=\"{&quot;event&quot;:&quot;utm_click&quot;,&quot;data&quot;:{&quot;event_category&quot;:&quot;article_related&quot;}}\" href=\"https:\/\/adevarul.ro\/showbiz\/vedete\/celebrul-actor-richard-gere-discurs-dur-despre-2533950.html\" title=\"Alt articol de interes pentru tine\"><img decoding=\"async\" class=\"thumb svelte-78g0vl\" src=\"https:\/\/cdn.adh.reperio.news\/image-1\/1db1eef8-34a9-4450-ba7a-416de669a0d2\/index.jpeg?p=f%3Dwebp%26w%3D120%26h%3D80%26r%3Dcover%26a%3D0\" alt loading=\"lazy\" width=\"80\" height=\"54\"><span class=\"title svelte-78g0vl\">Celebrul actor Richard Gere, discurs dur despre Trump: \u201eCine \u0219i-ar fi imaginat c\u0103 un maniac va deveni pre\u0219edintele Statelor Unite?\u201d<\/span><\/a><\/div>\n<div class=\"meta svelte-x63bga\">\n<div class=\"authors svelte-x63bga\"><span class=\"names svelte-x63bga\"><a href=\"https:\/\/adevarul.ro\/author\/2070\" rel=\"author\" class=\"svelte-x63bga\">Narcis Ghiurca<\/a><\/span><\/p>\n<div class=\"_hydratable\" data-props=\"%7B%22showLive%22%3Atrue%7D\" data-context=\"%7B%22parentBlockColumnCount%22%3A%7B%22value%22%3A0%2C%22type%22%3A%22store%2Freadable%22%7D%2C%22parentBlockBackgroundColor%22%3A%7B%22type%22%3A%22store%2Freadable%22%7D%7D\" data-component=\"ShareButton\">\n<div class=\"shareButtons svelte-itwbrr\">\n<div class=\"liveSessions metaFont svelte-1maxmbf\"><span class=\"value svelte-1maxmbf\">1<\/span> live <\/div>\n<\/div>\n<\/div>\n<\/div>\n<div class=\"tags svelte-1l3vwp1\"><span class=\"tags-label metaFont svelte-1l3vwp1\">Cite\u0219te mai multe despre<\/span><\/p>\n<div class=\"tags-list svelte-1l3vwp1\"><a href=\"https:\/\/adevarul.ro\/tag\/donald%20trump\" title=\"Ultimele \u0219tiri despre donald trump\" class=\"tag-pill svelte-1l3vwp1\">donald trump<\/a><a href=\"https:\/\/adevarul.ro\/tag\/george%20clooney\" title=\"Ultimele \u0219tiri despre george clooney\" class=\"tag-pill svelte-1l3vwp1\">george clooney<\/a><\/div>\n<\/div>\n<\/div>\n<p><a class=\"moreFromCategory svelte-x63bga\" href=\"https:\/\/adevarul.ro\/showbiz\/vedete\" title=\"Vedete\">Mai multe din <strong class=\"svelte-x63bga\">Vedete<\/strong> \u203a<\/a><\/footer>\n<\/article>\n<p>[analyse_source url=&#8221;https:\/\/adevarul.ro\/showbiz\/vedete\/george-clooney-spune-ca-administratia-trump-a-2553705.html&#8221;]<\/p>\n","protected":false},"excerpt":{"rendered":"<p>[analyse_image type=&#8221;featured&#8221; src=&#8221;https:\/\/cdn.adh.reperio.news\/image-1\/129009b3-9bef-4846-8809-c86c97694a1b\/index.jpeg?p=f%3Djpeg%26w%3D1200%26h%3D630%26r%3Dcover&#8221;] Home Showbiz Vedete George Clooney spune c\u0103 administra\u021bia Trump a devenit o \u201ekakistocra\u021bie\u201d. \u201eNe afl\u0103m \u00eentr-un moment nefericit\u201d Starul Hollywood George Clooney a afirmat miercuri, 2 septembrie, c\u0103 administra\u021bia pre\u0219edintelui american Donald Trump a devenit o \u201ekakistocra\u021bie\u201d, termen folosit pentru a descrie \u201eo \u021bar\u0103 condus\u0103 de cei mai pu\u021bin califica\u021bi oameni\u201d. George [&hellip;]<\/p>\n","protected":false},"author":1,"featured_media":0,"comment_status":"open","ping_status":"","sticky":false,"template":"","format":"standard","meta":{"footnotes":""},"categories":[89],"tags":[19,226],"class_list":["post-2126166","post","type-post","status-publish","format-standard","hentry","category-romania","tag-adevarul","tag-crawlmanager"],"_links":{"self":[{"href":"https:\/\/analyse.optim.biz\/index.php?rest_route=\/wp\/v2\/posts\/2126166","targetHints":{"allow":["GET"]}}],"collection":[{"href":"https:\/\/analyse.optim.biz\/index.php?rest_route=\/wp\/v2\/posts"}],"about":[{"href":"https:\/\/analyse.optim.biz\/index.php?rest_route=\/wp\/v2\/types\/post"}],"author":[{"embeddable":true,"href":"https:\/\/analyse.optim.biz\/index.php?rest_route=\/wp\/v2\/users\/1"}],"replies":[{"embeddable":true,"href":"https:\/\/analyse.optim.biz\/index.php?rest_route=%2Fwp%2Fv2%2Fcomments&post=2126166"}],"version-history":[{"count":0,"href":"https:\/\/analyse.optim.biz\/index.php?rest_route=\/wp\/v2\/posts\/2126166\/revisions"}],"wp:attachment":[{"href":"https:\/\/analyse.optim.biz\/index.php?rest_route=%2Fwp%2Fv2%2Fmedia&parent=2126166"}],"wp:term":[{"taxonomy":"category","embeddable":true,"href":"https:\/\/analyse.optim.biz\/index.php?rest_route=%2Fwp%2Fv2%2Fcategories&post=2126166"},{"taxonomy":"post_tag","embeddable":true,"href":"https:\/\/analyse.optim.biz\/index.php?rest_route=%2Fwp%2Fv2%2Ftags&post=2126166"}],"curies":[{"name":"wp","href":"https:\/\/api.w.org\/{rel}","templated":true}]}}