{"id":2126129,"date":"2026-09-03T11:15:35","date_gmt":"2026-09-03T08:15:35","guid":{"rendered":"https:\/\/analyse.optim.biz\/?p=2126129"},"modified":"2026-09-03T11:15:35","modified_gmt":"2026-09-03T08:15:35","slug":"zero-motorcycles-arriva-la-ricarica-rapida-dc-e-si-anche-sulle-moto-gia-in-garage","status":"publish","type":"post","link":"https:\/\/analyse.optim.biz\/?p=2126129","title":{"rendered":"Zero Motorcycles, arriva la ricarica rapida DC. E s\u00ec, anche sulle moto gi\u00e0 in garage"},"content":{"rendered":"<div class=\"atxt atxt--first \" id=\"part-1652353\">\n<p><strong><span class=\"atxt-dropcap\">Z<\/span>ero Motorcycles<\/strong> ha annunciato l&#8217;introduzione\u00a0di una nuova tecnologia di <strong>ricarica rapida DC di Livello 3.<\/strong>\u00a0Il\u00a0produttore statunitense, ora con base operativa nei Paesi Bassi dopo il trasferimento del quartier generale <a href=\"https:\/\/www.moto.it\/news\/dalla-california-ai-paesi-bassi-zero-motorcycles-punta-tutto-sull-europa.html\">dalla California all&#8217;Europa<\/a>,\u00a0porter\u00e0 su una parte consistente della propria gamma a partire <strong>dalla seconda met\u00e0 del 2027<\/strong>.<\/p>\n<\/div>\n<div class=\"atxt  \" id=\"part-1652354\">\n<h2 class=\"atxt-title\">\n            Ricarica in 30 minuti<br \/>\n        <\/h2>\n<p><span class=\"cms-first-letter\">L<\/span>a novit\u00e0 si concretizza\u00a0con una nuova <strong>porta CCS<\/strong> abbinata a un modulo di ricarica rapida dedicato, attualmente in fase di sviluppo da parte del team di ingegneria Zero. Per le moto con batteria fino a <strong>17,3 kWh<\/strong>, il passaggio dal 20 all&#8217;80% di carica richieder\u00e0 <strong>meno di 30 minuti<\/strong>, un tempo che di fatto avvicina sensibilmente l&#8217;esperienza di rifornimento delle due ruote elettriche a quella di una sosta in stazione di servizio tradizionale nel caso si faccia un &#8220;<em>refill&#8221;<\/em>. Si tratta di un cambio di strategia notevole per Zero Motorcycles che finora aveva sempre sostenuto come la pi\u00f9 &#8220;semplice&#8221; ricarica con presa di Tipo2 fosse pi\u00f9 che sufficiente. Ma abbiamo imparato che negli ultimi tempi molte cose sono cambiate nei piani della Casa californiana e quindi accogliamo la novit\u00e0 con interesse.\u00a0Una ricarica di Livello 3 in effetti accorcia il divario specie quando si vuole affrontare una trasferta o del turismo e apre a un uso pi\u00f9 simile a quello delle auto elettriche di fascia alta. Nell&#8217;uso quotidiano, invece, difficilmente andremo a ricorrere ad una ricarica in corrente continua che comunque sollecita molto il pacco batterie.<\/p>\n<\/div>\n<div class=\"atxt  \" id=\"part-1652355\">\n<h2 class=\"atxt-title\">\n            Su quali modelli arriver\u00e0?<br \/>\n        <\/h2>\n<p><span class=\"cms-first-letter\">L<\/span>a nuova tecnologia sar\u00e0 disponibile, dalla seconda met\u00e0 del 2027, sulle <strong>nuove motociclette<\/strong> delle categorie <strong>Dual Sport<\/strong> e <strong>Street<\/strong>, le due famiglie che in gamma Zero coprono rispettivamente l&#8217;uso avventuroso\/enduro stradale e quello urbano-stradale puro. Per farla spiccia: DSR\/X, DS, SR\/F ed S. Al momento non sono stati diffusi dettagli su prezzi o eventuali rincari, informazione che arriver\u00e0 probabilmente pi\u00f9 avanti, forse in avvicinamento a un salone come <strong>EICMA<\/strong>.<\/p>\n<\/div>\n<div class=\"atxt  \" id=\"part-1652356\">\n<h2 class=\"atxt-title\">\n            L&#8217;aspetto pi\u00f9 interessante: \u00e8 &#8220;retrofit&#8221;<br \/>\n        <\/h2>\n<p><span class=\"cms-first-letter\">L<\/span>&#8216;aspetto pi\u00f9 significativo dell&#8217;annuncio, per\u00f2, non \u00e8 tanto o solo la disponibilit\u00e0 sui modelli futuri. Zero ha infatti previsto che porta CCS e modulo di ricarica rapida potranno essere installati <strong>come accessorio<\/strong> anche sulle moto <strong>Street e Dual Sport gi\u00e0 vendute a partire dal model year\u00a02022<\/strong>. \u00c8 una scelta che va controcorrente rispetto alla logica pi\u00f9 comune nel settore automotive ed elettrico, dove le nuove funzionalit\u00e0 restano quasi sempre appannaggio esclusivo dei modelli di ultima generazione ed \u00e8 sicuramente una scelta lodevole.<\/p>\n<p>&#8220;La ricarica rapida DC rappresenta un importante vantaggio per favorire la transizione verso la mobilit\u00e0 elettrica e attirer\u00e0 un numero maggiore di motociclisti verso il marchio Zero&#8221;, ha dichiarato <strong>Pierre-Martin Bos<\/strong>, CEO di Zero Motorcycles. Il manager ha sottolineato come la scelta di rendere la tecnologia retrocompatibile nasca da richieste dirette dei clienti, con l&#8217;obiettivo dichiarato di <strong>aumentare il valore residuo delle moto gi\u00e0 in circolazione.<\/strong><\/p>\n<\/div>\n<div class=\"atxt  \" id=\"part-1652357\">\n<h2 class=\"atxt-title\">\n            Tranquilli: la rete di ricarica DC \u00e8 in crescita<br \/>\n        <\/h2>\n<p><span class=\"cms-first-letter\">L<\/span>a mossa di Zero Motorcycles si inserisce in un momento in cui la rete di ricarica rapida DC continua a espandersi sia in Europa sia in Nord America, come evidenziato dallo stesso Bos. Sul fronte europeo, il mercato delle due ruote elettriche mostra segnali positivi: i dati del primo semestre 2026 elaborati da ANCMA\/UNRAE parlano di una <a href=\"https:\/\/www.moto.it\/news\/mercato-elettrico-primo-semestre-2026-in-positivo-per-moto-e-scooter.html\">crescita del 20,7%<\/a> per il mercato italiano di ciclomotori, scooter e moto a zero emissioni, con un&#8217;accelerazione ancora pi\u00f9 marcata nei mesi successivi, quando il comparto ha <a href=\"https:\/\/www.moto.it\/news\/elettrico-a-due-ruote-luglio-2026-il-totale-sale-del-20-ma-i-ciclomotori-crollano-del-48.html\">guadagnato un ulteriore 20% a luglio<\/a>. Diverso il discorso per il segmento moto in senso stretto, dove Zero \u00e8\u00a0presente con la <strong>FX<\/strong>, tra i modelli pi\u00f9 immatricolati in Italia nel comparto enduro elettrico secondo i <a href=\"https:\/\/www.moto.it\/news\/elettrico-aprile-2026-mercato-in-positivo-nel-mese-24-ma-quadrimestre-in-rosso.html\">dati del primo trimestre 2026<\/a>, insieme a Talaria e Stark, ma fatica maggiormente con le moto stradali premium.\u00a0In questo scenario, la ricarica rapida diventa una leva concreta per un marchio che negli ultimi anni ha ampliato la gamma anche verso l&#8217;accessibilit\u00e0\u00a0con <a href=\"https:\/\/www.moto.it\/prove\/zero-motorcycles-punta-al-fuoristrada-elettrico-con-le-nuove-xe-e-xb-facili-divertenti-e-per-tutti.html\">le nuove XE e XB<\/a> e <a href=\"https:\/\/www.moto.it\/news\/zero-motorcycles-ls1-test-scooter-elettrico-video.html\" target=\"_blank\">lo scooter LS1<\/a> e che ora punta a rendere l&#8217;infrastruttura di ricarica un fattore competitivo, non solo un accessorio.<\/p>\n<\/div>\n","protected":false},"excerpt":{"rendered":"<p>Zero Motorcycles ha annunciato l&#8217;introduzione\u00a0di una nuova tecnologia di ricarica rapida DC di Livello 3.\u00a0Il\u00a0produttore statunitense, ora con base operativa nei Paesi Bassi dopo il trasferimento del quartier generale dalla California all&#8217;Europa,\u00a0porter\u00e0 su una parte consistente della propria gamma a partire dalla seconda met\u00e0 del 2027. Ricarica in 30 minuti La novit\u00e0 si concretizza\u00a0con una [&hellip;]<\/p>\n","protected":false},"author":1,"featured_media":0,"comment_status":"open","ping_status":"","sticky":false,"template":"","format":"standard","meta":{"footnotes":""},"categories":[1],"tags":[226,238],"class_list":["post-2126129","post","type-post","status-publish","format-standard","hentry","category-uncategorized","tag-crawlmanager","tag-moto-it"],"_links":{"self":[{"href":"https:\/\/analyse.optim.biz\/index.php?rest_route=\/wp\/v2\/posts\/2126129","targetHints":{"allow":["GET"]}}],"collection":[{"href":"https:\/\/analyse.optim.biz\/index.php?rest_route=\/wp\/v2\/posts"}],"about":[{"href":"https:\/\/analyse.optim.biz\/index.php?rest_route=\/wp\/v2\/types\/post"}],"author":[{"embeddable":true,"href":"https:\/\/analyse.optim.biz\/index.php?rest_route=\/wp\/v2\/users\/1"}],"replies":[{"embeddable":true,"href":"https:\/\/analyse.optim.biz\/index.php?rest_route=%2Fwp%2Fv2%2Fcomments&post=2126129"}],"version-history":[{"count":0,"href":"https:\/\/analyse.optim.biz\/index.php?rest_route=\/wp\/v2\/posts\/2126129\/revisions"}],"wp:attachment":[{"href":"https:\/\/analyse.optim.biz\/index.php?rest_route=%2Fwp%2Fv2%2Fmedia&parent=2126129"}],"wp:term":[{"taxonomy":"category","embeddable":true,"href":"https:\/\/analyse.optim.biz\/index.php?rest_route=%2Fwp%2Fv2%2Fcategories&post=2126129"},{"taxonomy":"post_tag","embeddable":true,"href":"https:\/\/analyse.optim.biz\/index.php?rest_route=%2Fwp%2Fv2%2Ftags&post=2126129"}],"curies":[{"name":"wp","href":"https:\/\/api.w.org\/{rel}","templated":true}]}}