{"id":2126104,"date":"2026-09-03T07:35:40","date_gmt":"2026-09-03T04:35:40","guid":{"rendered":"https:\/\/analyse.optim.biz\/?p=2126104"},"modified":"2026-09-03T07:35:40","modified_gmt":"2026-09-03T04:35:40","slug":"locuirea-de-pamant-in-banat-intre-traditie-si-inovatie","status":"publish","type":"post","link":"https:\/\/analyse.optim.biz\/?p=2126104","title":{"rendered":"Locuirea de p\u0103m\u00e2nt \u00een Banat, \u00eentre tradi\u021bie \u0219i inova\u021bie"},"content":{"rendered":"<p>[analyse_image type=&#8221;featured&#8221; src=&#8221;https:\/\/gazetadinvest.ro\/wp-content\/uploads\/2026\/09\/calatorie.jpg&#8221;]<\/p>\n<div class=\"td-post-content tagdiv-type\">\n<div class=\"td-post-featured-image\"><a href=\"https:\/\/gazetadinvest.ro\/wp-content\/uploads\/2026\/09\/calatorie.jpg\" data-caption><img loading=\"lazy\" decoding=\"async\" width=\"696\" height=\"490\" class=\"entry-thumb td-modal-image\" src=\"https:\/\/gazetadinvest.ro\/wp-content\/uploads\/2026\/09\/calatorie-696x490.jpg\" alt title=\"calatorie\"><\/a><\/div>\n<p><strong>Casele de p\u0103m\u00e2nt nu sunt obiecte separate de peisaj. Ele fac parte dintr-un ciclu \u00een care p\u0103m\u00e2ntul scos din groapa satului devine perete, iar paiele din c\u00e2mp \u00eel ajut\u0103 s\u0103 reziste \u00een timp, \u00eentr-o arhitectur\u0103 care nu domin\u0103 natura, ci comunic\u0103 cu ea. Acesta este doar unul dintre rezumatele discu\u021biilor purtate duminic\u0103, 30 august 2026, \u00een cadrul info trip-ului de prezentare organizat de Asocia\u021bia My Banat, al\u0103turi de Asocia\u021bia Terrapia, \u00een cadrul proiectului <em>O c\u0103l\u0103torie cultural\u0103 \u00een p\u0103m\u00e2nturile Banatului<\/em>, co-finan\u021bat de Administra\u021bia Fondului Cultural Na\u021bional.<\/strong><\/p>\n<p>\u00cen cele trei opriri f\u0103cute de participan\u021bi la Gr\u0103niceri, Peciu Nou \u0219i Rona\u021b \u2013 locuri din care au fost recoltate mostre de p\u0103m\u00e2nt pentru \u0219coala de var\u0103 Regio Earth 2026 \u2013 s-a vorbit despre avantajele, foarte actuale, ale locuirii de p\u0103m\u00e2nt, precum confortul termic dat de pere\u021bii gro\u0219i de p\u0103m\u00e2nt, care regularizeaz\u0103 temperatura \u0219i ofer\u0103 r\u0103coare vara \u0219i c\u0103ldur\u0103 iarna, sau cele legate de s\u0103n\u0103tate \u2013 p\u0103m\u00e2ntul fiind un material care d\u0103 caselor posibilitatea de a \u201erespira\u201d.<\/p>\n<p>Cele trei opriri s-au \u00eencheiat la Rona\u021b, \u00een spa\u021biul comunitar GreenFeel, unde participan\u021bii au luat parte la un picnic cu produse tradi\u021bionale locale de sezon.<\/p>\n<p>Proiectul <em>O c\u0103l\u0103torie cultural\u0103 \u00een p\u0103m\u00e2nturile Banatului<\/em> este organizat de Asocia\u021bia My Banat \u00een colaborare cu Atelier Terrapia \u0219i Universitatea de Vest Timi\u0219oara \u2013 Facultatea de Arte \u0219i Design \u0219i vizeaz\u0103 patrimoniul cultural imaterial reprezentat de locuirea de p\u0103m\u00e2nt din Banat \u0219i ofer\u0103 un alt fel de comunicare a prelucr\u0103rii p\u0103m\u00e2ntului local.<\/p>\n<p>\u00cen cadrul proiectului, \u00een perioada 1 \u2013 6 septembrie 2026, la Facultatea de Arte \u0219i Design (UVT) din Timi\u0219oara, va avea loc \u0219coala de var\u0103 Regio Earth. Evenimentul aduce al\u0103turi 32 de participan\u021bi \u0219i 12 traineri interna\u021bionali care vor explora inovarea creativ\u0103 a p\u0103m\u00e2nturilor \u0219i tehnicilor constructive locale.<\/p>\n<p>S\u0103pt\u0103m\u00e2na se va \u00eencheia cu un weekend dedicat publicului larg care este a\u0219teptat cu prezent\u0103ri, proiec\u021bii tematice \u0219i ateliere practice. Activit\u0103\u021bile din 6 septembrie sunt gratuite, dar necesit\u0103 \u00eenscriere \u00een prealabil \u0219i sunt programate \u00eentre orele 10,00-12,00, 12,00-14,00 \u0219i 15,00-17,00 astfel: atelier de v\u0103iug\u0103 (EN) cu Olja Todosijevic \u2013 maxim 10 participan\u021bi, atelier de zugr\u0103veli pe baz\u0103 de var \u0219i p\u0103m\u00e2nturi locale cu Attila Matyas Lakatos \u2013 maxim 10 participan\u021bi, atelier de pictur\u0103 cu p\u0103m\u00e2nturi locale cu Flori Achim-Neagu \u2013 maxim 10 participan\u021bi, atelier de \u00eempletituri cu Dinu \u0219i Mariana Perva \u2013 maxim 15 participan\u021bi, demonstra\u021bie tencuieli Caminota cu Vlad Stanciu \u2013 maxim 40 de locuri, proiec\u021bii de film (RO\/EN) \u2013 maxim 40 de locuri, prezent\u0103ri tematice (RO\/EN) \u2013 maxim 40 de locuri. \u00censcrieri aici: <a href=\"https:\/\/forms.gle\/2jrv8bBLsG4qjLPZ8\">https:\/\/forms.gle\/2jrv8bBLsG4qjLPZ8<\/a>.<\/p>\n<p>Activit\u0103\u021bile proiectului urm\u0103resc transmiterea cunoa\u0219terii tehnice despre p\u0103m\u00e2ntul constructiv c\u0103tre marele public.<\/p>\n<\/div>\n<div class=\"td-post-content tagdiv-type\">\n<div class=\"td-post-featured-image\"><a href=\"https:\/\/gazetadinvest.ro\/wp-content\/uploads\/2026\/09\/calatorie.jpg\" data-caption><img loading=\"lazy\" decoding=\"async\" width=\"696\" height=\"490\" class=\"entry-thumb td-modal-image\" src=\"https:\/\/gazetadinvest.ro\/wp-content\/uploads\/2026\/09\/calatorie-696x490.jpg\" alt title=\"calatorie\"><\/a><\/div>\n<p><strong>Casele de p\u0103m\u00e2nt nu sunt obiecte separate de peisaj. Ele fac parte dintr-un ciclu \u00een care p\u0103m\u00e2ntul scos din groapa satului devine perete, iar paiele din c\u00e2mp \u00eel ajut\u0103 s\u0103 reziste \u00een timp, \u00eentr-o arhitectur\u0103 care nu domin\u0103 natura, ci comunic\u0103 cu ea. Acesta este doar unul dintre rezumatele discu\u021biilor purtate duminic\u0103, 30 august 2026, \u00een cadrul info trip-ului de prezentare organizat de Asocia\u021bia My Banat, al\u0103turi de Asocia\u021bia Terrapia, \u00een cadrul proiectului <em>O c\u0103l\u0103torie cultural\u0103 \u00een p\u0103m\u00e2nturile Banatului<\/em>, co-finan\u021bat de Administra\u021bia Fondului Cultural Na\u021bional.<\/strong><\/p>\n<p>\u00cen cele trei opriri f\u0103cute de participan\u021bi la Gr\u0103niceri, Peciu Nou \u0219i Rona\u021b \u2013 locuri din care au fost recoltate mostre de p\u0103m\u00e2nt pentru \u0219coala de var\u0103 Regio Earth 2026 \u2013 s-a vorbit despre avantajele, foarte actuale, ale locuirii de p\u0103m\u00e2nt, precum confortul termic dat de pere\u021bii gro\u0219i de p\u0103m\u00e2nt, care regularizeaz\u0103 temperatura \u0219i ofer\u0103 r\u0103coare vara \u0219i c\u0103ldur\u0103 iarna, sau cele legate de s\u0103n\u0103tate \u2013 p\u0103m\u00e2ntul fiind un material care d\u0103 caselor posibilitatea de a \u201erespira\u201d.<\/p>\n<p>Cele trei opriri s-au \u00eencheiat la Rona\u021b, \u00een spa\u021biul comunitar GreenFeel, unde participan\u021bii au luat parte la un picnic cu produse tradi\u021bionale locale de sezon.<\/p>\n<p>Proiectul <em>O c\u0103l\u0103torie cultural\u0103 \u00een p\u0103m\u00e2nturile Banatului<\/em> este organizat de Asocia\u021bia My Banat \u00een colaborare cu Atelier Terrapia \u0219i Universitatea de Vest Timi\u0219oara \u2013 Facultatea de Arte \u0219i Design \u0219i vizeaz\u0103 patrimoniul cultural imaterial reprezentat de locuirea de p\u0103m\u00e2nt din Banat \u0219i ofer\u0103 un alt fel de comunicare a prelucr\u0103rii p\u0103m\u00e2ntului local.<\/p>\n<p>\u00cen cadrul proiectului, \u00een perioada 1 \u2013 6 septembrie 2026, la Facultatea de Arte \u0219i Design (UVT) din Timi\u0219oara, va avea loc \u0219coala de var\u0103 Regio Earth. Evenimentul aduce al\u0103turi 32 de participan\u021bi \u0219i 12 traineri interna\u021bionali care vor explora inovarea creativ\u0103 a p\u0103m\u00e2nturilor \u0219i tehnicilor constructive locale.<\/p>\n<p>S\u0103pt\u0103m\u00e2na se va \u00eencheia cu un weekend dedicat publicului larg care este a\u0219teptat cu prezent\u0103ri, proiec\u021bii tematice \u0219i ateliere practice. Activit\u0103\u021bile din 6 septembrie sunt gratuite, dar necesit\u0103 \u00eenscriere \u00een prealabil \u0219i sunt programate \u00eentre orele 10,00-12,00, 12,00-14,00 \u0219i 15,00-17,00 astfel: atelier de v\u0103iug\u0103 (EN) cu Olja Todosijevic \u2013 maxim 10 participan\u021bi, atelier de zugr\u0103veli pe baz\u0103 de var \u0219i p\u0103m\u00e2nturi locale cu Attila Matyas Lakatos \u2013 maxim 10 participan\u021bi, atelier de pictur\u0103 cu p\u0103m\u00e2nturi locale cu Flori Achim-Neagu \u2013 maxim 10 participan\u021bi, atelier de \u00eempletituri cu Dinu \u0219i Mariana Perva \u2013 maxim 15 participan\u021bi, demonstra\u021bie tencuieli Caminota cu Vlad Stanciu \u2013 maxim 40 de locuri, proiec\u021bii de film (RO\/EN) \u2013 maxim 40 de locuri, prezent\u0103ri tematice (RO\/EN) \u2013 maxim 40 de locuri. \u00censcrieri aici: <a href=\"https:\/\/forms.gle\/2jrv8bBLsG4qjLPZ8\">https:\/\/forms.gle\/2jrv8bBLsG4qjLPZ8<\/a>.<\/p>\n<p>Activit\u0103\u021bile proiectului urm\u0103resc transmiterea cunoa\u0219terii tehnice despre p\u0103m\u00e2ntul constructiv c\u0103tre marele public.<\/p>\n<\/div>\n<p>[analyse_source url=&#8221;https:\/\/gazetadinvest.ro\/locuirea-de-pamant-in-banat-intre-traditie-si-inovatie\/&#8221;]<\/p>\n","protected":false},"excerpt":{"rendered":"<p>[analyse_image type=&#8221;featured&#8221; src=&#8221;https:\/\/gazetadinvest.ro\/wp-content\/uploads\/2026\/09\/calatorie.jpg&#8221;] Casele de p\u0103m\u00e2nt nu sunt obiecte separate de peisaj. Ele fac parte dintr-un ciclu \u00een care p\u0103m\u00e2ntul scos din groapa satului devine perete, iar paiele din c\u00e2mp \u00eel ajut\u0103 s\u0103 reziste \u00een timp, \u00eentr-o arhitectur\u0103 care nu domin\u0103 natura, ci comunic\u0103 cu ea. Acesta este doar unul dintre rezumatele discu\u021biilor purtate duminic\u0103, [&hellip;]<\/p>\n","protected":false},"author":1,"featured_media":0,"comment_status":"open","ping_status":"","sticky":false,"template":"","format":"standard","meta":{"footnotes":""},"categories":[89],"tags":[226,203],"class_list":["post-2126104","post","type-post","status-publish","format-standard","hentry","category-romania","tag-crawlmanager","tag-gazetadinvest-ro"],"_links":{"self":[{"href":"https:\/\/analyse.optim.biz\/index.php?rest_route=\/wp\/v2\/posts\/2126104","targetHints":{"allow":["GET"]}}],"collection":[{"href":"https:\/\/analyse.optim.biz\/index.php?rest_route=\/wp\/v2\/posts"}],"about":[{"href":"https:\/\/analyse.optim.biz\/index.php?rest_route=\/wp\/v2\/types\/post"}],"author":[{"embeddable":true,"href":"https:\/\/analyse.optim.biz\/index.php?rest_route=\/wp\/v2\/users\/1"}],"replies":[{"embeddable":true,"href":"https:\/\/analyse.optim.biz\/index.php?rest_route=%2Fwp%2Fv2%2Fcomments&post=2126104"}],"version-history":[{"count":0,"href":"https:\/\/analyse.optim.biz\/index.php?rest_route=\/wp\/v2\/posts\/2126104\/revisions"}],"wp:attachment":[{"href":"https:\/\/analyse.optim.biz\/index.php?rest_route=%2Fwp%2Fv2%2Fmedia&parent=2126104"}],"wp:term":[{"taxonomy":"category","embeddable":true,"href":"https:\/\/analyse.optim.biz\/index.php?rest_route=%2Fwp%2Fv2%2Fcategories&post=2126104"},{"taxonomy":"post_tag","embeddable":true,"href":"https:\/\/analyse.optim.biz\/index.php?rest_route=%2Fwp%2Fv2%2Ftags&post=2126104"}],"curies":[{"name":"wp","href":"https:\/\/api.w.org\/{rel}","templated":true}]}}