{"id":2126097,"date":"2026-09-03T10:03:27","date_gmt":"2026-09-03T07:03:27","guid":{"rendered":"https:\/\/analyse.optim.biz\/?p=2126097"},"modified":"2026-09-03T10:03:27","modified_gmt":"2026-09-03T07:03:27","slug":"lansare-de-carte-la-bocsa-constantin-marascu-isi-prezinta-seria-in-6-volume-sfinti-fara-aureola-la-bocsa-film-festival","status":"publish","type":"post","link":"https:\/\/analyse.optim.biz\/?p=2126097","title":{"rendered":"Lansare de carte la Boc\u0219a: Constantin M\u0103r\u0103scu \u00ee\u0219i prezint\u0103 seria \u00een 6 volume \u201eSfin\u021bi f\u0103r\u0103 aureol\u0103\u201d la \u201eBoc\u0219a Film Festival\u201d"},"content":{"rendered":"<p>[analyse_image type=&#8221;featured&#8221; src=&#8221;https:\/\/gazetadinvest.ro\/wp-content\/uploads\/2026\/09\/sfinti.jpg&#8221;]<\/p>\n<div class=\"td-post-content tagdiv-type\">\n<div class=\"td-post-featured-image\"><a href=\"https:\/\/gazetadinvest.ro\/wp-content\/uploads\/2026\/09\/sfinti.jpg\" data-caption><img loading=\"lazy\" decoding=\"async\" width=\"696\" height=\"901\" class=\"entry-thumb td-modal-image\" src=\"https:\/\/gazetadinvest.ro\/wp-content\/uploads\/2026\/09\/sfinti-696x901.jpg\" alt title=\"sfinti\"><\/a><\/div>\n<p><strong>Ora\u0219ul Boc\u0219a g\u0103zduie\u0219te vineri, 4 septembrie 2026, de la ora 11:00, un eveniment cultural dedicat istoriei \u0219i literaturii, organizat \u00een sediul Prim\u0103riei Ora\u0219ului Boc\u0219a. <\/strong><\/p>\n<p>Manifestarea const\u0103 \u00een prezentarea volumelor ce alc\u0103tuiesc seria \u201eSfin\u021bi f\u0103r\u0103 aureol\u0103\u201d, un proiect editorial amplu semnat de scriitorul \u0219i jurnalistul Constantin M\u0103r\u0103scu.<\/p>\n<p>\u00cent\u00e2lnirea face parte din programul celei de-a VI-a edi\u021bii a festivalului \u201eBoc\u0219a Film Festival\u201d (desf\u0103\u0219urat sub tema \u201eCarte \u0219i Film, Art\u0103 \u0219i Literatur\u0103\u201d), fiind ini\u021biat\u0103 de Biblioteca Ora\u0219eneasc\u0103 \u201eTata Oancea\u201d Boc\u0219a. Evenimentul este derulat \u00een parteneriat cu Uniunea Autorilor \u0219i Realizatorilor de Film (UARF) Bucure\u0219ti \u0219i beneficiaz\u0103 de sprijinul Prim\u0103riei \u0219i Consiliului Local Boc\u0219a, precum \u0219i al primarului Mirel Patriciu Pascu.<\/p>\n<p>Publicul iubitor de carte \u0219i art\u0103 este invitat s\u0103 participe la aceast\u0103 sesiune de prezentare ce aduce \u00een prim-plan valorile culturale \u0219i reperele istorice locale \u0219i na\u021bionale.<\/p>\n<\/div>\n<div class=\"td-post-content tagdiv-type\">\n<div class=\"td-post-featured-image\"><a href=\"https:\/\/gazetadinvest.ro\/wp-content\/uploads\/2026\/09\/sfinti.jpg\" data-caption><img loading=\"lazy\" decoding=\"async\" width=\"696\" height=\"901\" class=\"entry-thumb td-modal-image\" src=\"https:\/\/gazetadinvest.ro\/wp-content\/uploads\/2026\/09\/sfinti-696x901.jpg\" alt title=\"sfinti\"><\/a><\/div>\n<p><strong>Ora\u0219ul Boc\u0219a g\u0103zduie\u0219te vineri, 4 septembrie 2026, de la ora 11:00, un eveniment cultural dedicat istoriei \u0219i literaturii, organizat \u00een sediul Prim\u0103riei Ora\u0219ului Boc\u0219a. <\/strong><\/p>\n<p>Manifestarea const\u0103 \u00een prezentarea volumelor ce alc\u0103tuiesc seria \u201eSfin\u021bi f\u0103r\u0103 aureol\u0103\u201d, un proiect editorial amplu semnat de scriitorul \u0219i jurnalistul Constantin M\u0103r\u0103scu.<\/p>\n<p>\u00cent\u00e2lnirea face parte din programul celei de-a VI-a edi\u021bii a festivalului \u201eBoc\u0219a Film Festival\u201d (desf\u0103\u0219urat sub tema \u201eCarte \u0219i Film, Art\u0103 \u0219i Literatur\u0103\u201d), fiind ini\u021biat\u0103 de Biblioteca Ora\u0219eneasc\u0103 \u201eTata Oancea\u201d Boc\u0219a. Evenimentul este derulat \u00een parteneriat cu Uniunea Autorilor \u0219i Realizatorilor de Film (UARF) Bucure\u0219ti \u0219i beneficiaz\u0103 de sprijinul Prim\u0103riei \u0219i Consiliului Local Boc\u0219a, precum \u0219i al primarului Mirel Patriciu Pascu.<\/p>\n<p>Publicul iubitor de carte \u0219i art\u0103 este invitat s\u0103 participe la aceast\u0103 sesiune de prezentare ce aduce \u00een prim-plan valorile culturale \u0219i reperele istorice locale \u0219i na\u021bionale.<\/p>\n<\/div>\n<p>[analyse_source url=&#8221;https:\/\/gazetadinvest.ro\/lansare-de-carte-la-bocsa-constantin-marascu-isi-prezinta-seria-in-6-volume-sfinti-fara-aureola-la-bocsa-film-festival\/&#8221;]<\/p>\n","protected":false},"excerpt":{"rendered":"<p>[analyse_image type=&#8221;featured&#8221; src=&#8221;https:\/\/gazetadinvest.ro\/wp-content\/uploads\/2026\/09\/sfinti.jpg&#8221;] Ora\u0219ul Boc\u0219a g\u0103zduie\u0219te vineri, 4 septembrie 2026, de la ora 11:00, un eveniment cultural dedicat istoriei \u0219i literaturii, organizat \u00een sediul Prim\u0103riei Ora\u0219ului Boc\u0219a. Manifestarea const\u0103 \u00een prezentarea volumelor ce alc\u0103tuiesc seria \u201eSfin\u021bi f\u0103r\u0103 aureol\u0103\u201d, un proiect editorial amplu semnat de scriitorul \u0219i jurnalistul Constantin M\u0103r\u0103scu. \u00cent\u00e2lnirea face parte din programul celei [&hellip;]<\/p>\n","protected":false},"author":1,"featured_media":0,"comment_status":"open","ping_status":"","sticky":false,"template":"","format":"standard","meta":{"footnotes":""},"categories":[89],"tags":[226,203],"class_list":["post-2126097","post","type-post","status-publish","format-standard","hentry","category-romania","tag-crawlmanager","tag-gazetadinvest-ro"],"_links":{"self":[{"href":"https:\/\/analyse.optim.biz\/index.php?rest_route=\/wp\/v2\/posts\/2126097","targetHints":{"allow":["GET"]}}],"collection":[{"href":"https:\/\/analyse.optim.biz\/index.php?rest_route=\/wp\/v2\/posts"}],"about":[{"href":"https:\/\/analyse.optim.biz\/index.php?rest_route=\/wp\/v2\/types\/post"}],"author":[{"embeddable":true,"href":"https:\/\/analyse.optim.biz\/index.php?rest_route=\/wp\/v2\/users\/1"}],"replies":[{"embeddable":true,"href":"https:\/\/analyse.optim.biz\/index.php?rest_route=%2Fwp%2Fv2%2Fcomments&post=2126097"}],"version-history":[{"count":0,"href":"https:\/\/analyse.optim.biz\/index.php?rest_route=\/wp\/v2\/posts\/2126097\/revisions"}],"wp:attachment":[{"href":"https:\/\/analyse.optim.biz\/index.php?rest_route=%2Fwp%2Fv2%2Fmedia&parent=2126097"}],"wp:term":[{"taxonomy":"category","embeddable":true,"href":"https:\/\/analyse.optim.biz\/index.php?rest_route=%2Fwp%2Fv2%2Fcategories&post=2126097"},{"taxonomy":"post_tag","embeddable":true,"href":"https:\/\/analyse.optim.biz\/index.php?rest_route=%2Fwp%2Fv2%2Ftags&post=2126097"}],"curies":[{"name":"wp","href":"https:\/\/api.w.org\/{rel}","templated":true}]}}