{"id":2126090,"date":"2026-09-02T12:35:58","date_gmt":"2026-09-02T09:35:58","guid":{"rendered":"https:\/\/analyse.optim.biz\/?p=2126090"},"modified":"2026-09-02T12:35:58","modified_gmt":"2026-09-02T09:35:58","slug":"soldan-pe-dn-15c-la-boroaia-se-asfalteaza-11-kilometri-pana-la-vadu-moldovei-lucrarile-ar-urma-sa-fie-finalizate-pana-la-sfarsitul-saptamanii-viitoare","status":"publish","type":"post","link":"https:\/\/analyse.optim.biz\/?p=2126090","title":{"rendered":"\u0218oldan, pe DN 15C la Boroaia: se asfalteaz\u0103 11 kilometri p\u00e2n\u0103 la Vadu Moldovei. Lucr\u0103rile ar urma s\u0103 fie finalizate p\u00e2n\u0103 la sf\u00e2r\u0219itul s\u0103pt\u0103m\u00e2nii viitoare"},"content":{"rendered":"<p>[analyse_image type=&#8221;featured&#8221; src=&#8221;https:\/\/www.newsbucovina.ro\/wp-content\/uploads\/2026\/09\/793212557_1062645819819241_7881630380203080442_n.jpghttps:\/\/cdn.newsbucovina.ro\/wp-content\/uploads\/2026\/09\/793212557_1062645819819241_7881630380203080442_n.jpg&#8221;]<\/p>\n<div class=\"td-post-content tagdiv-type\">\n<div class=\"td-a-rec td-a-rec-id-content_top  tdi_3 td_block_template_1\">\n<div class=\"nb-social-buttons\"><a class=\"nb-social-btn nb-social-youtube\" href=\"https:\/\/www.youtube.com\/@ZiarulNewsBucovina?sub_confirmation=1\" target=\"_blank\" rel=\"noopener external\" title=\"Aboneaz\u0103-te la NewsBucovina pe YouTube\"><span class=\"nb-social-text\"><strong>Aboneaz\u0103-te pe YouTube<\/strong><small>NewsBucovina<\/small><\/span><\/a><a class=\"nb-social-btn nb-social-telegram\" href=\"https:\/\/t.me\/+TH8wcfnp8fw5NWI0\" target=\"_blank\" rel=\"noopener external\" title=\"Intr\u0103 \u00een grupul Telegram News Bucovina\"><span class=\"nb-social-text\"><strong>Intr\u0103 pe Telegram<\/strong><small>Grupul News Bucovina<\/small><\/span><\/a><a class=\"nb-social-btn nb-social-google\" href=\"https:\/\/www.google.com\/preferences\/source?q=newsbucovina.ro\" target=\"_blank\" rel=\"noopener external\" title=\"Adaug\u0103 NewsBucovina ca surs\u0103 preferat\u0103 \u00een Google\"><span class=\"nb-social-text\"><strong>Adaug\u0103 NewsBucovina<\/strong><small>Surs\u0103 preferat\u0103 \u00een Google<\/small><\/span><\/a><\/div>\n<\/div>\n<p class=\"wp-block-paragraph\">Pre\u0219edintele Consiliului Jude\u021bean Suceava, Gheorghe \u0218oldan, a verificat miercuri, 2 septembrie 2026, \u00eempreun\u0103 cu primarul comunei Boroaia, Vasile Berariu, asfaltarea DN 15C pe tot tronsonul din jude\u021bul Suceava.<\/p>\n<figure class=\"wp-block-gallery has-nested-images columns-default is-cropped wp-block-gallery-1 is-layout-flex wp-block-gallery-is-layout-flex\">\n<figure class=\"wp-block-image size-large\"><a href=\"https:\/\/cdn.newsbucovina.ro\/wp-content\/uploads\/2026\/09\/793212557_1062645819819241_7881630380203080442_n.jpg\"><img loading=\"lazy\" decoding=\"async\" width=\"1024\" height=\"683\" data-id=\"448403\" src=\"https:\/\/cdn.newsbucovina.ro\/wp-content\/uploads\/2026\/09\/793212557_1062645819819241_7881630380203080442_n-1024x683.jpg\" alt class=\"wp-image-448403\"><\/a><\/figure>\n<figure class=\"wp-block-image size-large\"><a href=\"https:\/\/cdn.newsbucovina.ro\/wp-content\/uploads\/2026\/09\/792507228_4068086919991519_6673933902433368422_n.jpg\"><img loading=\"lazy\" decoding=\"async\" width=\"1024\" height=\"683\" data-id=\"448402\" src=\"https:\/\/cdn.newsbucovina.ro\/wp-content\/uploads\/2026\/09\/792507228_4068086919991519_6673933902433368422_n-1024x683.jpg\" alt class=\"wp-image-448402\"><\/a><\/figure>\n<figure class=\"wp-block-image size-large\"><a href=\"https:\/\/cdn.newsbucovina.ro\/wp-content\/uploads\/2026\/09\/792176903_1059545620118541_2676549332431539207_n.jpg\"><img loading=\"lazy\" decoding=\"async\" width=\"960\" height=\"540\" data-id=\"448401\" src=\"https:\/\/cdn.newsbucovina.ro\/wp-content\/uploads\/2026\/09\/792176903_1059545620118541_2676549332431539207_n.jpg\" alt class=\"wp-image-448401\"><\/a><\/figure>\n<figure class=\"wp-block-image size-large\"><a href=\"https:\/\/cdn.newsbucovina.ro\/wp-content\/uploads\/2026\/09\/791738100_1106110318410933_56906676203264033_n.jpg\"><img decoding=\"async\" loading=\"lazy\" width=\"1024\" height=\"683\" data-id=\"448400\" src=\"https:\/\/cdn.newsbucovina.ro\/wp-content\/uploads\/2026\/09\/791738100_1106110318410933_56906676203264033_n-1024x683.jpg\" alt class=\"wp-image-448400\"><\/a><\/figure>\n<figure class=\"wp-block-image size-large\"><a href=\"https:\/\/cdn.newsbucovina.ro\/wp-content\/uploads\/2026\/09\/791388735_2302345993916617_1279922732866911107_n.jpg\"><img decoding=\"async\" loading=\"lazy\" width=\"1024\" height=\"683\" data-id=\"448399\" src=\"https:\/\/cdn.newsbucovina.ro\/wp-content\/uploads\/2026\/09\/791388735_2302345993916617_1279922732866911107_n-1024x683.jpg\" alt class=\"wp-image-448399\"><\/a><\/figure>\n<figure class=\"wp-block-image size-large\"><a href=\"https:\/\/cdn.newsbucovina.ro\/wp-content\/uploads\/2026\/09\/790226565_28256390870644657_4179447549354256521_n.jpg\"><img decoding=\"async\" loading=\"lazy\" width=\"1024\" height=\"683\" data-id=\"448398\" src=\"https:\/\/cdn.newsbucovina.ro\/wp-content\/uploads\/2026\/09\/790226565_28256390870644657_4179447549354256521_n-1024x683.jpg\" alt class=\"wp-image-448398\"><\/a><\/figure>\n<figure class=\"wp-block-image size-large\"><a href=\"https:\/\/cdn.newsbucovina.ro\/wp-content\/uploads\/2026\/09\/789959616_1021839580871477_8616097642067003780_n.jpg\"><img decoding=\"async\" loading=\"lazy\" width=\"960\" height=\"540\" data-id=\"448397\" src=\"https:\/\/cdn.newsbucovina.ro\/wp-content\/uploads\/2026\/09\/789959616_1021839580871477_8616097642067003780_n.jpg\" alt class=\"wp-image-448397\"><\/a><\/figure>\n<figure class=\"wp-block-image size-large\"><a href=\"https:\/\/cdn.newsbucovina.ro\/wp-content\/uploads\/2026\/09\/785349945_1737099037539646_2666705761518348005_n.jpg\"><img decoding=\"async\" loading=\"lazy\" width=\"1024\" height=\"683\" data-id=\"448396\" src=\"https:\/\/cdn.newsbucovina.ro\/wp-content\/uploads\/2026\/09\/785349945_1737099037539646_2666705761518348005_n-1024x683.jpg\" alt class=\"wp-image-448396\"><\/a><\/figure>\n<\/figure>\n<p class=\"wp-block-paragraph\">Este vorba despre circa 11 kilometri, de la limita cu jude\u021bul Neam\u021b p\u00e2n\u0103 la intersec\u021bia cu DN 2, la Vadu Moldovei. \u0218oldan spune c\u0103 pe acest drum nu s-au mai f\u0103cut repara\u021bii asfaltice din 2019, iar covorul asfaltic nu a mai fost turnat de 14 ani.<\/p>\n<p class=\"wp-block-paragraph\">De aceea pre\u0219edintele \u0218oldan a cerut Direc\u021biei Regionale de Drumuri \u0219i Poduri Ia\u0219i s\u0103 prioritizeze lucrarea.<\/p>\n<p class=\"wp-block-paragraph\">Tronsonul deserve\u0219te cei peste 6.500 de locuitori din Boroaia \u0219i F\u00e2nt\u00e2na Mare \u0219i traficul dintre Suceava \u0219i Neam\u021b. Lucr\u0103rile au \u00eenceput mar\u021bi. \u00cen dou\u0103 zile au fost asfalta\u021bi aproximativ 2,5 kilometri. Estimarea pre\u0219edintelui CJ este finalizarea spre sf\u00e2r\u0219itul s\u0103pt\u0103m\u00e2nii viitoare.<\/p>\n<p class=\"wp-block-paragraph\">\u0218oldan a mai anun\u021bat c\u0103, \u00een urm\u0103toarele s\u0103pt\u0103m\u00e2ni, ar urma s\u0103 \u00eenceap\u0103 asfalt\u0103rile \u0219i pe drumul dintre Marginea \u0219i P\u0103ltinoasa.<\/p>\n<p class=\"wp-block-paragraph\">#DN15C #Boroaia #Suceava #Gheorghe\u0218oldan #asfaltare #DRDPIa\u0219i #VaduMoldovei<\/p>\n<figure class=\"wp-block-embed is-type-video is-provider-youtube wp-block-embed-youtube wp-embed-aspect-16-9 wp-has-aspect-ratio\">\n<div class=\"wp-block-embed__wrapper\">\n<div class=\"youtube-embed\" data-video_id=\"qxispRB6oWE\"><iframe loading=\"lazy\" title=\"Fra\u021bii care au g\u0103sit drumul c\u0103tre INIMA doamnelor - Regatul CRIZANTEMELOR din Volov\u0103\u021b!\" width=\"696\" height=\"392\" src=\"https:\/\/www.youtube.com\/embed\/qxispRB6oWE?feature=oembed&amp;enablejsapi=1\" frameborder allow=\"accelerometer; autoplay; clipboard-write; encrypted-media; gyroscope; picture-in-picture; web-share\" referrerpolicy=\"strict-origin-when-cross-origin\" allowfullscreen><\/iframe><\/div>\n<\/div>\n<\/figure>\n<div class=\"td-a-rec td-a-rec-id-content_bottom  tdi_4 td_block_template_1\"><strong>Intr\u0103 acum \u0219i \u00een grupul de <\/p>\n<div class=\"wp-block-button\"><a class=\"wp-block-button__link wp-element-button\" href=\"https:\/\/t.me\/+TH8wcfnp8fw5NWI0\">Telegram News Bucovina<\/a><\/div>\n<p><\/strong><\/div>\n<\/div>\n<div class=\"td-post-content tagdiv-type\">\n<div class=\"td-a-rec td-a-rec-id-content_top  tdi_3 td_block_template_1\">\n<div class=\"nb-social-buttons\"><a class=\"nb-social-btn nb-social-youtube\" href=\"https:\/\/www.youtube.com\/@ZiarulNewsBucovina?sub_confirmation=1\" target=\"_blank\" rel=\"noopener external\" title=\"Aboneaz\u0103-te la NewsBucovina pe YouTube\"><span class=\"nb-social-text\"><strong>Aboneaz\u0103-te pe YouTube<\/strong><small>NewsBucovina<\/small><\/span><\/a><a class=\"nb-social-btn nb-social-telegram\" href=\"https:\/\/t.me\/+TH8wcfnp8fw5NWI0\" target=\"_blank\" rel=\"noopener external\" title=\"Intr\u0103 \u00een grupul Telegram News Bucovina\"><span class=\"nb-social-text\"><strong>Intr\u0103 pe Telegram<\/strong><small>Grupul News Bucovina<\/small><\/span><\/a><a class=\"nb-social-btn nb-social-google\" href=\"https:\/\/www.google.com\/preferences\/source?q=newsbucovina.ro\" target=\"_blank\" rel=\"noopener external\" title=\"Adaug\u0103 NewsBucovina ca surs\u0103 preferat\u0103 \u00een Google\"><span class=\"nb-social-text\"><strong>Adaug\u0103 NewsBucovina<\/strong><small>Surs\u0103 preferat\u0103 \u00een Google<\/small><\/span><\/a><\/div>\n<\/div>\n<p class=\"wp-block-paragraph\">Pre\u0219edintele Consiliului Jude\u021bean Suceava, Gheorghe \u0218oldan, a verificat miercuri, 2 septembrie 2026, \u00eempreun\u0103 cu primarul comunei Boroaia, Vasile Berariu, asfaltarea DN 15C pe tot tronsonul din jude\u021bul Suceava.<\/p>\n<figure class=\"wp-block-gallery has-nested-images columns-default is-cropped wp-block-gallery-1 is-layout-flex wp-block-gallery-is-layout-flex\">\n<figure class=\"wp-block-image size-large\"><a href=\"https:\/\/cdn.newsbucovina.ro\/wp-content\/uploads\/2026\/09\/793212557_1062645819819241_7881630380203080442_n.jpg\"><img loading=\"lazy\" decoding=\"async\" width=\"1024\" height=\"683\" data-id=\"448403\" src=\"https:\/\/cdn.newsbucovina.ro\/wp-content\/uploads\/2026\/09\/793212557_1062645819819241_7881630380203080442_n-1024x683.jpg\" alt class=\"wp-image-448403\"><\/a><\/figure>\n<figure class=\"wp-block-image size-large\"><a href=\"https:\/\/cdn.newsbucovina.ro\/wp-content\/uploads\/2026\/09\/792507228_4068086919991519_6673933902433368422_n.jpg\"><img loading=\"lazy\" decoding=\"async\" width=\"1024\" height=\"683\" data-id=\"448402\" src=\"https:\/\/cdn.newsbucovina.ro\/wp-content\/uploads\/2026\/09\/792507228_4068086919991519_6673933902433368422_n-1024x683.jpg\" alt class=\"wp-image-448402\"><\/a><\/figure>\n<figure class=\"wp-block-image size-large\"><a href=\"https:\/\/cdn.newsbucovina.ro\/wp-content\/uploads\/2026\/09\/792176903_1059545620118541_2676549332431539207_n.jpg\"><img loading=\"lazy\" decoding=\"async\" width=\"960\" height=\"540\" data-id=\"448401\" src=\"https:\/\/cdn.newsbucovina.ro\/wp-content\/uploads\/2026\/09\/792176903_1059545620118541_2676549332431539207_n.jpg\" alt class=\"wp-image-448401\"><\/a><\/figure>\n<figure class=\"wp-block-image size-large\"><a href=\"https:\/\/cdn.newsbucovina.ro\/wp-content\/uploads\/2026\/09\/791738100_1106110318410933_56906676203264033_n.jpg\"><img decoding=\"async\" loading=\"lazy\" width=\"1024\" height=\"683\" data-id=\"448400\" src=\"https:\/\/cdn.newsbucovina.ro\/wp-content\/uploads\/2026\/09\/791738100_1106110318410933_56906676203264033_n-1024x683.jpg\" alt class=\"wp-image-448400\"><\/a><\/figure>\n<figure class=\"wp-block-image size-large\"><a href=\"https:\/\/cdn.newsbucovina.ro\/wp-content\/uploads\/2026\/09\/791388735_2302345993916617_1279922732866911107_n.jpg\"><img decoding=\"async\" loading=\"lazy\" width=\"1024\" height=\"683\" data-id=\"448399\" src=\"https:\/\/cdn.newsbucovina.ro\/wp-content\/uploads\/2026\/09\/791388735_2302345993916617_1279922732866911107_n-1024x683.jpg\" alt class=\"wp-image-448399\"><\/a><\/figure>\n<figure class=\"wp-block-image size-large\"><a href=\"https:\/\/cdn.newsbucovina.ro\/wp-content\/uploads\/2026\/09\/790226565_28256390870644657_4179447549354256521_n.jpg\"><img decoding=\"async\" loading=\"lazy\" width=\"1024\" height=\"683\" data-id=\"448398\" src=\"https:\/\/cdn.newsbucovina.ro\/wp-content\/uploads\/2026\/09\/790226565_28256390870644657_4179447549354256521_n-1024x683.jpg\" alt class=\"wp-image-448398\"><\/a><\/figure>\n<figure class=\"wp-block-image size-large\"><a href=\"https:\/\/cdn.newsbucovina.ro\/wp-content\/uploads\/2026\/09\/789959616_1021839580871477_8616097642067003780_n.jpg\"><img decoding=\"async\" loading=\"lazy\" width=\"960\" height=\"540\" data-id=\"448397\" src=\"https:\/\/cdn.newsbucovina.ro\/wp-content\/uploads\/2026\/09\/789959616_1021839580871477_8616097642067003780_n.jpg\" alt class=\"wp-image-448397\"><\/a><\/figure>\n<figure class=\"wp-block-image size-large\"><a href=\"https:\/\/cdn.newsbucovina.ro\/wp-content\/uploads\/2026\/09\/785349945_1737099037539646_2666705761518348005_n.jpg\"><img decoding=\"async\" loading=\"lazy\" width=\"1024\" height=\"683\" data-id=\"448396\" src=\"https:\/\/cdn.newsbucovina.ro\/wp-content\/uploads\/2026\/09\/785349945_1737099037539646_2666705761518348005_n-1024x683.jpg\" alt class=\"wp-image-448396\"><\/a><\/figure>\n<\/figure>\n<p class=\"wp-block-paragraph\">Este vorba despre circa 11 kilometri, de la limita cu jude\u021bul Neam\u021b p\u00e2n\u0103 la intersec\u021bia cu DN 2, la Vadu Moldovei. \u0218oldan spune c\u0103 pe acest drum nu s-au mai f\u0103cut repara\u021bii asfaltice din 2019, iar covorul asfaltic nu a mai fost turnat de 14 ani.<\/p>\n<p class=\"wp-block-paragraph\">De aceea pre\u0219edintele \u0218oldan a cerut Direc\u021biei Regionale de Drumuri \u0219i Poduri Ia\u0219i s\u0103 prioritizeze lucrarea.<\/p>\n<p class=\"wp-block-paragraph\">Tronsonul deserve\u0219te cei peste 6.500 de locuitori din Boroaia \u0219i F\u00e2nt\u00e2na Mare \u0219i traficul dintre Suceava \u0219i Neam\u021b. Lucr\u0103rile au \u00eenceput mar\u021bi. \u00cen dou\u0103 zile au fost asfalta\u021bi aproximativ 2,5 kilometri. Estimarea pre\u0219edintelui CJ este finalizarea spre sf\u00e2r\u0219itul s\u0103pt\u0103m\u00e2nii viitoare.<\/p>\n<p class=\"wp-block-paragraph\">\u0218oldan a mai anun\u021bat c\u0103, \u00een urm\u0103toarele s\u0103pt\u0103m\u00e2ni, ar urma s\u0103 \u00eenceap\u0103 asfalt\u0103rile \u0219i pe drumul dintre Marginea \u0219i P\u0103ltinoasa.<\/p>\n<p class=\"wp-block-paragraph\">#DN15C #Boroaia #Suceava #Gheorghe\u0218oldan #asfaltare #DRDPIa\u0219i #VaduMoldovei<\/p>\n<figure class=\"wp-block-embed is-type-video is-provider-youtube wp-block-embed-youtube wp-embed-aspect-16-9 wp-has-aspect-ratio\">\n<div class=\"wp-block-embed__wrapper\">\n<div class=\"youtube-embed\" data-video_id=\"qxispRB6oWE\"><iframe loading=\"lazy\" title=\"Fra\u021bii care au g\u0103sit drumul c\u0103tre INIMA doamnelor - Regatul CRIZANTEMELOR din Volov\u0103\u021b!\" width=\"696\" height=\"392\" src=\"https:\/\/www.youtube.com\/embed\/qxispRB6oWE?feature=oembed&amp;enablejsapi=1\" frameborder allow=\"accelerometer; autoplay; clipboard-write; encrypted-media; gyroscope; picture-in-picture; web-share\" referrerpolicy=\"strict-origin-when-cross-origin\" allowfullscreen><\/iframe><\/div>\n<\/div>\n<\/figure>\n<div class=\"td-a-rec td-a-rec-id-content_bottom  tdi_4 td_block_template_1\"><strong>Intr\u0103 acum \u0219i \u00een grupul de <\/p>\n<div class=\"wp-block-button\"><a class=\"wp-block-button__link wp-element-button\" href=\"https:\/\/t.me\/+TH8wcfnp8fw5NWI0\">Telegram News Bucovina<\/a><\/div>\n<p><\/strong><\/div>\n<\/div>\n<p>[analyse_source url=&#8221;https:\/\/www.newsbucovina.ro\/actualitate\/448404\/soldan-pe-dn-15c-la-boroaia-se-asfalteaza-11-kilometri-pana-la-vadu-moldovei-lucrarile-ar-urma-sa-fie-finalizate-pana-la-sfarsitul-saptamanii-viitoare&#8221;]<\/p>\n","protected":false},"excerpt":{"rendered":"<p>[analyse_image type=&#8221;featured&#8221; src=&#8221;https:\/\/www.newsbucovina.ro\/wp-content\/uploads\/2026\/09\/793212557_1062645819819241_7881630380203080442_n.jpghttps:\/\/cdn.newsbucovina.ro\/wp-content\/uploads\/2026\/09\/793212557_1062645819819241_7881630380203080442_n.jpg&#8221;] Aboneaz\u0103-te pe YouTubeNewsBucovinaIntr\u0103 pe TelegramGrupul News BucovinaAdaug\u0103 NewsBucovinaSurs\u0103 preferat\u0103 \u00een Google Pre\u0219edintele Consiliului Jude\u021bean Suceava, Gheorghe \u0218oldan, a verificat miercuri, 2 septembrie 2026, \u00eempreun\u0103 cu primarul comunei Boroaia, Vasile Berariu, asfaltarea DN 15C pe tot tronsonul din jude\u021bul Suceava. Este vorba despre circa 11 kilometri, de la limita cu jude\u021bul Neam\u021b p\u00e2n\u0103 [&hellip;]<\/p>\n","protected":false},"author":1,"featured_media":0,"comment_status":"open","ping_status":"","sticky":false,"template":"","format":"standard","meta":{"footnotes":""},"categories":[89],"tags":[226,165],"class_list":["post-2126090","post","type-post","status-publish","format-standard","hentry","category-romania","tag-crawlmanager","tag-newsbucovina-ro"],"_links":{"self":[{"href":"https:\/\/analyse.optim.biz\/index.php?rest_route=\/wp\/v2\/posts\/2126090","targetHints":{"allow":["GET"]}}],"collection":[{"href":"https:\/\/analyse.optim.biz\/index.php?rest_route=\/wp\/v2\/posts"}],"about":[{"href":"https:\/\/analyse.optim.biz\/index.php?rest_route=\/wp\/v2\/types\/post"}],"author":[{"embeddable":true,"href":"https:\/\/analyse.optim.biz\/index.php?rest_route=\/wp\/v2\/users\/1"}],"replies":[{"embeddable":true,"href":"https:\/\/analyse.optim.biz\/index.php?rest_route=%2Fwp%2Fv2%2Fcomments&post=2126090"}],"version-history":[{"count":0,"href":"https:\/\/analyse.optim.biz\/index.php?rest_route=\/wp\/v2\/posts\/2126090\/revisions"}],"wp:attachment":[{"href":"https:\/\/analyse.optim.biz\/index.php?rest_route=%2Fwp%2Fv2%2Fmedia&parent=2126090"}],"wp:term":[{"taxonomy":"category","embeddable":true,"href":"https:\/\/analyse.optim.biz\/index.php?rest_route=%2Fwp%2Fv2%2Fcategories&post=2126090"},{"taxonomy":"post_tag","embeddable":true,"href":"https:\/\/analyse.optim.biz\/index.php?rest_route=%2Fwp%2Fv2%2Ftags&post=2126090"}],"curies":[{"name":"wp","href":"https:\/\/api.w.org\/{rel}","templated":true}]}}