{"id":2126080,"date":"2026-09-03T09:24:57","date_gmt":"2026-09-03T06:24:57","guid":{"rendered":"https:\/\/analyse.optim.biz\/?p=2126080"},"modified":"2026-09-03T09:24:57","modified_gmt":"2026-09-03T06:24:57","slug":"intepenirea-articulatiilor-dimineata-poate-ascunde-o-problema-reumatologica-cand-este-recomandat-consultul","status":"publish","type":"post","link":"https:\/\/analyse.optim.biz\/?p=2126080","title":{"rendered":"\u00cen\u021bepenirea articula\u021biilor diminea\u021ba poate ascunde o problem\u0103 reumatologic\u0103. C\u00e2nd este recomandat consultul"},"content":{"rendered":"<p>[analyse_image type=&#8221;featured&#8221; src=&#8221;https:\/\/www.tion.ro\/wp-content\/uploads\/2026\/09\/+otf\/1200&#215;630\/wDafwiFT9v__Xzk2XGZ+U0E5PVF9WRVJZX1NFQ3WoT9cwo32BxhyvR50JkoYX1pP0dAZ46RmQxPhGvN2__4CGkKfcAwAo__RdOl0YDU9m__LPXeLs0uzFPeRJV3rFnA=\/8426933pexelstowfiqubarbhuiya34406828763984-scaled.jpg&#8221;]<\/p>\n<article id=\"post-2346048\" class>\n<div class=\"entry-content clearfix\">\n<div class=\"enewsArticleContent\">\n<p>Redoarea matinal\u0103 se manifest\u0103 prin rigiditate \u0219i dificult\u0103\u021bi de mi\u0219care dup\u0103 o perioad\u0103 mai lung\u0103 de repaus. O u\u0219oar\u0103 senza\u021bie de \u00een\u021bepenire, care dispare rapid dup\u0103 ce persoana \u00eencepe s\u0103 se mi\u0219te, poate ap\u0103rea \u0219i \u00een cazul modific\u0103rilor degenerative ale articula\u021biilor.<\/p>\n<p>\u00cen schimb, atunci c\u00e2nd rigiditatea persist\u0103 zeci de minute sau chiar mai mult de o or\u0103 \u0219i este asociat\u0103 cu durere sau umflarea articula\u021biilor, poate exista suspiciunea unui proces inflamator.<\/p>\n<h3><strong>C\u00e2nd este recomandat\u0103 evaluarea reumatologic\u0103<\/strong><\/h3>\n<p>Medicii transmit c\u0103 redoarea matinal\u0103 nu \u00eenseamn\u0103 automat c\u0103 este vorba despre o boal\u0103 reumatic\u0103 inflamatorie. Totu\u0219i, dac\u0103 senza\u021bia apare frecvent, aproape \u00een fiecare diminea\u021b\u0103, persist\u0103 o perioad\u0103 mai lung\u0103 \u0219i se asociaz\u0103 cu alte simptome articulare, este recomandat un consult de specialitate.<\/p>\n<p>Un semnal de alarm\u0103 \u00eel poate reprezenta situa\u021bia \u00een care pacientul are nevoie de 30 de minute, o or\u0103 sau chiar mai mult pentru ca articula\u021biile s\u0103 \u00ee\u0219i recapete mobilitatea. Recomandarea este cu at\u00e2t mai important\u0103 dac\u0103 apar durerea, tumefierea articula\u021biilor sau limitarea mi\u0219c\u0103rilor.<\/p>\n<blockquote>\n<p>\u201eDurata este important\u0103. O u\u0219oar\u0103 rigiditate articular\u0103, care dispare repede dup\u0103 ce \u00eencepem s\u0103 ne mi\u0219c\u0103m, poate ap\u0103rea inclusiv \u00een cazul modific\u0103rilor degenerative ale articula\u021biilor. Dac\u0103 pacientul are nevoie de 30 de minute, o or\u0103 sau chiar mai mult pentru ca articula\u021biile s\u0103 \u00ee\u0219i recapete mobilitatea, iar acest lucru se repet\u0103, este indicat\u0103 o evaluare reumatologic\u0103. Cu at\u00e2t mai mult dac\u0103 apar \u0219i alte manifest\u0103ri, durerea, tumefierea articula\u021biilor sau limitarea mi\u0219c\u0103rilor\u201d, explic\u0103 medicii spitalului.<\/p>\n<\/blockquote>\n<p>\u00cen cadrul Ambulatoriului Spitalului CFR Timi\u0219oara func\u021bioneaz\u0103 un Cabinet de Reumatologie. Consulta\u021biile sunt gratuite pentru pacien\u021bii cu bilet de trimitere de la medicul de familie.<\/p>\n<div class=\"fbShareLikeTwitterAndEmailContainer\">\n<div class=\"wrapper\">\n<div class=\"email\">\n<div id=\"mailto-pop\" class=\"pop-form pop-form-mailto\">\n<div class=\"pop-form-header\">\n<h4>Trimite articolul<\/h4>\n<p><a class=\"pop-form-close\">X<\/a><\/div>\n<\/div>\n<\/div>\n<\/div>\n<\/div>\n<div class=\"tagsContainer\">\n<div class=\"tagsLabel\">Taguri:<\/div>\n<div class=\"tags\">\n<div class=\"tag\"><a href=\"https:\/\/www.tion.ro\/cimke\/articulatii\" rel=\"tag\"><span class=\"link\">articulatii<\/span><span class=\"separator\">,<\/span><\/a><\/div>\n<div class=\"tag\"><a href=\"https:\/\/www.tion.ro\/cimke\/spital-cfr-timisoara\" rel=\"tag\"><span class=\"link\">spital cfr timisoara<\/span><\/a><\/div>\n<\/div>\n<\/div>\n<div class=\"comments\">\n<div class=\"top\">\n<div class=\"commentsNumber\"><span class=\"number\">0<\/span><span class=\"text\">Comentarii<\/span><\/div>\n<\/div>\n<div class=\"center\">\n<div id=\"respond\" class=\"comment-respond\">\n<h3 id=\"reply-title\" class=\"comment-reply-title\"><small><a rel=\"nofollow\" id=\"cancel-comment-reply-link\" href=\"https:\/\/www.tion.ro\/sanatate\/intepenirea-articulatiilor-dimineata-poate-ascunde-o-problema-reumatologica-cand-este-recomandat-consultul-2346048\/#respond\">Cancel reply<\/a><\/small><\/h3>\n<p class=\"comment-notes\"><span id=\"email-notes\">Your email address will not be published.<\/span><span class=\"required-field-message\">Required fields are marked <span class=\"required\">*<\/span><\/span><\/p>\n<p class=\"commentFormComment\"><span id=\"commentFormCount\"><br \/>\n                            inca<br \/>\n                            <span id=\"countCommentText\">1000<\/span><br \/>\n                            caractere ramase<br \/>\n                        <\/span><\/p>\n<\/div>\n<\/div>\n<div class=\"bottom\">\n<p class=\"forumDisclaimerHuRo\">\n            Citi\u021bi principiile noastre de moderare <a href=\"https:\/\/www.tion.ro\/reguli-postare-comentarii\/\" target=\"_blank\">aici<\/a>!\n        <\/p>\n<\/div>\n<\/div>\n<\/div>\n<\/div>\n<\/article>\n<div class=\"entry-content clearfix\">\n<div class=\"enewsArticleContent\">\n<p>Redoarea matinal\u0103 se manifest\u0103 prin rigiditate \u0219i dificult\u0103\u021bi de mi\u0219care dup\u0103 o perioad\u0103 mai lung\u0103 de repaus. O u\u0219oar\u0103 senza\u021bie de \u00een\u021bepenire, care dispare rapid dup\u0103 ce persoana \u00eencepe s\u0103 se mi\u0219te, poate ap\u0103rea \u0219i \u00een cazul modific\u0103rilor degenerative ale articula\u021biilor.<\/p>\n<p>\u00cen schimb, atunci c\u00e2nd rigiditatea persist\u0103 zeci de minute sau chiar mai mult de o or\u0103 \u0219i este asociat\u0103 cu durere sau umflarea articula\u021biilor, poate exista suspiciunea unui proces inflamator.<\/p>\n<h3><strong>C\u00e2nd este recomandat\u0103 evaluarea reumatologic\u0103<\/strong><\/h3>\n<p>Medicii transmit c\u0103 redoarea matinal\u0103 nu \u00eenseamn\u0103 automat c\u0103 este vorba despre o boal\u0103 reumatic\u0103 inflamatorie. Totu\u0219i, dac\u0103 senza\u021bia apare frecvent, aproape \u00een fiecare diminea\u021b\u0103, persist\u0103 o perioad\u0103 mai lung\u0103 \u0219i se asociaz\u0103 cu alte simptome articulare, este recomandat un consult de specialitate.<\/p>\n<p>Un semnal de alarm\u0103 \u00eel poate reprezenta situa\u021bia \u00een care pacientul are nevoie de 30 de minute, o or\u0103 sau chiar mai mult pentru ca articula\u021biile s\u0103 \u00ee\u0219i recapete mobilitatea. Recomandarea este cu at\u00e2t mai important\u0103 dac\u0103 apar durerea, tumefierea articula\u021biilor sau limitarea mi\u0219c\u0103rilor.<\/p>\n<blockquote>\n<p>\u201eDurata este important\u0103. O u\u0219oar\u0103 rigiditate articular\u0103, care dispare repede dup\u0103 ce \u00eencepem s\u0103 ne mi\u0219c\u0103m, poate ap\u0103rea inclusiv \u00een cazul modific\u0103rilor degenerative ale articula\u021biilor. Dac\u0103 pacientul are nevoie de 30 de minute, o or\u0103 sau chiar mai mult pentru ca articula\u021biile s\u0103 \u00ee\u0219i recapete mobilitatea, iar acest lucru se repet\u0103, este indicat\u0103 o evaluare reumatologic\u0103. Cu at\u00e2t mai mult dac\u0103 apar \u0219i alte manifest\u0103ri, durerea, tumefierea articula\u021biilor sau limitarea mi\u0219c\u0103rilor\u201d, explic\u0103 medicii spitalului.<\/p>\n<\/blockquote>\n<p>\u00cen cadrul Ambulatoriului Spitalului CFR Timi\u0219oara func\u021bioneaz\u0103 un Cabinet de Reumatologie. Consulta\u021biile sunt gratuite pentru pacien\u021bii cu bilet de trimitere de la medicul de familie.<\/p>\n<div class=\"fbShareLikeTwitterAndEmailContainer\">\n<div class=\"wrapper\">\n<div class=\"email\">\n<div id=\"mailto-pop\" class=\"pop-form pop-form-mailto\">\n<div class=\"pop-form-header\">\n<h4>Trimite articolul<\/h4>\n<p><a class=\"pop-form-close\">X<\/a><\/div>\n<\/div>\n<\/div>\n<\/div>\n<\/div>\n<div class=\"tagsContainer\">\n<div class=\"tagsLabel\">Taguri:<\/div>\n<div class=\"tags\">\n<div class=\"tag\"><a href=\"https:\/\/www.tion.ro\/cimke\/articulatii\" rel=\"tag\"><span class=\"link\">articulatii<\/span><span class=\"separator\">,<\/span><\/a><\/div>\n<div class=\"tag\"><a href=\"https:\/\/www.tion.ro\/cimke\/spital-cfr-timisoara\" rel=\"tag\"><span class=\"link\">spital cfr timisoara<\/span><\/a><\/div>\n<\/div>\n<\/div>\n<div class=\"comments\">\n<div class=\"top\">\n<div class=\"commentsNumber\"><span class=\"number\">0<\/span><span class=\"text\">Comentarii<\/span><\/div>\n<\/div>\n<div class=\"center\">\n<div id=\"respond\" class=\"comment-respond\">\n<h3 id=\"reply-title\" class=\"comment-reply-title\"><small><a rel=\"nofollow\" id=\"cancel-comment-reply-link\" href=\"https:\/\/www.tion.ro\/sanatate\/intepenirea-articulatiilor-dimineata-poate-ascunde-o-problema-reumatologica-cand-este-recomandat-consultul-2346048\/#respond\">Cancel reply<\/a><\/small><\/h3>\n<p class=\"comment-notes\"><span id=\"email-notes\">Your email address will not be published.<\/span><span class=\"required-field-message\">Required fields are marked <span class=\"required\">*<\/span><\/span><\/p>\n<p class=\"commentFormComment\"><span id=\"commentFormCount\"><br \/>\n                            inca<br \/>\n                            <span id=\"countCommentText\">1000<\/span><br \/>\n                            caractere ramase<br \/>\n                        <\/span><\/p>\n<\/div>\n<\/div>\n<div class=\"bottom\">\n<p class=\"forumDisclaimerHuRo\">\n            Citi\u021bi principiile noastre de moderare <a href=\"https:\/\/www.tion.ro\/reguli-postare-comentarii\/\" target=\"_blank\">aici<\/a>!\n        <\/p>\n<\/div>\n<\/div>\n<\/div>\n<\/div>\n<p>[analyse_source url=&#8221;https:\/\/www.tion.ro\/sanatate\/intepenirea-articulatiilor-dimineata-poate-ascunde-o-problema-reumatologica-cand-este-recomandat-consultul-2346048\/&#8221;]<\/p>\n","protected":false},"excerpt":{"rendered":"<p>[analyse_image type=&#8221;featured&#8221; src=&#8221;https:\/\/www.tion.ro\/wp-content\/uploads\/2026\/09\/+otf\/1200&#215;630\/wDafwiFT9v__Xzk2XGZ+U0E5PVF9WRVJZX1NFQ3WoT9cwo32BxhyvR50JkoYX1pP0dAZ46RmQxPhGvN2__4CGkKfcAwAo__RdOl0YDU9m__LPXeLs0uzFPeRJV3rFnA=\/8426933pexelstowfiqubarbhuiya34406828763984-scaled.jpg&#8221;] Redoarea matinal\u0103 se manifest\u0103 prin rigiditate \u0219i dificult\u0103\u021bi de mi\u0219care dup\u0103 o perioad\u0103 mai lung\u0103 de repaus. O u\u0219oar\u0103 senza\u021bie de \u00een\u021bepenire, care dispare rapid dup\u0103 ce persoana \u00eencepe s\u0103 se mi\u0219te, poate ap\u0103rea \u0219i \u00een cazul modific\u0103rilor degenerative ale articula\u021biilor. \u00cen schimb, atunci c\u00e2nd rigiditatea persist\u0103 zeci de minute sau chiar [&hellip;]<\/p>\n","protected":false},"author":1,"featured_media":0,"comment_status":"open","ping_status":"","sticky":false,"template":"","format":"standard","meta":{"footnotes":""},"categories":[89],"tags":[226,191],"class_list":["post-2126080","post","type-post","status-publish","format-standard","hentry","category-romania","tag-crawlmanager","tag-tion-ro"],"_links":{"self":[{"href":"https:\/\/analyse.optim.biz\/index.php?rest_route=\/wp\/v2\/posts\/2126080","targetHints":{"allow":["GET"]}}],"collection":[{"href":"https:\/\/analyse.optim.biz\/index.php?rest_route=\/wp\/v2\/posts"}],"about":[{"href":"https:\/\/analyse.optim.biz\/index.php?rest_route=\/wp\/v2\/types\/post"}],"author":[{"embeddable":true,"href":"https:\/\/analyse.optim.biz\/index.php?rest_route=\/wp\/v2\/users\/1"}],"replies":[{"embeddable":true,"href":"https:\/\/analyse.optim.biz\/index.php?rest_route=%2Fwp%2Fv2%2Fcomments&post=2126080"}],"version-history":[{"count":0,"href":"https:\/\/analyse.optim.biz\/index.php?rest_route=\/wp\/v2\/posts\/2126080\/revisions"}],"wp:attachment":[{"href":"https:\/\/analyse.optim.biz\/index.php?rest_route=%2Fwp%2Fv2%2Fmedia&parent=2126080"}],"wp:term":[{"taxonomy":"category","embeddable":true,"href":"https:\/\/analyse.optim.biz\/index.php?rest_route=%2Fwp%2Fv2%2Fcategories&post=2126080"},{"taxonomy":"post_tag","embeddable":true,"href":"https:\/\/analyse.optim.biz\/index.php?rest_route=%2Fwp%2Fv2%2Ftags&post=2126080"}],"curies":[{"name":"wp","href":"https:\/\/api.w.org\/{rel}","templated":true}]}}