{"id":2126066,"date":"2026-08-31T06:46:20","date_gmt":"2026-08-31T03:46:20","guid":{"rendered":"https:\/\/analyse.optim.biz\/?p=2126066"},"modified":"2026-08-31T06:46:20","modified_gmt":"2026-08-31T03:46:20","slug":"final-grandios-pentru-zilele-municipiului-alexandria-2026-rock-live-hituri-pop-de-top-cu-voltaj-ami-si","status":"publish","type":"post","link":"https:\/\/analyse.optim.biz\/?p=2126066","title":{"rendered":"Final grandios pentru Zilele Municipiului Alexandria 2026: rock live, hituri pop de top cu Voltaj, Ami \u0219i"},"content":{"rendered":"<p>[analyse_image type=&#8221;featured&#8221; src=&#8221;https:\/\/liberinteleorman.ro\/wp-content\/uploads\/2026\/08\/WhatsApp-Image-2026-08-31-at-01.39.035.jpeg&#8221;]<\/p>\n<div class=\"entry-content single56__content single56__post_content single56__body_area\">\n<p>Duminic\u0103, 30 august, a marcat \u00eencheierea oficial\u0103 a s\u0103rb\u0103torii ora\u0219ului, \u00eentr-o sear\u0103 care a adunat un num\u0103r impresionant de alex\u0103ndreni \u00een fa\u021ba scenei de spectacol. Ultima zi a evenimentului a reunit oameni de toate v\u00e2rstele, de la tineri dornici s\u0103-\u0219i asculte idolii din topurile muzicale, p\u00e2n\u0103 la familii \u00eentregi venite s\u0103 se bucure de ultimele momente festive ale weekendului. Atmosfera general\u0103 a fost una de mare s\u0103rb\u0103toare, completat\u0103 de un program artistic g\u00e2ndit s\u0103 acopere o diversitate larg\u0103 de genuri \u0219i preferin\u021be muzicale.<\/p>\n<p>De-a lungul \u00eentregii seri, buna desf\u0103\u0219urare a momentelor de pe scen\u0103 a fost coordonat\u0103 de prezentatorul MC Tom Cr\u00eengureanu. Acesta a men\u021binut constant dialogul cu spectatorii, a \u00eentre\u021binut buna dispozi\u021bie \u00eentre recitaluri \u0219i a preg\u0103tit publicul pentru marile apari\u021bii muzicale, asigur\u00e2nd o leg\u0103tur\u0103 cald\u0103 \u0219i fireasc\u0103 \u00eentre scen\u0103 \u0219i comunitatea adunat\u0103 \u00een num\u0103r mare.<\/p>\n<p>Startul spectacolului a fost dat la ora 19:00 \u00eentr-o manier\u0103 dinamic\u0103 \u0219i plin\u0103 de personalitate, prin recitalul sus\u021binut de C\u0103t\u0103lin Filip \u0219i elevii de la \u0218coala de Rock. Cu solo-uri de chitar\u0103 electric\u0103 bine lucrate, ritmuri alerte de tobe \u0219i o atitudine scenic\u0103 remarcabil\u0103, tinerii instrumenti\u0219ti \u0219i soli\u0219ti au cucerit instantaneu aplauzele publicului. Presta\u021bia lor a demonstrat nu doar mult\u0103 munc\u0103 \u0219i talent, ci \u0219i faptul c\u0103 muzica rock de calitate \u00ee\u0219i g\u0103se\u0219te un loc important \u00een r\u00e2ndul noii genera\u021bii din municipiu.<\/p>\n<p>Programul a continuat pe ritmuri moderne odat\u0103 cu apari\u021bia solistului Liviu Teodorescu. Artistul a oferit o presta\u021bie vocal\u0103 impecabil\u0103, interpret\u00e2nd piesele sale de succes care au adunat milioane de vizualiz\u0103ri \u0219i difuz\u0103ri pe radiourile din \u021bar\u0103. Publicul a reac\u021bionat imediat la piesele ritmate, dar \u0219i la baladele emo\u021bionante, c\u00e2nt\u00e2nd la unison fiecare refren \u0219i cre\u00e2nd o atmosfer\u0103 plin\u0103 de energie pozitiv\u0103.<\/p>\n<p>Stafeta muzical\u0103 a fost preluat\u0103 apoi de Ami, una dintre cele mai apreciate prezen\u021be feminine din muzica pop rom\u00e2neasc\u0103. Artista a adus pe scen\u0103 un mix atr\u0103g\u0103tor de hituri pop-dance \u0219i coregrafii bine puse la punct, \u021bin\u00e2nd spectatorii \u00een mi\u0219care pe toat\u0103 durata concertului. Cu o comunicare cald\u0103 \u0219i mult\u0103 deschidere c\u0103tre audien\u021b\u0103, Ami a men\u021binut nivelul de entuziasm la cote maxime, preg\u0103tind terenul pentru momentul culminant al \u00eentregii edi\u021bii.<\/p>\n<p>Punctul culminant al serii \u0219i al festivalului a sosit la ora 22:30, odat\u0103 cu urcarea pe scen\u0103 a trupei Voltaj, una dintre cele mai longevive \u0219i iubite forma\u021bii de pop-rock din Rom\u00e2nia. Concertul a fost o veritabil\u0103 explozie de for\u021b\u0103, refrene cunoscute \u0219i conexiune direct\u0103 cu publicul. Miile de oameni prezen\u021bi au fredonat \u00eentr-o singur\u0103 voce melodii celebre precum \u201eCa la 20 de ani\u201d, \u201eDin toat\u0103 inima\u201d, \u201ePic, pic\u201d sau \u201eAlbinu\u021ba\u201d, transform\u00e2nd \u00eentreaga zon\u0103 \u00eentr-un cor uria\u0219 \u00een aer liber. Membrii trupei au transmis un mesaj de solidaritate \u0219i energie pur\u0103, oferind un show complet care a marcat la cel mai \u00eenalt nivel s\u0103rb\u0103toarea comunit\u0103\u021bii.<\/p>\n<p>La ora 23:50, imediat dup\u0103 concertul trupei Voltaj, privirile tuturor s-au \u00eendreptat c\u0103tre cer pentru tradi\u021bionalul foc de artificii. Spectacolul pirotehnic, viu colorat \u0219i generos, a luminat noaptea Alexandriei minute \u00een \u0219ir \u00een aplauzele \u0219i ova\u021biile asisten\u021bei, pun\u00e2nd punct oficial edi\u021biei 2026 a Zilelor Municipiului Alexandria \u2013 o s\u0103rb\u0103toare care a demonstrat din nou for\u021ba comunit\u0103\u021bii, bucuria de a fi \u00eempreun\u0103 \u0219i dragostea pentru muzic\u0103 de calitate.<\/p>\n<figure class=\"wp-block-gallery has-nested-images columns-default is-cropped wp-block-gallery-1 is-layout-flex wp-block-gallery-is-layout-flex\">\n<figure class=\"wp-block-image size-large\"><a href=\"https:\/\/liberinteleorman.ro\/wp-content\/uploads\/2026\/08\/WhatsApp-Image-2026-08-31-at-01.39.081.jpeg\"><img decoding=\"async\" loading=\"lazy\" width=\"685\" height=\"1024\" data-id=\"43087\" src=\"https:\/\/liberinteleorman.ro\/wp-content\/uploads\/2026\/08\/WhatsApp-Image-2026-08-31-at-01.39.081-685x1024.jpeg\" alt class=\"wp-image-43087\"><\/a><\/figure>\n<figure class=\"wp-block-image size-large\"><a href=\"https:\/\/liberinteleorman.ro\/wp-content\/uploads\/2026\/08\/WhatsApp-Image-2026-08-31-at-01.39.063.jpeg\"><img decoding=\"async\" loading=\"lazy\" width=\"1024\" height=\"684\" data-id=\"43084\" src=\"https:\/\/liberinteleorman.ro\/wp-content\/uploads\/2026\/08\/WhatsApp-Image-2026-08-31-at-01.39.063-1024x684.jpeg\" alt class=\"wp-image-43084\"><\/a><\/figure>\n<figure class=\"wp-block-image size-large\"><a href=\"https:\/\/liberinteleorman.ro\/wp-content\/uploads\/2026\/08\/WhatsApp-Image-2026-08-31-at-01.39.062.jpeg\"><img decoding=\"async\" loading=\"lazy\" width=\"685\" height=\"1024\" data-id=\"43085\" src=\"https:\/\/liberinteleorman.ro\/wp-content\/uploads\/2026\/08\/WhatsApp-Image-2026-08-31-at-01.39.062-685x1024.jpeg\" alt class=\"wp-image-43085\"><\/a><\/figure>\n<figure class=\"wp-block-image size-large\"><a href=\"https:\/\/liberinteleorman.ro\/wp-content\/uploads\/2026\/08\/WhatsApp-Image-2026-08-31-at-01.39.061.jpeg\"><img decoding=\"async\" loading=\"lazy\" width=\"685\" height=\"1024\" data-id=\"43086\" src=\"https:\/\/liberinteleorman.ro\/wp-content\/uploads\/2026\/08\/WhatsApp-Image-2026-08-31-at-01.39.061-685x1024.jpeg\" alt class=\"wp-image-43086\"><\/a><\/figure>\n<figure class=\"wp-block-image size-large\"><a href=\"https:\/\/liberinteleorman.ro\/wp-content\/uploads\/2026\/08\/WhatsApp-Image-2026-08-31-at-01.39.06.jpeg\"><img decoding=\"async\" loading=\"lazy\" width=\"685\" height=\"1024\" data-id=\"43089\" src=\"https:\/\/liberinteleorman.ro\/wp-content\/uploads\/2026\/08\/WhatsApp-Image-2026-08-31-at-01.39.06-685x1024.jpeg\" alt class=\"wp-image-43089\"><\/a><\/figure>\n<figure class=\"wp-block-image size-large\"><a href=\"https:\/\/liberinteleorman.ro\/wp-content\/uploads\/2026\/08\/WhatsApp-Image-2026-08-31-at-01.39.051.jpeg\"><img decoding=\"async\" loading=\"lazy\" width=\"685\" height=\"1024\" data-id=\"43091\" src=\"https:\/\/liberinteleorman.ro\/wp-content\/uploads\/2026\/08\/WhatsApp-Image-2026-08-31-at-01.39.051-685x1024.jpeg\" alt class=\"wp-image-43091\"><\/a><\/figure>\n<figure class=\"wp-block-image size-large\"><a href=\"https:\/\/liberinteleorman.ro\/wp-content\/uploads\/2026\/08\/WhatsApp-Image-2026-08-31-at-01.39.05.jpeg\"><img decoding=\"async\" loading=\"lazy\" width=\"685\" height=\"1024\" data-id=\"43088\" src=\"https:\/\/liberinteleorman.ro\/wp-content\/uploads\/2026\/08\/WhatsApp-Image-2026-08-31-at-01.39.05-685x1024.jpeg\" alt class=\"wp-image-43088\"><\/a><\/figure>\n<figure class=\"wp-block-image size-large\"><a href=\"https:\/\/liberinteleorman.ro\/wp-content\/uploads\/2026\/08\/WhatsApp-Image-2026-08-31-at-01.39.041.jpeg\"><img decoding=\"async\" loading=\"lazy\" width=\"1024\" height=\"576\" data-id=\"43092\" src=\"https:\/\/liberinteleorman.ro\/wp-content\/uploads\/2026\/08\/WhatsApp-Image-2026-08-31-at-01.39.041-1024x576.jpeg\" alt class=\"wp-image-43092\"><\/a><\/figure>\n<figure class=\"wp-block-image size-large\"><a href=\"https:\/\/liberinteleorman.ro\/wp-content\/uploads\/2026\/08\/WhatsApp-Image-2026-08-31-at-01.39.04.jpeg\"><img decoding=\"async\" loading=\"lazy\" width=\"1024\" height=\"576\" data-id=\"43090\" src=\"https:\/\/liberinteleorman.ro\/wp-content\/uploads\/2026\/08\/WhatsApp-Image-2026-08-31-at-01.39.04-1024x576.jpeg\" alt class=\"wp-image-43090\"><\/a><\/figure>\n<figure class=\"wp-block-image size-large\"><a href=\"https:\/\/liberinteleorman.ro\/wp-content\/uploads\/2026\/08\/WhatsApp-Image-2026-08-31-at-01.39.034.jpeg\"><img decoding=\"async\" loading=\"lazy\" width=\"1024\" height=\"576\" data-id=\"43093\" src=\"https:\/\/liberinteleorman.ro\/wp-content\/uploads\/2026\/08\/WhatsApp-Image-2026-08-31-at-01.39.034-1024x576.jpeg\" alt class=\"wp-image-43093\"><\/a><\/figure>\n<figure class=\"wp-block-image size-large\"><a href=\"https:\/\/liberinteleorman.ro\/wp-content\/uploads\/2026\/08\/WhatsApp-Image-2026-08-31-at-01.39.033.jpeg\"><img decoding=\"async\" loading=\"lazy\" width=\"1024\" height=\"576\" data-id=\"43095\" src=\"https:\/\/liberinteleorman.ro\/wp-content\/uploads\/2026\/08\/WhatsApp-Image-2026-08-31-at-01.39.033-1024x576.jpeg\" alt class=\"wp-image-43095\"><\/a><\/figure>\n<figure class=\"wp-block-image size-large\"><a href=\"https:\/\/liberinteleorman.ro\/wp-content\/uploads\/2026\/08\/WhatsApp-Image-2026-08-31-at-01.39.032.jpeg\"><img decoding=\"async\" loading=\"lazy\" width=\"1024\" height=\"576\" data-id=\"43096\" src=\"https:\/\/liberinteleorman.ro\/wp-content\/uploads\/2026\/08\/WhatsApp-Image-2026-08-31-at-01.39.032-1024x576.jpeg\" alt class=\"wp-image-43096\"><\/a><\/figure>\n<figure class=\"wp-block-image size-large\"><a href=\"https:\/\/liberinteleorman.ro\/wp-content\/uploads\/2026\/08\/WhatsApp-Image-2026-08-31-at-01.39.031.jpeg\"><img decoding=\"async\" loading=\"lazy\" width=\"1024\" height=\"576\" data-id=\"43094\" src=\"https:\/\/liberinteleorman.ro\/wp-content\/uploads\/2026\/08\/WhatsApp-Image-2026-08-31-at-01.39.031-1024x576.jpeg\" alt class=\"wp-image-43094\"><\/a><\/figure>\n<figure class=\"wp-block-image size-large\"><a href=\"https:\/\/liberinteleorman.ro\/wp-content\/uploads\/2026\/08\/WhatsApp-Image-2026-08-31-at-01.39.03.jpeg\"><img decoding=\"async\" loading=\"lazy\" width=\"1024\" height=\"576\" data-id=\"43097\" src=\"https:\/\/liberinteleorman.ro\/wp-content\/uploads\/2026\/08\/WhatsApp-Image-2026-08-31-at-01.39.03-1024x576.jpeg\" alt class=\"wp-image-43097\"><\/a><\/figure>\n<\/figure>\n<\/div>\n<p>[analyse_source url=&#8221;https:\/\/liberinteleorman.ro\/final-grandios-pentru-zilele-municipiului-alexandria-2026-rock-live-hituri-pop-de-top-cu-voltaj-ami-si-liviu-teodorescu-incheiate-spectaculos-cu-un-foc-de-artificii-memorabil\/&#8221;]<\/p>\n","protected":false},"excerpt":{"rendered":"<p>[analyse_image type=&#8221;featured&#8221; src=&#8221;https:\/\/liberinteleorman.ro\/wp-content\/uploads\/2026\/08\/WhatsApp-Image-2026-08-31-at-01.39.035.jpeg&#8221;] Duminic\u0103, 30 august, a marcat \u00eencheierea oficial\u0103 a s\u0103rb\u0103torii ora\u0219ului, \u00eentr-o sear\u0103 care a adunat un num\u0103r impresionant de alex\u0103ndreni \u00een fa\u021ba scenei de spectacol. Ultima zi a evenimentului a reunit oameni de toate v\u00e2rstele, de la tineri dornici s\u0103-\u0219i asculte idolii din topurile muzicale, p\u00e2n\u0103 la familii \u00eentregi venite s\u0103 se [&hellip;]<\/p>\n","protected":false},"author":1,"featured_media":0,"comment_status":"open","ping_status":"","sticky":false,"template":"","format":"standard","meta":{"footnotes":""},"categories":[89],"tags":[226,181],"class_list":["post-2126066","post","type-post","status-publish","format-standard","hentry","category-romania","tag-crawlmanager","tag-liberinteleorman-ro"],"_links":{"self":[{"href":"https:\/\/analyse.optim.biz\/index.php?rest_route=\/wp\/v2\/posts\/2126066","targetHints":{"allow":["GET"]}}],"collection":[{"href":"https:\/\/analyse.optim.biz\/index.php?rest_route=\/wp\/v2\/posts"}],"about":[{"href":"https:\/\/analyse.optim.biz\/index.php?rest_route=\/wp\/v2\/types\/post"}],"author":[{"embeddable":true,"href":"https:\/\/analyse.optim.biz\/index.php?rest_route=\/wp\/v2\/users\/1"}],"replies":[{"embeddable":true,"href":"https:\/\/analyse.optim.biz\/index.php?rest_route=%2Fwp%2Fv2%2Fcomments&post=2126066"}],"version-history":[{"count":0,"href":"https:\/\/analyse.optim.biz\/index.php?rest_route=\/wp\/v2\/posts\/2126066\/revisions"}],"wp:attachment":[{"href":"https:\/\/analyse.optim.biz\/index.php?rest_route=%2Fwp%2Fv2%2Fmedia&parent=2126066"}],"wp:term":[{"taxonomy":"category","embeddable":true,"href":"https:\/\/analyse.optim.biz\/index.php?rest_route=%2Fwp%2Fv2%2Fcategories&post=2126066"},{"taxonomy":"post_tag","embeddable":true,"href":"https:\/\/analyse.optim.biz\/index.php?rest_route=%2Fwp%2Fv2%2Ftags&post=2126066"}],"curies":[{"name":"wp","href":"https:\/\/api.w.org\/{rel}","templated":true}]}}