{"id":2126064,"date":"2026-09-03T06:12:58","date_gmt":"2026-09-03T03:12:58","guid":{"rendered":"https:\/\/analyse.optim.biz\/?p=2126064"},"modified":"2026-09-03T06:12:58","modified_gmt":"2026-09-03T03:12:58","slug":"ziua-internationala-citeste-o-carte-ziarul-liber-in-teleorman","status":"publish","type":"post","link":"https:\/\/analyse.optim.biz\/?p=2126064","title":{"rendered":"Ziua Interna\u021bional\u0103 \u201eCite\u0219te o carte\u201d &#8211; Ziarul Liber in Teleorman"},"content":{"rendered":"<p>[analyse_image type=&#8221;featured&#8221; src=&#8221;https:\/\/liberinteleorman.ro\/wp-content\/uploads\/2026\/09\/IMG_1538.png&#8221;]<\/p>\n<div class=\"entry-content single56__content single56__post_content single56__body_area\">\n<p>Biblioteca Jude\u021bean\u0103 \u201eMarin Preda\u201d Teleorman marcheaz\u0103 vineri, 4 septembrie 2026,\u00a0ora 13.00,\u00a0Ziua Interna\u021bional\u0103 \u201eCite\u0219te o carte\u201d, prin organizarea unui atelier de lectur\u0103 dedicat copiilor\u00a0cu v\u00e2rsta cuprins\u0103 \u00eentre 6 \u0219i 14 ani.<\/p>\n<p>\u00cen cadrul atelierului,\u00a0care se va desf\u0103\u0219ura la Sala de lectur\u0103\u00a0\u201e\u0218tefan Mitroi\u201d,\u00a0copiii vor participa la activit\u0103\u021bi de lectur\u0103 ghidat\u0103, discu\u021bii despre personaje \u0219i \u00eent\u00e2mpl\u0103ri din c\u0103r\u021bile preferate, precum \u0219i exerci\u021bii creative inspirate din pove\u0219tile citite, menite s\u0103 le dezvolte imagina\u021bia \u0219i exprimarea.<\/p>\n<p>Ziua\u00a0Interna\u021bional\u0103\u00a0\u201eCite\u0219te o carte\u201d este un prilej de a reaminti rolul esen\u021bial al lecturii \u00een educa\u021bie \u0219i \u00een dezvoltarea personal\u0103. S\u0103rb\u0103torit\u0103 anual la \u00eenceputul lunii septembrie, aceast\u0103 zi \u00eei \u00eendeamn\u0103 pe oameni de toate v\u00e2rstele s\u0103 \u00ee\u0219i rezerve timp pentru o carte, s\u0103 redescopere pl\u0103cerea cititului \u0219i s\u0103 \u00eei \u00eencurajeze \u0219i pe cei din jur s\u0103 citeasc\u0103.<\/p>\n<p>Prin organizarea acestui atelier, Biblioteca Jude\u021bean\u0103 \u201eMarin Preda\u201d Teleorman continu\u0103 demersurile de promovare a lecturii \u00een r\u00e2ndul tinerei genera\u021bii \u0219i \u00ee\u0219i reafirm\u0103 rolul de spa\u021biu deschis educa\u021biei, culturii, dialogului \u0219i descoperirii.<\/p>\n<\/div>\n<p>[analyse_source url=&#8221;https:\/\/liberinteleorman.ro\/ziua-internationala-citeste-o-carte\/&#8221;]<\/p>\n","protected":false},"excerpt":{"rendered":"<p>[analyse_image type=&#8221;featured&#8221; src=&#8221;https:\/\/liberinteleorman.ro\/wp-content\/uploads\/2026\/09\/IMG_1538.png&#8221;] Biblioteca Jude\u021bean\u0103 \u201eMarin Preda\u201d Teleorman marcheaz\u0103 vineri, 4 septembrie 2026,\u00a0ora 13.00,\u00a0Ziua Interna\u021bional\u0103 \u201eCite\u0219te o carte\u201d, prin organizarea unui atelier de lectur\u0103 dedicat copiilor\u00a0cu v\u00e2rsta cuprins\u0103 \u00eentre 6 \u0219i 14 ani. \u00cen cadrul atelierului,\u00a0care se va desf\u0103\u0219ura la Sala de lectur\u0103\u00a0\u201e\u0218tefan Mitroi\u201d,\u00a0copiii vor participa la activit\u0103\u021bi de lectur\u0103 ghidat\u0103, discu\u021bii despre personaje \u0219i [&hellip;]<\/p>\n","protected":false},"author":1,"featured_media":0,"comment_status":"open","ping_status":"","sticky":false,"template":"","format":"standard","meta":{"footnotes":""},"categories":[89],"tags":[226,181],"class_list":["post-2126064","post","type-post","status-publish","format-standard","hentry","category-romania","tag-crawlmanager","tag-liberinteleorman-ro"],"_links":{"self":[{"href":"https:\/\/analyse.optim.biz\/index.php?rest_route=\/wp\/v2\/posts\/2126064","targetHints":{"allow":["GET"]}}],"collection":[{"href":"https:\/\/analyse.optim.biz\/index.php?rest_route=\/wp\/v2\/posts"}],"about":[{"href":"https:\/\/analyse.optim.biz\/index.php?rest_route=\/wp\/v2\/types\/post"}],"author":[{"embeddable":true,"href":"https:\/\/analyse.optim.biz\/index.php?rest_route=\/wp\/v2\/users\/1"}],"replies":[{"embeddable":true,"href":"https:\/\/analyse.optim.biz\/index.php?rest_route=%2Fwp%2Fv2%2Fcomments&post=2126064"}],"version-history":[{"count":0,"href":"https:\/\/analyse.optim.biz\/index.php?rest_route=\/wp\/v2\/posts\/2126064\/revisions"}],"wp:attachment":[{"href":"https:\/\/analyse.optim.biz\/index.php?rest_route=%2Fwp%2Fv2%2Fmedia&parent=2126064"}],"wp:term":[{"taxonomy":"category","embeddable":true,"href":"https:\/\/analyse.optim.biz\/index.php?rest_route=%2Fwp%2Fv2%2Fcategories&post=2126064"},{"taxonomy":"post_tag","embeddable":true,"href":"https:\/\/analyse.optim.biz\/index.php?rest_route=%2Fwp%2Fv2%2Ftags&post=2126064"}],"curies":[{"name":"wp","href":"https:\/\/api.w.org\/{rel}","templated":true}]}}