{"id":2126054,"date":"2026-09-03T08:22:00","date_gmt":"2026-09-03T05:22:00","guid":{"rendered":"https:\/\/analyse.optim.biz\/?p=2126054"},"modified":"2026-09-03T08:22:00","modified_gmt":"2026-09-03T05:22:00","slug":"video-doi-barbati-dupa-gratii-si-camioneta-confiscata-dupa-ce-au-fost-prinsi-cu-un-transport-ilegal-de-lemn-si-l-au-amenintat-cu-moartea-pe-activistul-dani-ghinghiloschi-de-fata-cu-politistii","status":"publish","type":"post","link":"https:\/\/analyse.optim.biz\/?p=2126054","title":{"rendered":"VIDEO Doi b\u0103rba\u021bi dup\u0103 gratii \u0219i camionet\u0103 confiscat\u0103 dup\u0103 ce au fost prin\u0219i cu un transport ilegal de lemn \u0219i l-au amenin\u021bat cu moartea pe activistul Dani Ghinghiloschi de fa\u021b\u0103 cu poli\u021bi\u0219tii"},"content":{"rendered":"<p>[analyse_image type=&#8221;featured&#8221; src=&#8221;https:\/\/blogger.googleusercontent.com\/img\/b\/R29vZ2xl\/AVvXsEgz7FCf85X2daLZlqx4dIYhYT_Y5RNClJXWI2pfRgcaEWHFXadMxVZXwWMG_-GezcthNJaBQBj0j5-aq_lWgD82gC5FTuxPbJndHo7AyAJGGWviKZmGAYdie9yLsIjIrGs5fGB-BPc4RXiqi4CBgynp5aM3IVPSTFoFpNzIdkQxqwfZ0xAtFQoG-i2TMOg\/w1600\/marginea-camioneta-lemn.jpeg&#8221;]<\/p>\n<div class=\"post-body entry-content\" id=\"post-body\">\n<div class=\"separator\"><a href=\"https:\/\/blogger.googleusercontent.com\/img\/b\/R29vZ2xl\/AVvXsEgz7FCf85X2daLZlqx4dIYhYT_Y5RNClJXWI2pfRgcaEWHFXadMxVZXwWMG_-GezcthNJaBQBj0j5-aq_lWgD82gC5FTuxPbJndHo7AyAJGGWviKZmGAYdie9yLsIjIrGs5fGB-BPc4RXiqi4CBgynp5aM3IVPSTFoFpNzIdkQxqwfZ0xAtFQoG-i2TMOg\/s1200\/marginea-camioneta-lemn.jpeg\"><img decoding=\"async\" alt=\"VIDEO Doi b\u0103rba\u021bi dup\u0103 gratii \u0219i camionet\u0103 confiscat\u0103 dup\u0103 ce au fost prin\u0219i cu un transport ilegal de lemn \u0219i l-au amenin\u021bat cu moartea pe activistul Dani Ghinghiloschi\" border=\"0\" height=\"335\" loading=\"lazy\" src=\"https:\/\/blogger.googleusercontent.com\/img\/b\/R29vZ2xl\/AVvXsEgz7FCf85X2daLZlqx4dIYhYT_Y5RNClJXWI2pfRgcaEWHFXadMxVZXwWMG_-GezcthNJaBQBj0j5-aq_lWgD82gC5FTuxPbJndHo7AyAJGGWviKZmGAYdie9yLsIjIrGs5fGB-BPc4RXiqi4CBgynp5aM3IVPSTFoFpNzIdkQxqwfZ0xAtFQoG-i2TMOg\/w640-h335-rw\/marginea-camioneta-lemn.jpeg\" title=\"VIDEO Doi b\u0103rba\u021bi dup\u0103 gratii \u0219i camionet\u0103 confiscat\u0103 dup\u0103 ce au fost prin\u0219i cu un transport ilegal de lemn \u0219i l-au amenin\u021bat cu moartea pe activistul Dani Ghinghiloschi\" width=\"640\"><\/a><\/div>\n<p><strong>Doi b\u0103rba\u021bi au fost re\u021binu\u021bi dup\u0103 gratii \u0219i o camionet\u0103 a fost confiscat\u0103 dup\u0103 ce suspec\u021bii au fost prini\u0219i transport\u00e2nd ilegal material lemnos \u0219i l-au amenin\u021bat cu moartea pe activistul civic Dani Ghinghiloschi, membru al grup\u0103rii Str\u0103jerii P\u0103durilor, cel care a sesizat autorit\u0103\u021bilor suspiciunea privind transportul ilegal.\u00a0<\/strong><\/p>\n<p>Totul s-a \u00eent\u00e2mplat mar\u021bi, 1 septembrie 2026. Personalul silvic din cadrul G\u0103rzii Forestiere Suceava \u0219i al Ocolului Silvic Marginea a inventariat \u00eenc\u0103rc\u0103tura unei autoutilitare la Cantonul Silvic Floca, stabilind c\u0103 \u0219oferul transporta 3,43 mc de lemn de foc (specia fag), \u00een valoare de 902 lei, f\u0103r\u0103 a de\u021bine aviz de \u00eenso\u021bire.<\/p>\n<p>\u00cen urma verific\u0103rilor extinse efectuate de poli\u021bi\u0219tii Sec\u021biei 3 Poli\u021bie Rural\u0103 Marginea, s-a descoperit c\u0103 \u0219oferul, Ciprian-Relu Boghean, mai fusese depistat la data de 13 august 2026 de poli\u021bi\u0219tii Sec\u021biei de Poli\u021bie Rual\u0103 Vama transport\u00e2nd ilegal alte 3,64 mc de lemn pe raza localit\u0103\u021bii Vatra Moldovi\u021bei. De\u0219i fiecare transport \u00een parte a fost sub limita de 5,01 mc, legea sanc\u021bioneaz\u0103 fapta s\u0103v\u00e2r\u0219it\u0103 \u00een mod repetat de cel pu\u021bin dou\u0103 ori \u00eentr-un an, dac\u0103 volumul cumulat dep\u0103\u0219e\u0219te aceast\u0103 limit\u0103.<\/p>\n<p>Astfel, la data de 2 septembrie, s-a dispus \u00eenceperea urm\u0103ririi penale \u00eempotriva sa pentru infrac\u021biunea de <em>\u201etransportul \u00een mod repetat de materiale lemnoase f\u0103r\u0103 provenien\u021b\u0103 legal\u0103\u201d<\/em>, conform art. 151 alin. (4) din Legea 331\/2024 (Codul Silvic). Mai mult, aplic\u00e2nd prevederile aceluia\u0219i articol, autorit\u0103\u021bile au dispus confiscarea obligatorie \u00een natur\u0103 a mijlocului de transport folosit, o dub\u0103 Iveco Daily 35C13 estimat\u0103 la 3.000 de euro, aceasta fiind indisponibilizat\u0103 \u0219i transportat\u0103 la parcul auto al IPJ Suceava din Stroie\u0219ti.<\/p>\n<h2>Scandal \u0219i amenin\u021b\u0103ri cu moartea pe o strad\u0103 din Marginea<\/h2>\n<p>Ancheta poli\u021bi\u0219tilor s-a extins \u0219i asupra altor fapte conexe. \u00cen timpul controlului rutier, la data de 1 septembrie 2026, \u00een jurul orei 20:30, Marius-Virgil Boghean se afla pe strada Speran\u021bei din comuna Marginea, unde i-a adresat lui D\u0103nu\u021b Ghinghiloschi amenin\u021b\u0103ri grave cu acte de violen\u021b\u0103, afectarea integrit\u0103\u021bii corporale \u0219i cu moartea, \u00eenso\u021bite de injurii. Prin aceste ac\u021biuni, b\u0103rbatul a st\u00e2rnit indignare public\u0103 \u0219i un sentiment de insecuritate. Imagini cu amenin\u021b\u0103rile adresate de individ au fost publicate pe <a href=\"https:\/\/www.facebook.com\/reel\/1209745304688367\">pagina de Facebook a lui Daniel Bodnar<\/a>.\u00a0<\/p>\n<p>\u00cen urma probatoriului administrat, poli\u021bi\u0219tii au dispus extinderea urm\u0103ririi penale \u201ein rem\u201d pentru tulburarea ordinii \u0219i lini\u0219tii publice, iar pe 2 septembrie au emis ordonan\u021be de re\u021binere pentru 24 de ore pe numele ambilor suspec\u021bi:<\/p>\n<ul>\n<li><strong>Marius-Virgil Boghean<\/strong> a fost re\u021binut pentru <em>\u201eamenin\u021bare\u201d<\/em> \u0219i <em>\u201etulburarea ordinii \u0219i lini\u0219tii publice\u201d;<\/em><\/li>\n<li><strong>Ciprian-Relu Boghean<\/strong> a fost re\u021binut pentru infrac\u021biuni la regimul silvic privind transportul repetat de material lemnos f\u0103r\u0103 acte.<\/li>\n<\/ul>\n<p>Cei doi b\u0103rba\u021bi au fost escorta\u021bi \u0219i introdu\u0219i \u00een Centrul de Re\u021binere \u0219i Arestare Preventiv\u0103 al IPJ Suceava, cercet\u0103rile continu\u00e2nd sub coordonarea organelor de poli\u021bie pentru definitivarea cazului.<\/p>\n<p><b><span>VIDEO:<\/span><\/b><\/p>\n<div><iframe loading=\"lazy\" allow=\"accelerometer; autoplay; clipboard-write; encrypted-media; gyroscope; picture-in-picture; web-share\" allowfullscreen frameborder height=\"560\" src=\"https:\/\/www.youtube.com\/embed\/uf50jXXuDaI\" title=\"YouTube video player\" width=\"315\"><\/iframe><\/div>\n<\/div>\n<div class=\"post-body entry-content\" id=\"post-body\">\n<div class=\"separator\"><a href=\"https:\/\/blogger.googleusercontent.com\/img\/b\/R29vZ2xl\/AVvXsEgz7FCf85X2daLZlqx4dIYhYT_Y5RNClJXWI2pfRgcaEWHFXadMxVZXwWMG_-GezcthNJaBQBj0j5-aq_lWgD82gC5FTuxPbJndHo7AyAJGGWviKZmGAYdie9yLsIjIrGs5fGB-BPc4RXiqi4CBgynp5aM3IVPSTFoFpNzIdkQxqwfZ0xAtFQoG-i2TMOg\/s1200\/marginea-camioneta-lemn.jpeg\"><img decoding=\"async\" alt=\"VIDEO Doi b\u0103rba\u021bi dup\u0103 gratii \u0219i camionet\u0103 confiscat\u0103 dup\u0103 ce au fost prin\u0219i cu un transport ilegal de lemn \u0219i l-au amenin\u021bat cu moartea pe activistul Dani Ghinghiloschi\" border=\"0\" height=\"335\" loading=\"lazy\" src=\"https:\/\/blogger.googleusercontent.com\/img\/b\/R29vZ2xl\/AVvXsEgz7FCf85X2daLZlqx4dIYhYT_Y5RNClJXWI2pfRgcaEWHFXadMxVZXwWMG_-GezcthNJaBQBj0j5-aq_lWgD82gC5FTuxPbJndHo7AyAJGGWviKZmGAYdie9yLsIjIrGs5fGB-BPc4RXiqi4CBgynp5aM3IVPSTFoFpNzIdkQxqwfZ0xAtFQoG-i2TMOg\/w640-h335-rw\/marginea-camioneta-lemn.jpeg\" title=\"VIDEO Doi b\u0103rba\u021bi dup\u0103 gratii \u0219i camionet\u0103 confiscat\u0103 dup\u0103 ce au fost prin\u0219i cu un transport ilegal de lemn \u0219i l-au amenin\u021bat cu moartea pe activistul Dani Ghinghiloschi\" width=\"640\"><\/a><\/div>\n<p><strong>Doi b\u0103rba\u021bi au fost re\u021binu\u021bi dup\u0103 gratii \u0219i o camionet\u0103 a fost confiscat\u0103 dup\u0103 ce suspec\u021bii au fost prini\u0219i transport\u00e2nd ilegal material lemnos \u0219i l-au amenin\u021bat cu moartea pe activistul civic Dani Ghinghiloschi, membru al grup\u0103rii Str\u0103jerii P\u0103durilor, cel care a sesizat autorit\u0103\u021bilor suspiciunea privind transportul ilegal.\u00a0<\/strong><\/p>\n<p>Totul s-a \u00eent\u00e2mplat mar\u021bi, 1 septembrie 2026. Personalul silvic din cadrul G\u0103rzii Forestiere Suceava \u0219i al Ocolului Silvic Marginea a inventariat \u00eenc\u0103rc\u0103tura unei autoutilitare la Cantonul Silvic Floca, stabilind c\u0103 \u0219oferul transporta 3,43 mc de lemn de foc (specia fag), \u00een valoare de 902 lei, f\u0103r\u0103 a de\u021bine aviz de \u00eenso\u021bire.<\/p>\n<p>\u00cen urma verific\u0103rilor extinse efectuate de poli\u021bi\u0219tii Sec\u021biei 3 Poli\u021bie Rural\u0103 Marginea, s-a descoperit c\u0103 \u0219oferul, Ciprian-Relu Boghean, mai fusese depistat la data de 13 august 2026 de poli\u021bi\u0219tii Sec\u021biei de Poli\u021bie Rual\u0103 Vama transport\u00e2nd ilegal alte 3,64 mc de lemn pe raza localit\u0103\u021bii Vatra Moldovi\u021bei. De\u0219i fiecare transport \u00een parte a fost sub limita de 5,01 mc, legea sanc\u021bioneaz\u0103 fapta s\u0103v\u00e2r\u0219it\u0103 \u00een mod repetat de cel pu\u021bin dou\u0103 ori \u00eentr-un an, dac\u0103 volumul cumulat dep\u0103\u0219e\u0219te aceast\u0103 limit\u0103.<\/p>\n<p>Astfel, la data de 2 septembrie, s-a dispus \u00eenceperea urm\u0103ririi penale \u00eempotriva sa pentru infrac\u021biunea de <em>\u201etransportul \u00een mod repetat de materiale lemnoase f\u0103r\u0103 provenien\u021b\u0103 legal\u0103\u201d<\/em>, conform art. 151 alin. (4) din Legea 331\/2024 (Codul Silvic). Mai mult, aplic\u00e2nd prevederile aceluia\u0219i articol, autorit\u0103\u021bile au dispus confiscarea obligatorie \u00een natur\u0103 a mijlocului de transport folosit, o dub\u0103 Iveco Daily 35C13 estimat\u0103 la 3.000 de euro, aceasta fiind indisponibilizat\u0103 \u0219i transportat\u0103 la parcul auto al IPJ Suceava din Stroie\u0219ti.<\/p>\n<h2>Scandal \u0219i amenin\u021b\u0103ri cu moartea pe o strad\u0103 din Marginea<\/h2>\n<p>Ancheta poli\u021bi\u0219tilor s-a extins \u0219i asupra altor fapte conexe. \u00cen timpul controlului rutier, la data de 1 septembrie 2026, \u00een jurul orei 20:30, Marius-Virgil Boghean se afla pe strada Speran\u021bei din comuna Marginea, unde i-a adresat lui D\u0103nu\u021b Ghinghiloschi amenin\u021b\u0103ri grave cu acte de violen\u021b\u0103, afectarea integrit\u0103\u021bii corporale \u0219i cu moartea, \u00eenso\u021bite de injurii. Prin aceste ac\u021biuni, b\u0103rbatul a st\u00e2rnit indignare public\u0103 \u0219i un sentiment de insecuritate. Imagini cu amenin\u021b\u0103rile adresate de individ au fost publicate pe <a href=\"https:\/\/www.facebook.com\/reel\/1209745304688367\">pagina de Facebook a lui Daniel Bodnar<\/a>.\u00a0<\/p>\n<p>\u00cen urma probatoriului administrat, poli\u021bi\u0219tii au dispus extinderea urm\u0103ririi penale \u201ein rem\u201d pentru tulburarea ordinii \u0219i lini\u0219tii publice, iar pe 2 septembrie au emis ordonan\u021be de re\u021binere pentru 24 de ore pe numele ambilor suspec\u021bi:<\/p>\n<ul>\n<li><strong>Marius-Virgil Boghean<\/strong> a fost re\u021binut pentru <em>\u201eamenin\u021bare\u201d<\/em> \u0219i <em>\u201etulburarea ordinii \u0219i lini\u0219tii publice\u201d;<\/em><\/li>\n<li><strong>Ciprian-Relu Boghean<\/strong> a fost re\u021binut pentru infrac\u021biuni la regimul silvic privind transportul repetat de material lemnos f\u0103r\u0103 acte.<\/li>\n<\/ul>\n<p>Cei doi b\u0103rba\u021bi au fost escorta\u021bi \u0219i introdu\u0219i \u00een Centrul de Re\u021binere \u0219i Arestare Preventiv\u0103 al IPJ Suceava, cercet\u0103rile continu\u00e2nd sub coordonarea organelor de poli\u021bie pentru definitivarea cazului.<\/p>\n<p><b><span>VIDEO:<\/span><\/b><\/p>\n<div><iframe loading=\"lazy\" allow=\"accelerometer; autoplay; clipboard-write; encrypted-media; gyroscope; picture-in-picture; web-share\" allowfullscreen frameborder height=\"560\" src=\"https:\/\/www.youtube.com\/embed\/uf50jXXuDaI\" title=\"YouTube video player\" width=\"315\"><\/iframe><\/div>\n<\/div>\n<p>[analyse_source url=&#8221;https:\/\/www.stirisuceava.net\/2026\/09\/video-doi-barbati-dupa-gratii-si.html&#8221;]<\/p>\n","protected":false},"excerpt":{"rendered":"<p>[analyse_image type=&#8221;featured&#8221; src=&#8221;https:\/\/blogger.googleusercontent.com\/img\/b\/R29vZ2xl\/AVvXsEgz7FCf85X2daLZlqx4dIYhYT_Y5RNClJXWI2pfRgcaEWHFXadMxVZXwWMG_-GezcthNJaBQBj0j5-aq_lWgD82gC5FTuxPbJndHo7AyAJGGWviKZmGAYdie9yLsIjIrGs5fGB-BPc4RXiqi4CBgynp5aM3IVPSTFoFpNzIdkQxqwfZ0xAtFQoG-i2TMOg\/w1600\/marginea-camioneta-lemn.jpeg&#8221;] Doi b\u0103rba\u021bi au fost re\u021binu\u021bi dup\u0103 gratii \u0219i o camionet\u0103 a fost confiscat\u0103 dup\u0103 ce suspec\u021bii au fost prini\u0219i transport\u00e2nd ilegal material lemnos \u0219i l-au amenin\u021bat cu moartea pe activistul civic Dani Ghinghiloschi, membru al grup\u0103rii Str\u0103jerii P\u0103durilor, cel care a sesizat autorit\u0103\u021bilor suspiciunea privind transportul ilegal.\u00a0 Totul s-a \u00eent\u00e2mplat mar\u021bi, 1 [&hellip;]<\/p>\n","protected":false},"author":1,"featured_media":0,"comment_status":"open","ping_status":"","sticky":false,"template":"","format":"standard","meta":{"footnotes":""},"categories":[89],"tags":[226,172],"class_list":["post-2126054","post","type-post","status-publish","format-standard","hentry","category-romania","tag-crawlmanager","tag-stirisuceava-net"],"_links":{"self":[{"href":"https:\/\/analyse.optim.biz\/index.php?rest_route=\/wp\/v2\/posts\/2126054","targetHints":{"allow":["GET"]}}],"collection":[{"href":"https:\/\/analyse.optim.biz\/index.php?rest_route=\/wp\/v2\/posts"}],"about":[{"href":"https:\/\/analyse.optim.biz\/index.php?rest_route=\/wp\/v2\/types\/post"}],"author":[{"embeddable":true,"href":"https:\/\/analyse.optim.biz\/index.php?rest_route=\/wp\/v2\/users\/1"}],"replies":[{"embeddable":true,"href":"https:\/\/analyse.optim.biz\/index.php?rest_route=%2Fwp%2Fv2%2Fcomments&post=2126054"}],"version-history":[{"count":0,"href":"https:\/\/analyse.optim.biz\/index.php?rest_route=\/wp\/v2\/posts\/2126054\/revisions"}],"wp:attachment":[{"href":"https:\/\/analyse.optim.biz\/index.php?rest_route=%2Fwp%2Fv2%2Fmedia&parent=2126054"}],"wp:term":[{"taxonomy":"category","embeddable":true,"href":"https:\/\/analyse.optim.biz\/index.php?rest_route=%2Fwp%2Fv2%2Fcategories&post=2126054"},{"taxonomy":"post_tag","embeddable":true,"href":"https:\/\/analyse.optim.biz\/index.php?rest_route=%2Fwp%2Fv2%2Ftags&post=2126054"}],"curies":[{"name":"wp","href":"https:\/\/api.w.org\/{rel}","templated":true}]}}