{"id":2126027,"date":"2026-09-03T09:32:18","date_gmt":"2026-09-03T06:32:18","guid":{"rendered":"https:\/\/analyse.optim.biz\/?p=2126027"},"modified":"2026-09-03T09:32:18","modified_gmt":"2026-09-03T06:32:18","slug":"mirosul-insuportabil-din-bucuresti-si-ilfov-anchetat-de-garda-de-mediu-amenzi-de-800-000-de-lei-si-trei-activitati-sistate","status":"publish","type":"post","link":"https:\/\/analyse.optim.biz\/?p=2126027","title":{"rendered":"Mirosul insuportabil din Bucure\u0219ti \u0219i Ilfov, anchetat de Garda de Mediu: amenzi de 800.000 de lei \u0219i trei activit\u0103\u021bi sistate"},"content":{"rendered":"<p>[analyse_image type=&#8221;featured&#8221; src=&#8221;https:\/\/60m.ro\/wp-content\/uploads\/2026\/09\/glina_DygH3.webp&#8221;]<\/p>\n<div class=\"articleBody\" data-key=\"articleBody\">\nGarda Na\u0163ional\u0103 de Mediu\u00a0anun\u0163\u0103 amenzi de 795.000 de lei, trei sist\u0103ri de activitate, o sesizare penal\u0103 \u015fi un utilaj confiscat, \u00een urma celor 55 de controale ini\u0163iate ca r\u0103spuns la sesiz\u0103rile privind\u00a0mirosul insuportabil resim\u0163it puternic \u00een\u00a0Bucure\u015fti\u00a0\u015fi Ilfov, pe 17 \u015fi 18 august. Comisarii de mediu au identificat dou\u0103 surse probabile ale acestuia \u015fi au sanc\u0163ionat operatorii depozitului de de\u015feuri Vidra \u015fi ai\u00a0sta\u0163iei de epurare\u00a0de la\u00a0Glina, precum \u015fi al\u0163i operatori \u015fi agen\u0163i economici, pentru diverse neconformit\u0103\u0163i de mediu descoperite. \u00cen urma raportului f\u0103cut public, conducerea GNM solicit\u0103 oficial Ministerului S\u0103n\u0103t\u0103\u0163ii \u015fi Ministerului Mediului emiterea unui ordin comun care s\u0103 implice direc\u0163iile de s\u0103n\u0103tate public\u0103 \u00een ac\u0163iunile de control. \u00cen opinia exper\u0163ilor GNM, problemele de fond sunt legisla\u0163ia latent\u0103 \u015fi lipsa corel\u0103rii \u00eentre disconfortul olfactiv \u015fi starea de s\u0103n\u0103tate a popula\u0163iei.<\/p>\n<p>Garda Na\u0163ional\u0103 de Mediu arat\u0103 c\u0103 a trimis, \u00een ultimul an \u015fi jum\u0103tate, 3.750 de sesiz\u0103ri c\u0103tre DSP, pentru situa\u0163ii \u00een care a fost reclamat disconfort olfactiv disociat de poluare.<\/p>\n<p>\u201eDou\u0103 surse poten\u0163iale ale disconfortului olfactiv resim\u0163it puternic \u00een mai multe zile din august, at\u00e2t \u00een Bucure\u015fti, c\u00e2t \u015fi \u00een Ilfov, sunt depozitul de de\u015feuri de la Vidra \u015fi sta\u0163ia de epurare de la Glina. Sanc\u0163iunile pentru operatori au venit \u00eempreun\u0103 cu 22 de m\u0103suri de conformare pe care le vom verifica recurent. Am \u00eenaintat raportul ac\u0163iunii din 17\u201327 august 2026 c\u0103tre Ministerul S\u0103n\u0103t\u0103\u0163ii, pentru c\u0103 exist\u0103 obliga\u0163ia investig\u0103rii de c\u0103tre autoritatea de s\u0103n\u0103tate public\u0103 a efectului pe care evenimentul din 17\u201318 august l-a avut asupra s\u0103n\u0103t\u0103\u0163ii popula\u0163iei\u201d, afirm\u0103 Andrei Corlan, comisar general al G\u0103rzii Na\u0163ionale de Mediu.<\/p>\n<p>Sursa citat\u0103 adaug\u0103 c\u0103 a solicitat Ministerului Mediului urgentarea procedurilor privind aprobarea unui ordin comun cu Ministerul S\u0103n\u0103t\u0103\u0163ii, prin care speciali\u015fti din structurile de control \u00een domeniul s\u0103n\u0103t\u0103\u0163ii popula\u0163iei s\u0103 fie angrena\u0163i \u00een controlul unor obiective industriale.<\/p>\n<p>\u201eDevine evident faptul c\u0103 impactul poten\u0163ial \u015fi impactul concret al unor instala\u0163ii trebuie s\u0103 fie evaluate at\u00e2t din punct de vedere al protec\u0163iei mediului, c\u00e2t \u015fi din punct de vedere al s\u0103n\u0103t\u0103\u0163ii umane\u201d, mai spune Corlan.<\/p>\n<p>Control integrat \u015fi plan comun de verificare \u00een Bucure\u015fti \u015fi Ilfov<\/p>\n<p>Exper\u0163ii G\u0103rzii Na\u0163ionale de Mediu au distribuit cele peste 1.300 de sesiz\u0103ri de disconfort olfactiv pe hart\u0103, iar distribu\u0163ia a indicat o concentra\u0163ie major\u0103 a sesiz\u0103rilor \u00een Sectorul 4, dar \u015fi o arie larg\u0103 de afectare \u00een zona de sud-sud-est a zonei Bucure\u015fti-Ilfov.<\/p>\n<p>\u201eEste foarte important de men\u0163ionat c\u0103, inclusiv din cauza resim\u0163irii subiective a mirosului de c\u0103tre cet\u0103\u0163eni, sesiz\u0103rile au descris mirosuri diferite: miros de levigat \u015fi de\u015feuri, mirosuri asociate hidrogenului sulfurat \u015fi miros de substan\u0163e chimice. Planificarea controlului a \u0163inut cont de aspectele sesizate, de arealul de unde au provenit sesiz\u0103rile \u015fi de datele privind calitatea aerului primite de la Agen\u0163ia Na\u0163ional\u0103 de Mediu \u015fi Arii Protejate. Au fost vizate activit\u0103\u0163i cu poten\u0163ialul de a emana un miros suficient de puternic \u00eenc\u00e2t s\u0103 fie resim\u0163it concomitent \u00een arii mari din dou\u0103 jude\u0163e. Comisarii GNM nu au c\u0103utat un vinovat convenabil, ci au analizat mai multe categorii de activit\u0103\u0163i cu poten\u0163ial de a genera emisii odorante\u201d, explic\u0103 reprezentan\u0163ii GNM.<\/p>\n<p>Ac\u0163iunile de control s-au concentrat pe operatori care desf\u0103\u015foar\u0103 activit\u0103\u0163i de gestionare a de\u015feurilor, epurarea apelor, procesarea c\u0103rnii, produc\u0163ia de medicamente \u015fi acoperiri galvanice, precum \u015fi pe operatori ale c\u0103ror activit\u0103\u0163i pot genera emisii sau mirosuri, inclusiv vidanjarea \u015fi gestionarea foselor ecologice.<\/p>\n<p>Neconformit\u0103\u0163i la depozitul de la Vidra<\/p>\n<p>Potrivit sursei citate, mai multe neconformit\u0103\u0163i au fost constatate \u00een monitorizarea tehnologic\u0103 a depozitului de de\u015feuri de la Vidra, cu poten\u0163ial de a genera mirosuri puternice. Spre exemplu, gazele de depozit au fost captate incomplet, ca urmare a tas\u0103rii insuficiente a de\u015feurilor depozitate. \u00cen cazurile de etan\u015fare necorespunz\u0103toare se poate favoriza migrarea necontrolat\u0103 a gazului de depozit \u00een atmosfer\u0103.<\/p>\n<p>\u201ePentru nerealizarea monitoriz\u0103rii tehnologice corespunz\u0103toare, operatorul a fost sanc\u0163ionat cu 40.000 de lei. Exper\u0163ii GNM au dispus, \u00een urma controlului, 11 m\u0103suri de conformare care urm\u0103resc inclusiv limitarea disconfortului olfactiv asociat activit\u0103\u0163ii de depozitare\u201d, precizeaz\u0103 reprezentan\u0163ii GNM.<\/p>\n<p>Instala\u0163ii nefunc\u0163ionale la sta\u0163ia de epurare de la Glina<\/p>\n<p>Sursa citat\u0103 afirm\u0103 c\u0103 deficien\u0163ele constatate la sta\u0163ia de epurare de la Glina pot indica o corela\u0163ie \u00eentre mirosul resim\u0163it \u00een zilele de 17\u201318 august \u00een Bucure\u015fti \u015fi Ilfov \u015fi nefunc\u0163ionarea sau aplicarea necorespunz\u0103toare a unor sisteme \u015fi proceduri privind gestionarea n\u0103molului rezultat \u015fi a biogazului produs, \u00een acela\u015fi interval de timp.<\/p>\n<p>Potrivit comisarilor de mediu, volumul maxim de sesiz\u0103ri privind disconfortul olfactiv se suprapune peste nefunc\u0163ionarea unor sisteme de odorizare \u015fi neutralizare a mirosului, transportul n\u0103molului nedeshidratat, stocarea deficitar\u0103 a biogazului \u015fi eliberarea acestuia \u00een atmosfer\u0103. Controlul a relevat c\u0103, de\u015fi au fost constatate intern disfunc\u0163ionalit\u0103\u0163i, acestea nu au fost raportate \u015fi remediate.<\/p>\n<p>Pentru o prezentare sintetic\u0103 a aspectelor constatate, GNM grupeaz\u0103 neconformit\u0103\u0163ile \u00een patru categorii.<\/p>\n<p>Astfel, prima categorie o reprezint\u0103 disfunc\u0163ionalit\u0103\u0163ile \u00een instala\u0163ia de deshidratare avansat\u0103 a n\u0103molului. Potrivit comisarilor de mediu, incintele de deshidratare a n\u0103molului func\u0163ionau cu u\u015file larg deschise, ceea ce anuleaz\u0103 orice regim de depresiune care poate capta emisiile olfactive, fiind \u201eu\u015for demonstrabil\u0103 eliberarea necontrolat\u0103 de aer viciat \u00een atmosfer\u0103\u201d. De asemenea, n\u0103molul deshidratat era evacuat \u00een containere deschise, proces care genereaz\u0103, de asemenea, disconfort olfactiv. Exper\u0163ii GNM au inspectat halele \u00een condi\u0163iile de func\u0163ionare a unei singure centrifuge \u015fi au constatat o acumulare masiv\u0103 de gaze rezultate din proces.<\/p>\n<p>Comisarii de mediu au mai constatat c\u0103 \u00een perioada care corespunde celui mai mare volum de sesiz\u0103ri privind disconfortul olfactiv, rapoartele studiate indic\u0103 func\u0163ionarea tuturor celor trei centrifuge, ceea ce a condus la eliminarea unei cantit\u0103\u0163i masive de aer viciat direct pe amplasament. Mai mult dec\u00e2t at\u00e2t, operarea simultan\u0103 a celor trei centrifuge s-a oprit la ora 9:00 \u00een data de 18, ceea ce poate fi corelat cu sc\u0103derea exponen\u0163ial\u0103 a sesiz\u0103rilor din teren, deci cu oprirea efectiv\u0103 a disconfortului olfactiv resim\u0163it de bucure\u015fteni.<\/p>\n<p>O a doua categorie vizeaz\u0103 transportul n\u0103molului nedeshidratat, de natur\u0103 s\u0103 emane un miros puternic \u00een atmosfer\u0103. Astfel, prin verificarea unui transport din sta\u0163ie, exper\u0163ii GNM au descoperit \u00eenc\u0103rcarea acestuia cu n\u0103mol nedeshidratat.<\/p>\n<p>\u201eN\u0103molul prezenta un miros pestilen\u0163ial puternic, care s-a difuzat pe o suprafa\u0163\u0103 mare a amplasamentului, iar aspectul acestuia era umed, p\u0103stos \u015fi de culoare neagr\u0103 \u00eenchis\u0103\u201d, precizeaz\u0103 aceea\u015fi surs\u0103.<\/p>\n<p>A treia categorie prive\u015fte gestionarea necorespunz\u0103toare a nivelurilor de biogaz din instala\u0163ia de cogenerare. Potrivit comisarilor de mediu, \u00een 18 august, sistemul de biogaz a \u00eenregistrat o succesiune critic\u0103 de evenimente. Astfel, nivelurile de biogaz, \u00een toate cele trei rezervoare, s-au situat sub pragurile minime obligatorii prev\u0103zute \u00een autoriza\u0163ia de mediu. \u00centr-o asemenea situa\u0163ie, de epuizare a volumului de stocare a biogazului \u00een rezervoare, prin suprapresiune \u015fi deschiderea supapelor de siguran\u0163\u0103 cu care instala\u0163ia este prev\u0103zut\u0103, se poate elibera biogaz direct \u00een atmosfer\u0103.<\/p>\n<p>\u201eLa polul opus, \u00een aceea\u015fi zi, unul dintre rezervoarele de stocare a urcat brusc la un nivel de umplere de 92%, demonstr\u00e2nd oscila\u0163ii majore \u00een fluxul tehnologic. Preciz\u0103m c\u0103 sc\u0103derile sub pragul minim de stocare nu au generat nicio alarm\u0103, de\u015fi instala\u0163iile au fost prev\u0103zute cu senzori, ceea ce genereaz\u0103 ipoteza unor evacu\u0103ri necontrolate sau a unor disfunc\u0163ionalit\u0103\u0163i majore \u00een gestionarea biogazului\u201d, adaug\u0103 aceea\u015fi surs\u0103.<\/p>\n<p>Ultima categorie de neconformit\u0103\u0163i descoperite de comisarii de mediu vizeaz\u0103 instala\u0163iile de odorizare \u015fi neutralizare a mirosurilor, care erau nefunc\u0163ionale pe rampa de de\u015feuri.<\/p>\n<p>\u201eProcesul de epurare presupune producerea de de\u015feuri de n\u0103mol care, dup\u0103 procesul de deshidratare, sunt stocate pe rampe dedicate. Concomitent, de\u015feurile care rezult\u0103 din activitatea de mentenan\u0163\u0103, altele dec\u00e2t n\u0103molul, sunt stocate \u00een aceea\u015fi zon\u0103, pe rampe diferite. Dou\u0103 din cele patru instala\u0163ii de odorizare \u015fi neutralizare cu care sunt dotate rampele de n\u0103mol \u015fi de\u015feuri nu erau func\u0163ionale\u201d, adaug\u0103 sursa citat\u0103.<\/p>\n<p>Legisla\u0163ie latent\u0103 \u015fi lipsa corel\u0103rii \u00eentre mirosul insuportabil \u015fi s\u0103n\u0103tatea popula\u0163iei<\/p>\n<p>Ac\u0163iunile de control ale GNM identific\u0103 \u015fi remediaz\u0103 probleme punctuale care pot avea sau nu un efect corelativ \u00eentre neconformit\u0103\u0163ile de mediu \u015fi disconfortul olfactiv resim\u0163it de popula\u0163ie. \u00cen opinia exper\u0163ilor GNM, felul \u00een care legisla\u0163ia actual\u0103 abordeaz\u0103 problema mirosului, decuplat\u0103 de orice tip de inspec\u0163ie, studiu sau control privind s\u0103n\u0103tatea public\u0103, este incorect.<\/p>\n<p>Raportul de control cuprinde, pe l\u00e2ng\u0103 raportarea neconformit\u0103\u0163ilor \u015fi a datelor analizate, un set de propuneri de modificare a legisla\u0163iei, inclusiv \u00een vederea emiterii unui ordin comun \u00eentre mini\u015ftrii S\u0103n\u0103t\u0103\u0163ii \u015fi Mediului, pentru o abordare unitar\u0103 a procedurii \u015fi un control comun GNM\/DSP \u00een orice situa\u0163ie \u00een care cet\u0103\u0163enii reclam\u0103 mirosuri puternice, persistente, pestilen\u0163iale \u00eentr-o anumit\u0103 arie.<\/p>\n<p>\u201eAvem nevoie de criterii tehnice obiective \u015fi clare care s\u0103 depisteze, s\u0103 m\u0103soare \u015fi s\u0103 abordeze unitar \u015fi integrat disconfortul olfactiv, pentru c\u0103 nu vorbim exclusiv de o problem\u0103 de mediu. G\u00e2ndi\u0163i-v\u0103 c\u0103, \u00een timp ce peste 1.300 de cet\u0103\u0163eni din Bucure\u015fti \u015fi Ilfov ne sesizau prezen\u0163a unui miros greu de suportat, m\u0103sur\u0103torile oficiale nu au \u00eenregistrat dep\u0103\u015firi ale limitelor de poluare. De ce? Pentru c\u0103, \u00eenainte ca disconfortul olfactiv s\u0103 fie o problem\u0103 de mediu conform cadrului legal actual, poate fi o grav\u0103 problem\u0103 de s\u0103n\u0103tate public\u0103\u201d, a explicat comisarul general al G\u0103rzii Na\u0163ionale de Mediu.<\/p>\n<p>Reprezentan\u0163ii GNM mai transmit c\u0103, \u00een 2026, Garda Na\u0163ional\u0103 de Mediu a transmis c\u0103tre Direc\u0163iile de S\u0103n\u0103tate Public\u0103 3.750 de sesiz\u0103ri punctuale, \u00eenso\u0163ite de date, inclusiv privind situa\u0163ii de disconfort olfactiv.<\/p>\n<\/div>\n<p>[analyse_source url=&#8221;https:\/\/60m.ro\/mirosul-insuportabil-din-bucuresti-si-ilfov-anchetat-de-garda-de-mediu-amenzi-de-800-000-de-lei-si-trei-activitati-sistate\/&#8221;]<\/p>\n","protected":false},"excerpt":{"rendered":"<p>[analyse_image type=&#8221;featured&#8221; src=&#8221;https:\/\/60m.ro\/wp-content\/uploads\/2026\/09\/glina_DygH3.webp&#8221;] Garda Na\u0163ional\u0103 de Mediu\u00a0anun\u0163\u0103 amenzi de 795.000 de lei, trei sist\u0103ri de activitate, o sesizare penal\u0103 \u015fi un utilaj confiscat, \u00een urma celor 55 de controale ini\u0163iate ca r\u0103spuns la sesiz\u0103rile privind\u00a0mirosul insuportabil resim\u0163it puternic \u00een\u00a0Bucure\u015fti\u00a0\u015fi Ilfov, pe 17 \u015fi 18 august. Comisarii de mediu au identificat dou\u0103 surse probabile ale acestuia [&hellip;]<\/p>\n","protected":false},"author":1,"featured_media":0,"comment_status":"open","ping_status":"","sticky":false,"template":"","format":"standard","meta":{"footnotes":""},"categories":[89],"tags":[100,226],"class_list":["post-2126027","post","type-post","status-publish","format-standard","hentry","category-romania","tag-60m-ro","tag-crawlmanager"],"_links":{"self":[{"href":"https:\/\/analyse.optim.biz\/index.php?rest_route=\/wp\/v2\/posts\/2126027","targetHints":{"allow":["GET"]}}],"collection":[{"href":"https:\/\/analyse.optim.biz\/index.php?rest_route=\/wp\/v2\/posts"}],"about":[{"href":"https:\/\/analyse.optim.biz\/index.php?rest_route=\/wp\/v2\/types\/post"}],"author":[{"embeddable":true,"href":"https:\/\/analyse.optim.biz\/index.php?rest_route=\/wp\/v2\/users\/1"}],"replies":[{"embeddable":true,"href":"https:\/\/analyse.optim.biz\/index.php?rest_route=%2Fwp%2Fv2%2Fcomments&post=2126027"}],"version-history":[{"count":0,"href":"https:\/\/analyse.optim.biz\/index.php?rest_route=\/wp\/v2\/posts\/2126027\/revisions"}],"wp:attachment":[{"href":"https:\/\/analyse.optim.biz\/index.php?rest_route=%2Fwp%2Fv2%2Fmedia&parent=2126027"}],"wp:term":[{"taxonomy":"category","embeddable":true,"href":"https:\/\/analyse.optim.biz\/index.php?rest_route=%2Fwp%2Fv2%2Fcategories&post=2126027"},{"taxonomy":"post_tag","embeddable":true,"href":"https:\/\/analyse.optim.biz\/index.php?rest_route=%2Fwp%2Fv2%2Ftags&post=2126027"}],"curies":[{"name":"wp","href":"https:\/\/api.w.org\/{rel}","templated":true}]}}