{"id":2126013,"date":"2026-09-01T11:24:54","date_gmt":"2026-09-01T08:24:54","guid":{"rendered":"https:\/\/analyse.optim.biz\/?p=2126013"},"modified":"2026-09-01T11:24:54","modified_gmt":"2026-09-01T08:24:54","slug":"ghiozdane-si-rechizite-gratuite-pentru-elevii-din-municipiul-buzau-continua-sti-in-acest-an-proiectul-back-to-school","status":"publish","type":"post","link":"https:\/\/analyse.optim.biz\/?p=2126013","title":{"rendered":"Ghiozdane \u0219i rechizite gratuite pentru elevii din municipiul Buz\u0103u. Continu\u0103 \u0219\u021bi \u00een acest an proiectul \u201eBack to School\u201d"},"content":{"rendered":"<p>[analyse_image type=&#8221;featured&#8221; src=&#8221;https:\/\/stiridebuzau.ro\/wp-content\/uploads\/2024\/08\/RECHIZITE.jpg&#8221;]<\/p>\n<div class=\"elementor-element elementor-element-22c955c elementor-widget elementor-widget-theme-post-content\" data-id=\"22c955c\" data-element_type=\"widget\" data-widget_type=\"theme-post-content.default\">\n<div class=\"elementor-widget-container\">\n<p><strong>Doar c\u00e2teva zile ne mai despart de \u00eenceputul unui nou an \u0219colar. \u0218i \u00een acest an, mii de elevi din municipiul Buz\u0103u vor g\u0103si pe b\u0103nci, \u00een prima zi de \u0219coal\u0103, ghiozdane complet echipate pentru noul an de \u00eenv\u0103\u021b\u0103m\u00e2nt.<\/strong><\/p>\n<p>Este vorba despre proiectul \u201eBack to School\u201d, derulat de Prim\u0103ria Buz\u0103u, prin care copiilor le sunt oferite gratuit ghiozdane, penare, caiete, c\u0103r\u021bi, precum \u0219i materiale necesare pentru orele de pictur\u0103 \u0219i desen.<\/p>\n<p>Proiectul \u201eBack to School\u201d a fost demarat \u00een anul 2021 \u0219i s-a adresat ini\u021bial doar elevilor din clasele 0-IV. Pentru c\u0103 ini\u021biativa s-a bucurat de un mare succes, programul a fost extins \u0219i la clasele V-VIII.<\/p>\n<p>Anul \u0219colar 2026\u20132027 va debuta luni, 7 septembrie 2026, c\u00e2nd aproximativ 60.000 de elevi din jude\u021bul Buz\u0103u vor reveni la \u0219coal\u0103 sau la gr\u0103dini\u021b\u0103, dup\u0103 cele dou\u0103 luni \u0219i jum\u0103tate de vacan\u021b\u0103 de var\u0103.<\/p>\n<\/div>\n<\/div>\n<div class=\"elementor-element elementor-element-22c955c elementor-widget elementor-widget-theme-post-content\" data-id=\"22c955c\" data-element_type=\"widget\" data-widget_type=\"theme-post-content.default\">\n<div class=\"elementor-widget-container\">\n<p><strong>Doar c\u00e2teva zile ne mai despart de \u00eenceputul unui nou an \u0219colar. \u0218i \u00een acest an, mii de elevi din municipiul Buz\u0103u vor g\u0103si pe b\u0103nci, \u00een prima zi de \u0219coal\u0103, ghiozdane complet echipate pentru noul an de \u00eenv\u0103\u021b\u0103m\u00e2nt.<\/strong><\/p>\n<p>Este vorba despre proiectul \u201eBack to School\u201d, derulat de Prim\u0103ria Buz\u0103u, prin care copiilor le sunt oferite gratuit ghiozdane, penare, caiete, c\u0103r\u021bi, precum \u0219i materiale necesare pentru orele de pictur\u0103 \u0219i desen.<\/p>\n<p>Proiectul \u201eBack to School\u201d a fost demarat \u00een anul 2021 \u0219i s-a adresat ini\u021bial doar elevilor din clasele 0-IV. Pentru c\u0103 ini\u021biativa s-a bucurat de un mare succes, programul a fost extins \u0219i la clasele V-VIII.<\/p>\n<p>Anul \u0219colar 2026\u20132027 va debuta luni, 7 septembrie 2026, c\u00e2nd aproximativ 60.000 de elevi din jude\u021bul Buz\u0103u vor reveni la \u0219coal\u0103 sau la gr\u0103dini\u021b\u0103, dup\u0103 cele dou\u0103 luni \u0219i jum\u0103tate de vacan\u021b\u0103 de var\u0103.<\/p>\n<\/div>\n<\/div>\n<p>[analyse_source url=&#8221;https:\/\/stiridebuzau.ro\/ghiozdane-si-rechizite-gratuite-pentru-elevii-din-municipiul-buzau-continua-sti-in-acest-an-proiectul-back-to-school\/&#8221;]<\/p>\n","protected":false},"excerpt":{"rendered":"<p>[analyse_image type=&#8221;featured&#8221; src=&#8221;https:\/\/stiridebuzau.ro\/wp-content\/uploads\/2024\/08\/RECHIZITE.jpg&#8221;] Doar c\u00e2teva zile ne mai despart de \u00eenceputul unui nou an \u0219colar. \u0218i \u00een acest an, mii de elevi din municipiul Buz\u0103u vor g\u0103si pe b\u0103nci, \u00een prima zi de \u0219coal\u0103, ghiozdane complet echipate pentru noul an de \u00eenv\u0103\u021b\u0103m\u00e2nt. Este vorba despre proiectul \u201eBack to School\u201d, derulat de Prim\u0103ria Buz\u0103u, prin care [&hellip;]<\/p>\n","protected":false},"author":1,"featured_media":0,"comment_status":"open","ping_status":"","sticky":false,"template":"","format":"standard","meta":{"footnotes":""},"categories":[2],"tags":[226,117],"class_list":["post-2126013","post","type-post","status-publish","format-standard","hentry","category-politics","tag-crawlmanager","tag-stiridebuzau-ro"],"_links":{"self":[{"href":"https:\/\/analyse.optim.biz\/index.php?rest_route=\/wp\/v2\/posts\/2126013","targetHints":{"allow":["GET"]}}],"collection":[{"href":"https:\/\/analyse.optim.biz\/index.php?rest_route=\/wp\/v2\/posts"}],"about":[{"href":"https:\/\/analyse.optim.biz\/index.php?rest_route=\/wp\/v2\/types\/post"}],"author":[{"embeddable":true,"href":"https:\/\/analyse.optim.biz\/index.php?rest_route=\/wp\/v2\/users\/1"}],"replies":[{"embeddable":true,"href":"https:\/\/analyse.optim.biz\/index.php?rest_route=%2Fwp%2Fv2%2Fcomments&post=2126013"}],"version-history":[{"count":0,"href":"https:\/\/analyse.optim.biz\/index.php?rest_route=\/wp\/v2\/posts\/2126013\/revisions"}],"wp:attachment":[{"href":"https:\/\/analyse.optim.biz\/index.php?rest_route=%2Fwp%2Fv2%2Fmedia&parent=2126013"}],"wp:term":[{"taxonomy":"category","embeddable":true,"href":"https:\/\/analyse.optim.biz\/index.php?rest_route=%2Fwp%2Fv2%2Fcategories&post=2126013"},{"taxonomy":"post_tag","embeddable":true,"href":"https:\/\/analyse.optim.biz\/index.php?rest_route=%2Fwp%2Fv2%2Ftags&post=2126013"}],"curies":[{"name":"wp","href":"https:\/\/api.w.org\/{rel}","templated":true}]}}