{"id":2125995,"date":"2026-09-03T00:00:00","date_gmt":"2026-09-02T21:00:00","guid":{"rendered":"https:\/\/analyse.optim.biz\/?p=2125995"},"modified":"2026-09-03T00:00:00","modified_gmt":"2026-09-02T21:00:00","slug":"buzau-focar-de-variola-ovina-si-caprina-intr-o-exploatatie-nonprofesionala-cu-600-de-animale","status":"publish","type":"post","link":"https:\/\/analyse.optim.biz\/?p=2125995","title":{"rendered":"Buz\u0103u: Focar de variol\u0103 ovin\u0103 \u0219i caprin\u0103 \u00eentr-o exploata\u021bie nonprofesional\u0103 cu 600 de animale"},"content":{"rendered":"<p>[analyse_image type=&#8221;featured&#8221; src=&#8221;https:\/\/foto.agerpres.ro\/foto\/detaliu\/13383838&#8243;]<\/p>\n<div class=\"mx-auto pt-3\">\n<p><strong>Un focar de variol\u0103 ovin\u0103 \u0219i caprin\u0103 a fost confirmat de c\u0103tre Direc\u021bia Sanitar\u0103 Veterinar\u0103 \u0219i pentru Siguran\u021ba Alimentelor (DSVSA) Buz\u0103u \u00eentr-o exploata\u021bie cu 600 de oi, ancheta epizootologic\u0103 fiind \u00een desf\u0103\u0219urare.<\/p>\n<p>Potrivit DSVSA Buz\u0103u, focarul a fost confirmat \u00eentr-o exploata\u021bie nonprofesional\u0103 din localitatea Luciu.<\/strong><\/p>\n<p>&#8216;Confirmare variol\u0103 ovin\u0103 caprin\u0103 \u00een data de 03.09.2026 \u00een localitatea Luciu la o exploata\u021bie nonprofesional\u0103 de 600 ovine. Ini\u021bial au fost depistate dou\u0103 ovine bolnave, s-au trimis probe de s\u00e2nge \u00een data de 31.08.2026. Ancheta epizootologic\u0103 este \u00een desf\u0103\u0219urare&#8217;, a transmis, pentru AGERPRES, DSVSA Buz\u0103u.<\/p>\n<p>Inspectorii sanitar-veterinari au dispus m\u0103suri de protec\u021bie \u0219i supraveghere la nivelul localit\u0103\u021bii.<\/p>\n<p>&#8216;Asanarea \u00eentregului efectiv, supravegherea efectivului de animale \u00een zona de protec\u021bie \u0219i de supraveghere, 3 km cu 10 km din jurul focarului, interdic\u021bii privind transportul animalelor, dezinfec\u021bii riguroase, catagrafia efectivelor susceptibile de animale. Aten\u021bie variola ovin\u0103 \u0219i caprin\u0103 nu este o boal\u0103 transmisibil\u0103 la om, \u00eens\u0103 produce pierderi mari economice&#8217;, informeaz\u0103 DSVSA Buz\u0103u.<\/p>\n<p><strong>Afec\u021biunea este extrem de contagioas\u0103 \u0219i afecteaz\u0103 oile \u0219i caprele. <\/strong>AGERPRES\/(AS &#8211; redactor: Florin Zafiu, editor: George Onea, editor online: Andreea L\u00e3z\u00e3roiu)<\/p>\n<\/div>\n<div class=\"mx-auto pt-3\">\n                                Afisari: 140\n                            <\/div>\n<p>[analyse_source url=&#8221;https:\/\/agerpres.ro\/social\/2026\/09\/03\/buzau-focar-de-variola-ovina-si-caprina-intr-o-exploatatie-nonprofesionala-cu-600-de-animale&#8211;1590294&#8243;]<\/p>\n","protected":false},"excerpt":{"rendered":"<p>[analyse_image type=&#8221;featured&#8221; src=&#8221;https:\/\/foto.agerpres.ro\/foto\/detaliu\/13383838&#8243;] Un focar de variol\u0103 ovin\u0103 \u0219i caprin\u0103 a fost confirmat de c\u0103tre Direc\u021bia Sanitar\u0103 Veterinar\u0103 \u0219i pentru Siguran\u021ba Alimentelor (DSVSA) Buz\u0103u \u00eentr-o exploata\u021bie cu 600 de oi, ancheta epizootologic\u0103 fiind \u00een desf\u0103\u0219urare. Potrivit DSVSA Buz\u0103u, focarul a fost confirmat \u00eentr-o exploata\u021bie nonprofesional\u0103 din localitatea Luciu. &#8216;Confirmare variol\u0103 ovin\u0103 caprin\u0103 \u00een data de [&hellip;]<\/p>\n","protected":false},"author":1,"featured_media":0,"comment_status":"open","ping_status":"","sticky":false,"template":"","format":"standard","meta":{"footnotes":""},"categories":[2],"tags":[37,226],"class_list":["post-2125995","post","type-post","status-publish","format-standard","hentry","category-politics","tag-agerpres-ro","tag-crawlmanager"],"_links":{"self":[{"href":"https:\/\/analyse.optim.biz\/index.php?rest_route=\/wp\/v2\/posts\/2125995","targetHints":{"allow":["GET"]}}],"collection":[{"href":"https:\/\/analyse.optim.biz\/index.php?rest_route=\/wp\/v2\/posts"}],"about":[{"href":"https:\/\/analyse.optim.biz\/index.php?rest_route=\/wp\/v2\/types\/post"}],"author":[{"embeddable":true,"href":"https:\/\/analyse.optim.biz\/index.php?rest_route=\/wp\/v2\/users\/1"}],"replies":[{"embeddable":true,"href":"https:\/\/analyse.optim.biz\/index.php?rest_route=%2Fwp%2Fv2%2Fcomments&post=2125995"}],"version-history":[{"count":0,"href":"https:\/\/analyse.optim.biz\/index.php?rest_route=\/wp\/v2\/posts\/2125995\/revisions"}],"wp:attachment":[{"href":"https:\/\/analyse.optim.biz\/index.php?rest_route=%2Fwp%2Fv2%2Fmedia&parent=2125995"}],"wp:term":[{"taxonomy":"category","embeddable":true,"href":"https:\/\/analyse.optim.biz\/index.php?rest_route=%2Fwp%2Fv2%2Fcategories&post=2125995"},{"taxonomy":"post_tag","embeddable":true,"href":"https:\/\/analyse.optim.biz\/index.php?rest_route=%2Fwp%2Fv2%2Ftags&post=2125995"}],"curies":[{"name":"wp","href":"https:\/\/api.w.org\/{rel}","templated":true}]}}