{"id":2125982,"date":"2026-09-03T00:00:00","date_gmt":"2026-09-02T21:00:00","guid":{"rendered":"https:\/\/analyse.optim.biz\/?p=2125982"},"modified":"2026-09-03T00:00:00","modified_gmt":"2026-09-02T21:00:00","slug":"nicusor-dan-romania-isi-doreste-un-buget-ue-ambitios-cu-sume-consistente-pentru-coeziune-si-agricultura","status":"publish","type":"post","link":"https:\/\/analyse.optim.biz\/?p=2125982","title":{"rendered":"Nicu\u0219or Dan: Rom\u00e2nia \u00ee\u0219i dore\u0219te un buget UE ambi\u021bios, cu sume consistente pentru Coeziune \u0219i Agricultur\u0103"},"content":{"rendered":"<p>[analyse_image type=&#8221;featured&#8221; src=&#8221;https:\/\/foto.agerpres.ro\/foto\/detaliu\/19609607&#8243;]<\/p>\n<div class=\"mx-auto pt-3\">\n<p>Rom\u00e2nia \u00ee\u0219i dore\u0219te un buget viitor al Uniunii Europene ambi\u021bios, cu sume consistente pentru capitolele Coeziune \u0219i Agricultur\u0103, a declarat, joi, pre\u0219edintele Nicu\u0219or Dan \u00een cadrul unei conferin\u021be de pres\u0103 comune cu pre\u0219edintele Consiliului European, Antonio Costa.<\/p>\n<p>\u0218eful statului a spus c\u0103 principalul subiect al dialogului cu pre\u0219edintele Consiliului European a fost negocierea viitorului buget al UE.<\/p>\n<p>&#8216;Rom\u00e2nia \u0219i-a definit mare parte din pozi\u021bie \u00een acel punct de vedere al acelor Prieteni ai Coeziunii&#8217;, a afirmat Nicu\u0219or Dan.<\/p>\n<p>Astfel, el a precizat c\u0103 \u021bara noastr\u0103 pledeaz\u0103 pentru un buget &#8216;ambi\u021bios&#8217;.<\/p>\n<iframe loading=\"lazy\" allow=\"autoplay; clipboard-write; encrypted-media; picture-in-picture; web-share\" allowfullscreen=\"true\" frameborder height=\"314\" scrolling=\"no\" src=\"https:\/\/www.facebook.com\/plugins\/video.php?height=314&amp;href=https%3A%2F%2Fwww.facebook.com%2FAdministratiaPrezidentialaRO%2Fvideos%2F1573602681111604%2F&amp;show_text=false&amp;width=560&amp;t=0\" width=\"560\"><\/iframe>\n<p>&#8216;Ne intereseaz\u0103 pilonul cu privire la competitivitate, \u021bintim reducerea decalajului \u00eentre \u021b\u0103rile europene&#8217;, a men\u021bionat pre\u0219edintele, ad\u0103ug\u00e2nd c\u0103 Rom\u00e2nia \u00ee\u0219i dore\u0219te &#8216;o anumit\u0103 flexibilitate&#8217; \u00een ceea ce prive\u0219te birocra\u021bia.<\/p>\n<p>Totodat\u0103, Nicu\u0219or Dan a spus c\u0103 discu\u021biile privind viitorul buget multianual al Uniunii Europene pentru perioada 2028-2034 vizeaz\u0103 identificarea unui compromis \u00eentre cele 27 de state membre at\u00e2t \u00een ceea ce prive\u0219te cheltuielile, c\u00e2t \u0219i veniturile Uniunii.<\/p>\n<p>&#8216;\u00cen primul r\u00e2nd, ne dorim un buget al Uniunii Europene ambi\u021bios, ne dorim sume consistente pentru capitolul de coeziune \u0219i capitolul de agricultur\u0103, tocmai pentru ca s\u0103 repar\u0103m decalajele \u00eentre cet\u0103\u021benii diferitelor \u021b\u0103ri europene. Ne intereseaz\u0103 foarte tare pilonul cu privire la competitivitate, din nou aici \u021bintim o reducere a decalajului \u00eentre \u021b\u0103ri europene \u0219i ne dorim ca companii din \u021b\u0103ri mai pu\u021bin dezvoltate europene, cum este Rom\u00e2nia, s\u0103 poat\u0103 s\u0103 aib\u0103 acces la fonduri de competitivitate&#8217;, a afirmat \u0219eful statului referitor la viitorului buget al Uniunii Europene 2028-2034.<\/p>\n<p>\u00cen cadrul discu\u021biei cu pre\u0219edintele Consiliului European, Antonio Costa, Nicu\u0219or Dan a abordat \u0219i procesul de extindere a Uniunii Europene, \u00een contextul preg\u0103tirii Consiliului European din luna octombrie. Pre\u0219edintele a precizat c\u0103 Rom\u00e2nia este interesat\u0103 ca procesul de aderare a Republicii Moldova la UE s\u0103 continue &#8216;\u00eentr-un ritm sus\u021binut&#8217;.<\/p>\n<p>&#8216;Am discutat de situa\u021bia de securitate \u0219i de sprijinul pentru Ucraina \u0219i de cum aceste necesit\u0103\u021bi de securitate s\u0103 intre \u00een viitorul Cadru Financiar Multianual. Am discutat, de asemenea, de energie, \u00een particular \u0219i \u00een general, ca discu\u021bie viitoare pentru Consiliul European, cum facem s\u0103 ajungem la o pia\u021b\u0103 energetic\u0103 comun\u0103 european\u0103&#8217;, a ad\u0103ugat Nicu\u0219or Dan. AGERPRES\/(A &#8211; redactor: Oana Ghi\u021b\u0103, editor: Mihai Simionescu,\u00a0 editor online: Andreea L\u00e3z\u00e3roiu)<\/p>\n<p><strong>Cite\u0219te \u0219i:\u00a0<\/strong><\/p>\n<p><a href=\"https:\/\/agerpres.ro\/politic\/2026\/09\/03\/antonio-costa-recentele-incalcari-ale-spatiului-aerian-roman-sunt-profund-ingrijoratoare--1590302\" target=\"_blank\">Antonio Costa: Recentele \u00eenc\u0103lc\u0103ri ale spa\u021biului aerian rom\u00e2n sunt profund \u00eengrijor\u0103toare<\/a><\/p>\n<p><a href=\"https:\/\/agerpres.ro\/politic\/2026\/09\/03\/presedintele-consiliului-european-a-fost-primit-de-nicusor-dan-la-palatul-cotroceni--1590240\" target=\"_blank\">Pre\u0219edintele Consiliului European a fost primit de Nicu\u0219or Dan la Palatul Cotroceni<\/a><\/p>\n<p>Mai multe imagini pe\u00a0<a href=\"https:\/\/foto.agerpres.ro\/ro\/bucuresti-vizita-antonio-costa\/2851759\" target=\"_blank\">AGERPRES FOTO<\/a><\/p>\n<\/div>\n<div class=\"mx-auto pt-3\">\n                                Afisari: 124\n                            <\/div>\n<p>[analyse_source url=&#8221;https:\/\/agerpres.ro\/politic\/2026\/09\/03\/nicusor-dan-romania-isi-doreste-un-buget-ue-ambitios-cu-sume-consistente-pentru-coeziune-si-agricult&#8211;1590290&#8243;]<\/p>\n","protected":false},"excerpt":{"rendered":"<p>[analyse_image type=&#8221;featured&#8221; src=&#8221;https:\/\/foto.agerpres.ro\/foto\/detaliu\/19609607&#8243;] Rom\u00e2nia \u00ee\u0219i dore\u0219te un buget viitor al Uniunii Europene ambi\u021bios, cu sume consistente pentru capitolele Coeziune \u0219i Agricultur\u0103, a declarat, joi, pre\u0219edintele Nicu\u0219or Dan \u00een cadrul unei conferin\u021be de pres\u0103 comune cu pre\u0219edintele Consiliului European, Antonio Costa. \u0218eful statului a spus c\u0103 principalul subiect al dialogului cu pre\u0219edintele Consiliului European a fost [&hellip;]<\/p>\n","protected":false},"author":1,"featured_media":0,"comment_status":"open","ping_status":"","sticky":false,"template":"","format":"standard","meta":{"footnotes":""},"categories":[2],"tags":[37,226],"class_list":["post-2125982","post","type-post","status-publish","format-standard","hentry","category-politics","tag-agerpres-ro","tag-crawlmanager"],"_links":{"self":[{"href":"https:\/\/analyse.optim.biz\/index.php?rest_route=\/wp\/v2\/posts\/2125982","targetHints":{"allow":["GET"]}}],"collection":[{"href":"https:\/\/analyse.optim.biz\/index.php?rest_route=\/wp\/v2\/posts"}],"about":[{"href":"https:\/\/analyse.optim.biz\/index.php?rest_route=\/wp\/v2\/types\/post"}],"author":[{"embeddable":true,"href":"https:\/\/analyse.optim.biz\/index.php?rest_route=\/wp\/v2\/users\/1"}],"replies":[{"embeddable":true,"href":"https:\/\/analyse.optim.biz\/index.php?rest_route=%2Fwp%2Fv2%2Fcomments&post=2125982"}],"version-history":[{"count":0,"href":"https:\/\/analyse.optim.biz\/index.php?rest_route=\/wp\/v2\/posts\/2125982\/revisions"}],"wp:attachment":[{"href":"https:\/\/analyse.optim.biz\/index.php?rest_route=%2Fwp%2Fv2%2Fmedia&parent=2125982"}],"wp:term":[{"taxonomy":"category","embeddable":true,"href":"https:\/\/analyse.optim.biz\/index.php?rest_route=%2Fwp%2Fv2%2Fcategories&post=2125982"},{"taxonomy":"post_tag","embeddable":true,"href":"https:\/\/analyse.optim.biz\/index.php?rest_route=%2Fwp%2Fv2%2Ftags&post=2125982"}],"curies":[{"name":"wp","href":"https:\/\/api.w.org\/{rel}","templated":true}]}}