{"id":2125965,"date":"2026-09-03T00:00:00","date_gmt":"2026-09-02T21:00:00","guid":{"rendered":"https:\/\/analyse.optim.biz\/?p=2125965"},"modified":"2026-09-03T00:00:00","modified_gmt":"2026-09-02T21:00:00","slug":"estonia-ministrul-apararii-demisioneaza-pe-fondul-unui-scandal-privind-achizitia-de-munitii-pentru-ucraina","status":"publish","type":"post","link":"https:\/\/analyse.optim.biz\/?p=2125965","title":{"rendered":"Estonia: Ministrul ap\u0103r\u0103rii demisioneaz\u0103 pe fondul unui scandal privind achizi\u021bia de muni\u021bii pentru Ucraina"},"content":{"rendered":"<p>[analyse_image type=&#8221;featured&#8221; src=&#8221;https:\/\/agerpres.ro\/data\/202609\/20260903120804_208164.jpg&#8221;]<\/p>\n<div class=\"mx-auto pt-3\">\n<p>Ministrul ap\u0103r\u0103rii al Estoniei, Hanno Pevkur, \u0219i-a anun\u021bat demisia \u00een urma unui scandal legat de achizi\u021bia de muni\u021bii pentru Ucraina, transmit joi dpa \u0219i Xinhua.<\/p>\n<p>\u00centr-o declara\u021bie la televiziunea de stat ERR, Pevkur, aflat \u00een func\u021bie din 2022, a spus c\u0103 \u00ee\u0219i asum\u0103 responsabilitatea politic\u0103 pentru deficien\u021bele \u00een managementul financiar al sectorului de ap\u0103rare.<\/p>\n<p>&#8216;Premierul va trebui s\u0103 g\u0103seasc\u0103 un nou ministru al ap\u0103r\u0103rii&#8217;, a declarat Pevkur miercuri sear\u0103.<\/p>\n<p>Politicianul, membru al Partidului Reformei al premierului Kristen Michal, \u0219i-a anun\u021bat demisia \u0219i pe re\u021belele sociale.<\/p>\n<p>&#8216;Fac acest lucru cu ferma convingere c\u0103 am luat deciziile corecte pentru a \u00eent\u0103ri ap\u0103rarea na\u021bional\u0103. Estonia este mai bine protejat\u0103 ca oric\u00e2nd&#8217;, a scris el pe Facebook.<\/p>\n<p>Pevkur a ajuns sub presiune public\u0103 dup\u0103 ce Oficiul na\u021bional de audit a identificat numeroase probleme la institu\u021bii din subordinea Ministerului Ap\u0103r\u0103rii.<\/p>\n<p>Oficiul a declarat s\u0103pt\u0103m\u00e2na trecut\u0103 c\u0103, din cauza deficien\u021belor grave din contabilitatea inventarului armatei, auditorii nu au putut stabili acurate\u021bea unor stocuri de aproximativ 1,2 miliarde de euro.<\/p>\n<p>Auditorii au identificat, de asemenea, deficien\u021be \u00een gestionarea contractelor, monitorizarea execut\u0103rii contractelor \u0219i \u00een procedurile de verificare \u0219i \u00eenregistrare a bunurilor primite.<\/p>\n<p>Potrivit auditorilor, deficien\u021bele au m\u0103rit riscul de utilizare abuziv\u0103 a fondurilor \u0219i activelor statului. Probleme similare fuseser\u0103 deja identificate \u0219i cu un an \u00een urm\u0103.<\/p>\n<p>Controversa a fost agravat\u0103 de un scandal legat de achizi\u021bionarea de arme pentru Ucraina.<\/p>\n<p>Estonia a pl\u0103tit \u00een avans 70 milioane de euro unei companii din India pentru achizi\u021bia de obuze de artilerie, de\u0219i firma respectiv\u0103 nu avea nicio experien\u021b\u0103 anterioar\u0103 \u00een domeniu.<\/p>\n<p>Nici Estonia \u0219i nici Ucraina nu au primit muni\u021bia p\u00e2n\u0103 acum, iar litigiul a ajuns \u00een instan\u021be.<\/p>\n<p>Estonia \u0219i-a majorat puternic cheltuielile pentru ap\u0103rare \u00een ultimii ani. Acestea sunt stabilite la 5,4% din PIB \u00een 2026, comparativ cu aproximativ 3,3% \u00een 2025, potrivit Ministerului Ap\u0103r\u0103rii.<\/p>\n<p>Estonia, \u021bar\u0103 cu 1,2 milioane de locuitori, membr\u0103 a UE \u0219i NATO, are o grani\u021b\u0103 comun\u0103 cu Rusia, al c\u0103rei r\u0103zboi \u00eempotriva Ucrainei este considerat de statul baltic o amenin\u021bare direct\u0103 la adresa securit\u0103\u021bii sale na\u021bionale. AGERPRES\/(AS &#8211; redactor: Irina Cristea, editor: Gabriela Ionescu, editor online: Ady Iva\u015fcu)<\/p>\n<\/div>\n<div class=\"mx-auto pt-3\">\n                                Afisari: 151\n                            <\/div>\n<p>[analyse_source url=&#8221;https:\/\/agerpres.ro\/politic-extern\/2026\/09\/03\/estonia-ministrul-apararii-demisioneaza-pe-fondul-unui-scandal-privind-achizitia-de-munitii-pentru-u&#8211;1590288&#8243;]<\/p>\n","protected":false},"excerpt":{"rendered":"<p>[analyse_image type=&#8221;featured&#8221; src=&#8221;https:\/\/agerpres.ro\/data\/202609\/20260903120804_208164.jpg&#8221;] Ministrul ap\u0103r\u0103rii al Estoniei, Hanno Pevkur, \u0219i-a anun\u021bat demisia \u00een urma unui scandal legat de achizi\u021bia de muni\u021bii pentru Ucraina, transmit joi dpa \u0219i Xinhua. \u00centr-o declara\u021bie la televiziunea de stat ERR, Pevkur, aflat \u00een func\u021bie din 2022, a spus c\u0103 \u00ee\u0219i asum\u0103 responsabilitatea politic\u0103 pentru deficien\u021bele \u00een managementul financiar al sectorului [&hellip;]<\/p>\n","protected":false},"author":1,"featured_media":0,"comment_status":"open","ping_status":"","sticky":false,"template":"","format":"standard","meta":{"footnotes":""},"categories":[2],"tags":[37,226],"class_list":["post-2125965","post","type-post","status-publish","format-standard","hentry","category-politics","tag-agerpres-ro","tag-crawlmanager"],"_links":{"self":[{"href":"https:\/\/analyse.optim.biz\/index.php?rest_route=\/wp\/v2\/posts\/2125965","targetHints":{"allow":["GET"]}}],"collection":[{"href":"https:\/\/analyse.optim.biz\/index.php?rest_route=\/wp\/v2\/posts"}],"about":[{"href":"https:\/\/analyse.optim.biz\/index.php?rest_route=\/wp\/v2\/types\/post"}],"author":[{"embeddable":true,"href":"https:\/\/analyse.optim.biz\/index.php?rest_route=\/wp\/v2\/users\/1"}],"replies":[{"embeddable":true,"href":"https:\/\/analyse.optim.biz\/index.php?rest_route=%2Fwp%2Fv2%2Fcomments&post=2125965"}],"version-history":[{"count":0,"href":"https:\/\/analyse.optim.biz\/index.php?rest_route=\/wp\/v2\/posts\/2125965\/revisions"}],"wp:attachment":[{"href":"https:\/\/analyse.optim.biz\/index.php?rest_route=%2Fwp%2Fv2%2Fmedia&parent=2125965"}],"wp:term":[{"taxonomy":"category","embeddable":true,"href":"https:\/\/analyse.optim.biz\/index.php?rest_route=%2Fwp%2Fv2%2Fcategories&post=2125965"},{"taxonomy":"post_tag","embeddable":true,"href":"https:\/\/analyse.optim.biz\/index.php?rest_route=%2Fwp%2Fv2%2Ftags&post=2125965"}],"curies":[{"name":"wp","href":"https:\/\/api.w.org\/{rel}","templated":true}]}}