{"id":2125956,"date":"2026-09-03T00:00:00","date_gmt":"2026-09-02T21:00:00","guid":{"rendered":"https:\/\/analyse.optim.biz\/?p=2125956"},"modified":"2026-09-03T00:00:00","modified_gmt":"2026-09-02T21:00:00","slug":"rusia-considera-ca-politica-usilor-deschise-a-bruxelles-ului-a-provocat-criza-migratiei-din-ue","status":"publish","type":"post","link":"https:\/\/analyse.optim.biz\/?p=2125956","title":{"rendered":"Rusia consider\u0103 c\u0103 politica u\u0219ilor deschise a Bruxelles-ului a provocat criza migra\u021biei din UE"},"content":{"rendered":"<p>[analyse_image type=&#8221;featured&#8221; src=&#8221;https:\/\/agerpres.ro\/data\/202609\/20260903102820_536618.jpg&#8221;]<\/p>\n<div class=\"mx-auto pt-3\">\n<p>Politica &#8216;por\u021bilor larg deschise&#8217; a Uniunii Europene a provocat actuala criz\u0103 a migra\u021biei, a declarat joi ministrul de externe rus, Serghei Lavrov, \u00een urma declara\u021biilor de la Madrid privind presupusa implicare a Rusiei \u00eentr-o campanie de dezinformare care ar fi declan\u0219at criza de la Ceuta, informeaz\u0103 EFE.<\/p>\n<p>&#8216;Uita\u021bi-v\u0103 la criza migra\u021biei cauzat\u0103 de politica nu doar a u\u0219ilor deschise, ci a u\u0219ilor larg deschise, permi\u021b\u00e2nd oricui vrea s\u0103 vin\u0103, s\u0103 vin\u0103&#8217;, a afirmat el \u00eentr-un discurs la Forumul Economic Estic desf\u0103\u0219urat \u00een ora\u0219ul rus Vladivostok.<\/p>\n<p>El a subliniat c\u0103 &#8216;Uniunea European\u0103 a \u00eencetat s\u0103 mai fie parteneriatul economic la care toat\u0103 lumea dorea s\u0103 se al\u0103ture acum 20 de ani, c\u0103ut\u00e2nd beneficii&#8217;.<\/p>\n<p>&#8216;Este clar c\u0103 toate acestea creeaz\u0103 avantaje, dar aceste avantaje sunt \u00een prezent grav subminate&#8217;, a sus\u021binut \u0219eful diploma\u021biei ruse.<\/p>\n<p>Lavrov a men\u021bionat c\u0103, la \u00eenceput, politica &#8216;u\u0219ilor deschise a reflectat umanismul Uniunii Europene&#8217;.<\/p>\n<p>&#8216;\u00cens\u0103 acum, \u00eentr-o serie de \u021b\u0103ri, \u00eentre care Germania \u0219i Regatul Unit, care a fost c\u00e2ndva membru al UE, migran\u021bii devin majoritari, o majoritate fizic\u0103. Uita\u021bi-v\u0103 la mul\u021bi politicieni europeni. Nu sunt de origine local\u0103&#8217;, a argumentat Lavrov, n\u0103scut la Moscova, dintr-un tat\u0103 armean din Georgia \u0219i o mam\u0103 rusoaic\u0103.<\/p>\n<p>Lavrov a afirmat c\u0103 aceasta nu ar fi o problem\u0103 dac\u0103 nu ar fi devenit o problem\u0103 politic\u0103 intern\u0103.<\/p>\n<p>&#8216;Aceast\u0103 predominan\u021b\u0103 a imigran\u021bilor devine o problem\u0103 pentru dezvoltarea intern\u0103. Ea genereaz\u0103 nemul\u021bumire \u00een r\u00e2ndul popula\u021biei autohtone, care este obligat\u0103 s\u0103 pl\u0103teasc\u0103 impozite pentru a-i \u00eentre\u021bine&#8217;, a sus\u021binut \u0219eful diploma\u021biei ruse.<\/p>\n<p>El a ad\u0103ugat c\u0103 &#8216;\u0219i cet\u0103\u021benii ucraineni se \u00eencadreaz\u0103 \u00een aceast\u0103 categorie. De la \u00eenceputul opera\u021biunii militare speciale (formula prin care Rusia se refer\u0103 la invazia sa asupra Ucrainei &#8211; n.r.), c\u00e2nd au fugit \u00een mas\u0103 din \u021bara lor, au primit subven\u021bii \u0219i beneficii \u00een \u021b\u0103rile UE care, \u00een multe cazuri, dep\u0103\u0219esc cu mult indemniza\u021biile de \u0219omaj primite de propriii cet\u0103\u021beni \u00een acelea\u0219i \u021b\u0103ri europene&#8217;.<\/p>\n<p>Potrivit lui Lavrov, aceast\u0103 politic\u0103 a UE fa\u021b\u0103 de migran\u021bi &#8216;provoac\u0103 proteste interne, nemul\u021bumiri interne \u0219i devalorizeaz\u0103 esen\u021ba economic\u0103 a Uniunii Europene&#8217;.<\/p>\n<p>Prim-ministrul spaniol Pedro Sanchez a comentat luni, \u00eentr-un interviu acordat postului de radio SER, c\u0103 politica extern\u0103 &#8216;curajoas\u0103&#8217; a Spaniei ar fi putut motiva state precum Rusia \u0219i Israel s\u0103 destabilizeze \u021bara prin r\u0103sp\u00e2ndirea de \u0219tiri false \u0219i dezinform\u0103ri privind migra\u021bia.<\/p>\n<p>&#8216;Este clar c\u0103, dac\u0103 Rusia se angajeaz\u0103 \u00een dezinformare pe aceast\u0103 tem\u0103 sau dac\u0103 Israelul r\u0103sp\u00e2nde\u0219te \u0219i el dezinform\u0103ri critic\u00e2nd guvernul spaniol, nu va fi pentru c\u0103 este preocupat de migra\u021bia din Spania sau Europa, ci din cauza pozi\u021biilor politice pe care le men\u021binem &#8211; pozi\u021bii pe care le consider curajoase &#8211; cu privire la genocidul din Gaza \u0219i invazia Ucrainei de c\u0103tre (pre\u0219edintele rus Vladimir) Putin&#8217;, a afirmat el.<\/p>\n<p>La sf\u00e2r\u0219itul lunii iulie, Ministerul de Externe rus a descris afluxul masiv \u0219i neregulat de migran\u021bi \u00een Ceuta drept un &#8216;pr\u0103bu\u0219ire a politicii de migra\u021bie a Uniunii Europene&#8217;.<\/p>\n<p>&#8216;\u00cen orice caz, aceasta este o catastrof\u0103 umanitar\u0103 care ne afecteaz\u0103 pe to\u021bi, dar, \u00een acela\u0219i timp, nu putem nega c\u0103 reprezint\u0103 o pr\u0103bu\u0219ire a politicii de migra\u021bie pe care Uniunea European\u0103 a urmat-o timp de mul\u021bi ani&#8217;, a comentat atunci ministrul adjunct de externe Aleksandr Grusko, citat de agen\u021bia de \u0219tiri TASS.<\/p>\n<p>Diplomatul a afirmat c\u0103 autorit\u0103\u021bile ruse &#8216;au \u00eencredere c\u0103 guvernul spaniol va g\u0103si o modalitate de a rezolva problema&#8217;, ad\u0103ug\u00e2nd c\u0103 &#8216;Spania ar fi putut s\u0103-\u0219i investeasc\u0103 banii nu \u00een Ucraina, ci \u00een abordarea propriei securit\u0103\u021bi&#8217;.<\/p>\n<p>\u00cen plus, Rusia a reac\u021bionat imediat la declara\u021biile autorit\u0103\u021bilor de la Madrid \u0219i a cerut dovezi de la Spania cu privire la presupusa implicare a Moscovei \u00eentr-o campanie de dezinformare care ar fi declan\u0219at criza migra\u021biei \u00een exclava spaniol\u0103 Ceuta.<\/p>\n<p>&#8216;C\u00e2nd exist\u0103 acuza\u021bii, trebuie s\u0103 existe fapte concrete care necesit\u0103 apoi verificare. \u0218i numai dup\u0103 aceasta se poate vorbi despre o acuza\u021bie care, \u00eentr-un fel, poate fi luat\u0103 \u00een serios&#8217;, a declarat purt\u0103toarea de cuv\u00e2nt a Ministerului de Externe, Maria Zakharova, \u00eentr-o conferin\u021b\u0103 de pres\u0103, potrivit agen\u021biei de \u0219tiri Interfax.<\/p>\n<p>Zaharova a ad\u0103ugat c\u0103, &#8216;f\u0103r\u0103 fapte, f\u0103r\u0103 materiale sus\u021binute de cifre, date \u0219i nume, pur \u0219i simplu nu avem despre ce discuta&#8217;. AGERPRES\/(AS &#8211; redactor: Gabriela Ionescu, editor online: Ady Iva\u015fcu)<\/p>\n<\/div>\n<div class=\"mx-auto pt-3\">\n                                Afisari: 497\n                            <\/div>\n<p>[analyse_source url=&#8221;https:\/\/agerpres.ro\/politic-extern\/2026\/09\/03\/rusia-considera-ca-politica-usilor-deschise-a-bruxelles-ului-a-provocat-criza-migratiei-din-ue&#8211;1590256&#8243;]<\/p>\n","protected":false},"excerpt":{"rendered":"<p>[analyse_image type=&#8221;featured&#8221; src=&#8221;https:\/\/agerpres.ro\/data\/202609\/20260903102820_536618.jpg&#8221;] Politica &#8216;por\u021bilor larg deschise&#8217; a Uniunii Europene a provocat actuala criz\u0103 a migra\u021biei, a declarat joi ministrul de externe rus, Serghei Lavrov, \u00een urma declara\u021biilor de la Madrid privind presupusa implicare a Rusiei \u00eentr-o campanie de dezinformare care ar fi declan\u0219at criza de la Ceuta, informeaz\u0103 EFE. &#8216;Uita\u021bi-v\u0103 la criza migra\u021biei cauzat\u0103 [&hellip;]<\/p>\n","protected":false},"author":1,"featured_media":0,"comment_status":"open","ping_status":"","sticky":false,"template":"","format":"standard","meta":{"footnotes":""},"categories":[2],"tags":[37,226],"class_list":["post-2125956","post","type-post","status-publish","format-standard","hentry","category-politics","tag-agerpres-ro","tag-crawlmanager"],"_links":{"self":[{"href":"https:\/\/analyse.optim.biz\/index.php?rest_route=\/wp\/v2\/posts\/2125956","targetHints":{"allow":["GET"]}}],"collection":[{"href":"https:\/\/analyse.optim.biz\/index.php?rest_route=\/wp\/v2\/posts"}],"about":[{"href":"https:\/\/analyse.optim.biz\/index.php?rest_route=\/wp\/v2\/types\/post"}],"author":[{"embeddable":true,"href":"https:\/\/analyse.optim.biz\/index.php?rest_route=\/wp\/v2\/users\/1"}],"replies":[{"embeddable":true,"href":"https:\/\/analyse.optim.biz\/index.php?rest_route=%2Fwp%2Fv2%2Fcomments&post=2125956"}],"version-history":[{"count":0,"href":"https:\/\/analyse.optim.biz\/index.php?rest_route=\/wp\/v2\/posts\/2125956\/revisions"}],"wp:attachment":[{"href":"https:\/\/analyse.optim.biz\/index.php?rest_route=%2Fwp%2Fv2%2Fmedia&parent=2125956"}],"wp:term":[{"taxonomy":"category","embeddable":true,"href":"https:\/\/analyse.optim.biz\/index.php?rest_route=%2Fwp%2Fv2%2Fcategories&post=2125956"},{"taxonomy":"post_tag","embeddable":true,"href":"https:\/\/analyse.optim.biz\/index.php?rest_route=%2Fwp%2Fv2%2Ftags&post=2125956"}],"curies":[{"name":"wp","href":"https:\/\/api.w.org\/{rel}","templated":true}]}}