{"id":2125953,"date":"2026-09-03T00:00:00","date_gmt":"2026-09-02T21:00:00","guid":{"rendered":"https:\/\/analyse.optim.biz\/?p=2125953"},"modified":"2026-09-03T00:00:00","modified_gmt":"2026-09-02T21:00:00","slug":"fotbal-harry-kane-a-reusit-o-dubla-pentru-bayern-munchen-in-cupa-germaniei","status":"publish","type":"post","link":"https:\/\/analyse.optim.biz\/?p=2125953","title":{"rendered":"Fotbal: Harry Kane a reu\u0219it o dubl\u0103 pentru Bayern Munchen \u00een Cupa Germaniei"},"content":{"rendered":"<p>[analyse_image type=&#8221;featured&#8221; src=&#8221;https:\/\/agerpres.ro\/data\/202609\/20260903103232_423480.jpg&#8221;]<\/p>\n<div class=\"mx-auto pt-3\">\n<p>Atacantul englez Harry Kane a reu\u0219it o dubl\u0103 pentru Bayern Munchen, de\u021bin\u0103toarea trofeului, \u00een meciul c\u00e2\u0219tigat \u00een deplasare, cu scorul de 4-1 \u00een fa\u021ba forma\u021biei de lig\u0103 secund\u0103 VfL Osnabruck, miercuri, \u00een primul tur al Cupei Germaniei la fotbal.<\/p>\n<p>Gazdele au deschis scorul dup\u0103 doar cinci minute de joc, prin Robin Meisnner, care l-a \u00eenvins pe portarul Jonas Urbig cu o execu\u021bie spectaculoas\u0103 de la 30 m.<\/p>\n<p>Kane a restabilit egalitatea \u00een minutul 18, cu un \u0219ut de la marginea careului mic, Bayern trec\u00e2nd apoi \u00een avantaj printr-un gol al columbianului Luis Diaz (24).<\/p>\n<p><strong>\u00cen repriza secund\u0103, oaspe\u021bii au mai marcat de dou\u0103 ori, mai \u00eent\u00e2i prin francezul Michael Olise (73), iar apoi prin Harry Kane, care a \u00eenchis tabela \u00een urma unei lovituri de la 11 m (86).<\/strong><\/p>\n<p>Meciul de la Osnabruck a \u00eencheiat primul tur al Cupei Germaniei. Urm\u0103toarea rund\u0103 din DFB Pokal v avea loc pe 27 \u0219i 28 octombrie.<br \/>\nAGERPRES (AS\/editor: Mihai Dragomir, editor: Vlad Constantinescu, editor online: Adrian D\u0103d\u00e2rlat)<\/p>\n<\/div>\n<div class=\"mx-auto pt-3\">\n                                Afisari: 147\n                            <\/div>\n<p>[analyse_source url=&#8221;https:\/\/agerpres.ro\/sport-extern\/2026\/09\/03\/fotbal-harry-kane-a-reusit-o-dubla-pentru-bayern-munchen-in-cupa-germaniei&#8211;1590257&#8243;]<\/p>\n","protected":false},"excerpt":{"rendered":"<p>[analyse_image type=&#8221;featured&#8221; src=&#8221;https:\/\/agerpres.ro\/data\/202609\/20260903103232_423480.jpg&#8221;] Atacantul englez Harry Kane a reu\u0219it o dubl\u0103 pentru Bayern Munchen, de\u021bin\u0103toarea trofeului, \u00een meciul c\u00e2\u0219tigat \u00een deplasare, cu scorul de 4-1 \u00een fa\u021ba forma\u021biei de lig\u0103 secund\u0103 VfL Osnabruck, miercuri, \u00een primul tur al Cupei Germaniei la fotbal. Gazdele au deschis scorul dup\u0103 doar cinci minute de joc, prin Robin Meisnner, [&hellip;]<\/p>\n","protected":false},"author":1,"featured_media":0,"comment_status":"open","ping_status":"","sticky":false,"template":"","format":"standard","meta":{"footnotes":""},"categories":[2],"tags":[37,226],"class_list":["post-2125953","post","type-post","status-publish","format-standard","hentry","category-politics","tag-agerpres-ro","tag-crawlmanager"],"_links":{"self":[{"href":"https:\/\/analyse.optim.biz\/index.php?rest_route=\/wp\/v2\/posts\/2125953","targetHints":{"allow":["GET"]}}],"collection":[{"href":"https:\/\/analyse.optim.biz\/index.php?rest_route=\/wp\/v2\/posts"}],"about":[{"href":"https:\/\/analyse.optim.biz\/index.php?rest_route=\/wp\/v2\/types\/post"}],"author":[{"embeddable":true,"href":"https:\/\/analyse.optim.biz\/index.php?rest_route=\/wp\/v2\/users\/1"}],"replies":[{"embeddable":true,"href":"https:\/\/analyse.optim.biz\/index.php?rest_route=%2Fwp%2Fv2%2Fcomments&post=2125953"}],"version-history":[{"count":0,"href":"https:\/\/analyse.optim.biz\/index.php?rest_route=\/wp\/v2\/posts\/2125953\/revisions"}],"wp:attachment":[{"href":"https:\/\/analyse.optim.biz\/index.php?rest_route=%2Fwp%2Fv2%2Fmedia&parent=2125953"}],"wp:term":[{"taxonomy":"category","embeddable":true,"href":"https:\/\/analyse.optim.biz\/index.php?rest_route=%2Fwp%2Fv2%2Fcategories&post=2125953"},{"taxonomy":"post_tag","embeddable":true,"href":"https:\/\/analyse.optim.biz\/index.php?rest_route=%2Fwp%2Fv2%2Ftags&post=2125953"}],"curies":[{"name":"wp","href":"https:\/\/api.w.org\/{rel}","templated":true}]}}