{"id":2125950,"date":"2026-09-03T09:38:09","date_gmt":"2026-09-03T06:38:09","guid":{"rendered":"https:\/\/analyse.optim.biz\/?p=2125950"},"modified":"2026-09-03T09:38:09","modified_gmt":"2026-09-03T06:38:09","slug":"video-lithuania-will-act-fast-to-a-war-footing-if-russia-attacks-it-foreign-minister-budrys-says","status":"publish","type":"post","link":"https:\/\/analyse.optim.biz\/?p=2125950","title":{"rendered":"Video. Lithuania will act fast to a war footing if Russia attacks it, Foreign Minister Budrys says"},"content":{"rendered":"<p>[analyse_image type=&#8221;featured&#8221; src=&#8221;https:\/\/images.euronews.com\/articles\/stories\/09\/89\/95\/37\/1200x675_cmsv2_6342f66f-9d08-5b0c-bdd0-302b605d4714-9899537.jpg&#8221;]<\/p>\n<article id=\"abe-2922780-pos1-c-latest-stories\" class=\"the-media-object m-modeMobile-1 m-modeDesktop-1 m-modeXL-1\" data-nid=\"2922780\" data-cid=\"9899728\" data-part-label=\"Partner content\">\n<figure id=\"abe-2922780-label-pos1-c-latest-stories\" class=\"the-media-object__figure\"><img decoding=\"async\" class=\"the-media-object__image\" src=\"https:\/\/images.euronews.com\/articles\/stories\/09\/89\/97\/28\/189x106_cmsv2_9384f515-952c-54a4-9910-5e37e53c2f14-9899728.jpg\" loading=\"lazy\" alt=\"The Swedish parliament (Riksdagen) votes on new justice legislation in Stockholm, Monday, June 15, 2026\" height=\"9\" width=\"16\"><\/figure>\n<div class=\"the-media-object__content\">\n                    Tech News<\/p>\n<div class=\"the-media-object__title  \">\n<p>    Politicians are letting AI write speeches and laws without telling voters, study says\n  <\/p><\/div>\n<\/div>\n<\/article>\n<article id=\"abe-2922767-pos2-c-latest-stories\" class=\"the-media-object m-modeMobile-1 m-modeDesktop-1 m-modeXL-1\" data-nid=\"2922767\" data-cid=\"9899703\" data-part-label=\"Partner content\">\n<figure id=\"abe-2922767-label-pos2-c-latest-stories\" class=\"the-media-object__figure\"><img decoding=\"async\" class=\"the-media-object__image\" src=\"https:\/\/images.euronews.com\/articles\/stories\/09\/89\/97\/03\/189x106_cmsv2_08e3ef94-84a5-564c-b7c8-f3bcdaeb23a9-9899703.jpg\" loading=\"lazy\" alt=\"520 weeks in the UK Top 100 \" height=\"9\" width=\"16\"><\/figure>\n<div class=\"the-media-object__content\">\n                    Culture news<\/p>\n<div class=\"the-media-object__title  \">\n<p>    How has this early 2000s song spent 520 weeks in the UK Chart?\n  <\/p><\/div>\n<\/div>\n<\/article>\n<article id=\"abe-2922746-pos3-c-latest-stories\" class=\"the-media-object m-modeMobile-1 m-modeDesktop-1 m-modeXL-1\" data-nid=\"2922746\" data-cid=\"9899642\" data-part-label=\"Partner content\">\n<figure id=\"abe-2922746-label-pos3-c-latest-stories\" class=\"the-media-object__figure\"><img decoding=\"async\" class=\"the-media-object__image\" src=\"https:\/\/images.euronews.com\/articles\/stories\/09\/89\/96\/42\/189x106_cmsv2_8e2ae8ff-f670-5a03-8853-2362e24df0d2-9899642.jpg\" loading=\"lazy\" alt=\"Russian Security Council Deputy Chairman Dmitry Medvedev, center, leads a meeting on countering Western sanctions against Russian companies on Friday, July 31, 2026.\" height=\"9\" width=\"16\"><\/figure>\n<div class=\"the-media-object__content\">\n                    Europe News<\/p>\n<div class=\"the-media-object__title  \">\n<p>    Putin&#8217;s regime not enough to freeze Russia-linked firms, EU rules\n  <\/p><\/div>\n<\/div>\n<\/article>\n<article id=\"abe-2922777-pos4-c-latest-stories\" class=\"the-media-object m-modeMobile-1 m-modeDesktop-1 m-modeXL-1\" data-nid=\"2922777\" data-cid=\"9899725\" data-part-label=\"Partner content\">\n<figure id=\"abe-2922777-label-pos4-c-latest-stories\" class=\"the-media-object__figure\"><img decoding=\"async\" class=\"the-media-object__image\" src=\"https:\/\/images.euronews.com\/articles\/stories\/09\/89\/97\/25\/189x106_cmsv2_26c3ee4c-052a-5e34-9a0e-b0ba70942aa4-9899725.jpg\" loading=\"lazy\" alt=\"Flames consume trees as a wildfire called the Plaskett Fire burns in Big Sure, 28 August, 2026\" height=\"9\" width=\"16\"><\/figure>\n<div class=\"the-media-object__content\">\n                    Earth News<\/p>\n<div class=\"the-media-object__title  \">\n<p>    El Ni\u00f1o to be &#8216;very strong&#8217; and last until February, UN warns\n  <\/p><\/div>\n<\/div>\n<\/article>\n<article id=\"abe-2922780-pos1-c-latest-stories-sidebar\" class=\"the-media-object m-modeMobile-2 m-modeDesktop-2 m-modeXL-2\" data-nid=\"2922780\" data-cid=\"9899728\" data-part-label=\"Partner content\">\n<figure id=\"abe-2922780-label-pos1-c-latest-stories-sidebar\" class=\"the-media-object__figure\"><img decoding=\"async\" class=\"the-media-object__image\" src=\"https:\/\/images.euronews.com\/articles\/stories\/09\/89\/97\/28\/189x106_cmsv2_9384f515-952c-54a4-9910-5e37e53c2f14-9899728.jpg\" loading=\"lazy\" alt=\"The Swedish parliament (Riksdagen) votes on new justice legislation in Stockholm, Monday, June 15, 2026\" height=\"9\" width=\"16\"><\/figure>\n<div class=\"the-media-object__content\">\n                    Tech News<\/p>\n<div class=\"the-media-object__title  \">\n<p>    Politicians are letting AI write speeches and laws without telling voters, study says\n  <\/p><\/div>\n<\/div>\n<\/article>\n<article id=\"abe-2922767-pos2-c-latest-stories-sidebar\" class=\"the-media-object m-modeMobile-2 m-modeDesktop-2 m-modeXL-2\" data-nid=\"2922767\" data-cid=\"9899703\" data-part-label=\"Partner content\">\n<figure id=\"abe-2922767-label-pos2-c-latest-stories-sidebar\" class=\"the-media-object__figure\"><img decoding=\"async\" class=\"the-media-object__image\" src=\"https:\/\/images.euronews.com\/articles\/stories\/09\/89\/97\/03\/189x106_cmsv2_08e3ef94-84a5-564c-b7c8-f3bcdaeb23a9-9899703.jpg\" loading=\"lazy\" alt=\"520 weeks in the UK Top 100 \" height=\"9\" width=\"16\"><\/figure>\n<div class=\"the-media-object__content\">\n                    Culture news<\/p>\n<div class=\"the-media-object__title  \">\n<p>    How has this early 2000s song spent 520 weeks in the UK Chart?\n  <\/p><\/div>\n<\/div>\n<\/article>\n<article id=\"abe-2922746-pos3-c-latest-stories-sidebar\" class=\"the-media-object m-modeMobile-2 m-modeDesktop-2 m-modeXL-2\" data-nid=\"2922746\" data-cid=\"9899642\" data-part-label=\"Partner content\">\n<figure id=\"abe-2922746-label-pos3-c-latest-stories-sidebar\" class=\"the-media-object__figure\"><img decoding=\"async\" class=\"the-media-object__image\" src=\"https:\/\/images.euronews.com\/articles\/stories\/09\/89\/96\/42\/189x106_cmsv2_8e2ae8ff-f670-5a03-8853-2362e24df0d2-9899642.jpg\" loading=\"lazy\" alt=\"Russian Security Council Deputy Chairman Dmitry Medvedev, center, leads a meeting on countering Western sanctions against Russian companies on Friday, July 31, 2026.\" height=\"9\" width=\"16\"><\/figure>\n<div class=\"the-media-object__content\">\n                    Europe News<\/p>\n<div class=\"the-media-object__title  \">\n<p>    Putin&#8217;s regime not enough to freeze Russia-linked firms, EU rules\n  <\/p><\/div>\n<\/div>\n<\/article>\n<article id=\"abe-2922777-pos4-c-latest-stories-sidebar\" class=\"the-media-object m-modeMobile-2 m-modeDesktop-2 m-modeXL-2\" data-nid=\"2922777\" data-cid=\"9899725\" data-part-label=\"Partner content\">\n<figure id=\"abe-2922777-label-pos4-c-latest-stories-sidebar\" class=\"the-media-object__figure\"><img decoding=\"async\" class=\"the-media-object__image\" src=\"https:\/\/images.euronews.com\/articles\/stories\/09\/89\/97\/25\/189x106_cmsv2_26c3ee4c-052a-5e34-9a0e-b0ba70942aa4-9899725.jpg\" loading=\"lazy\" alt=\"Flames consume trees as a wildfire called the Plaskett Fire burns in Big Sure, 28 August, 2026\" height=\"9\" width=\"16\"><\/figure>\n<div class=\"the-media-object__content\">\n                    Earth News<\/p>\n<div class=\"the-media-object__title  \">\n<p>    El Ni\u00f1o to be &#8216;very strong&#8217; and last until February, UN warns\n  <\/p><\/div>\n<\/div>\n<\/article>\n<article class=\"o-section--fullwidth js-playlist b-videos-players u-max-width-1600\">\n<div class=\"js-superdiv u-aspect-ratio-16x9 u-position-relative b-videos-players__container\" data-controller=\"video-player\" data-sponsored=\"Partner content\"><img fetchpriority=\"high\" decoding=\"async\" class=\"js-poster-img c-article-media__img\" src=\"https:\/\/images.euronews.com\/articles\/stories\/09\/89\/95\/37\/1536x864_cmsv2_6342f66f-9d08-5b0c-bdd0-302b605d4714-9899537.jpg\" width=\"1536\" height=\"864\" loading=\"eager\" alt=\"K\u0119stutis Budrys, Lithuanian Foreign Affairs Minister\"><\/div>\n<div class=\"b-videos-players__text o-section\" id=\"js-replaceable-video-article-details\" data-obfuscatelink=\"1\">\n<div class=\"b-videos-players__headline\"><span class=\"article-label__name\">Europe Today<\/span><\/p>\n<h1 class=\"c-article-title u-text-align--left u-padding-end-desktop-6 u-padding-1\">\n                                  Video.<\/p>\n<p>          Lithuania will act fast to a war footing if Russia attacks it, Foreign Minister Budrys says<br \/>\n  <\/h1>\n<ul class=\"c-social-share c-social-share--video js-social-share-list \">\n<li class=\"c-social-share__item\"><img decoding=\"async\" src=\"https:\/\/static.euronews.com\/website\/images\/vector\/social-icons\/social_icon_fb.svg\" width=\"32\" height=\"32\" alt class=\"c-social-share__icon\" loading=\"lazy\"><span class=\"js-only-en js-obscurate\" aria-label=\"Share this article on Facebook\" data-obscure=\"{&quot;onClick&quot;:&quot;fbLinkClick&quot;, &quot;url&quot;:&quot;https:\/\/www.facebook.com\/share.php?u=https%3A%2F%2Fwww.euronews.com%2Fvideo%2F2026%2F09%2F03%2Flithuania-will-act-fast-to-a-war-footing-if-russia-attacks-it-foreign-minister-budrys-says%3Futm_source%3DFacebook%26utm_medium%3DSocial&amp;title=Lithuania%20will%20act%20fast%20to%20a%20war%20footing%20if%20Russia%20attacks%20it%2C%20Foreign%20Minister%20Budrys%20says&quot;, &quot;img&quot;: &quot;{&quot;class&quot;: &quot;c-social-share__icon&quot;, &quot;src&quot;: &quot;https:\/\/static.euronews.com\/website\/images\/vector\/social-icons\/social_icon_fb.svg&quot;, &quot;width&quot;:&quot;32&quot;, &quot;height&quot;:&quot;32&quot;, &quot;loading&quot;:&quot;lazy&quot;, &quot;fetchpriority&quot;:&quot;low&quot;}&quot;, &quot;title&quot;:&quot;Share this article on Facebook&quot;, &quot;target&quot;: &quot;_blank&quot;, &quot;replace&quot;: false}\"><img decoding=\"async\" src=\"https:\/\/static.euronews.com\/website\/images\/vector\/social-icons\/social_icon_fb.svg\" width=\"32\" height=\"32\" alt class=\"c-social-share__icon\" loading=\"lazy\"><\/span><\/li>\n<li class=\"c-social-share__item\"><img decoding=\"async\" src=\"https:\/\/static.euronews.com\/website\/images\/vector\/social-icons\/social_icon_twitter.svg\" width=\"32\" height=\"32\" alt class=\"c-social-share__icon\" loading=\"lazy\"><span class=\"js-only-en js-obscurate\" aria-label=\"Share this article on Twitter\" data-obscure=\"{&quot;onClick&quot;:&quot;twLinkClick&quot;, &quot;url&quot;:&quot;https:\/\/twitter.com\/intent\/tweet?text=Lithuania%20will%20act%20fast%20to%20a%20war%20footing%20if%20Russia%20attacks%20it%2C%20Foreign%20Minister%20Budrys%20says&amp;url=https:\/\/www.euronews.com\/video\/2026\/09\/03\/lithuania-will-act-fast-to-a-war-footing-if-russia-attacks-it-foreign-minister-budrys-says%3Futm_source%3DTwitter%26utm_medium%3DSocial&quot;, &quot;img&quot;: &quot;{&quot;class&quot;: &quot;c-social-share__icon&quot;, &quot;src&quot;: &quot;https:\/\/static.euronews.com\/website\/images\/vector\/social-icons\/social_icon_twitter.svg&quot;, &quot;width&quot;:&quot;32&quot;, &quot;height&quot;:&quot;32&quot;, &quot;loading&quot;:&quot;lazy&quot;, &quot;fetchpriority&quot;:&quot;low&quot;}&quot;, &quot;title&quot;:&quot;Share this article on Twitter&quot;, &quot;target&quot;: &quot;_blank&quot;, &quot;replace&quot;: false}\"><img decoding=\"async\" class=\"c-social-share__icon\" src=\"https:\/\/static.euronews.com\/website\/images\/vector\/social-icons\/social_icon_twitter.svg\" title=\"Twitter\" alt=\"Twitter\" width=\"32\" height=\"32\" loading=\"lazy\"><\/span><\/li>\n<li class=\"c-social-share__item\"><img decoding=\"async\" src=\"https:\/\/static.euronews.com\/website\/images\/vector\/social-icons\/social_icon_mail_white.svg\" width=\"22\" height=\"22\" alt class=\"c-social-share__icon\" loading=\"lazy\"><span class=\"js-only-en js-obscurate\" aria-label=\"Share\" data-obscure=\"{&quot;url&quot;:&quot;mailto:?body=\/video\/2026\/09\/03\/lithuania-will-act-fast-to-a-war-footing-if-russia-attacks-it-foreign-minister-budrys-says&quot;, &quot;img&quot;: &quot;{&quot;class&quot;: &quot;c-social-share__icon&quot;, &quot;src&quot;: &quot;https:\/\/static.euronews.com\/website\/images\/vector\/social-icons\/social_icon_mail_white.svg&quot;, &quot;width&quot;:&quot;22&quot;, &quot;height&quot;:&quot;22&quot;}&quot;, &quot;title&quot;:&quot;Share&quot;, &quot;target&quot;: &quot;_blank&quot;, &quot;replace&quot;: false}\"><img decoding=\"async\" src=\"https:\/\/static.euronews.com\/website\/images\/vector\/social-icons\/social_icon_mail_white.svg\" width=\"22\" height=\"22\" alt class=\"c-social-share__icon\" loading=\"lazy\"><\/span><\/li>\n<li class=\"c-social-share__item js-tooltip c-tooltip\" aria-label=\"Copy\/paste the article video embed link below:\"><img decoding=\"async\" src=\"https:\/\/static.euronews.com\/website\/images\/vector\/social-icons\/social_icon_copy_link.svg\" width=\"16\" height=\"16\" alt class=\"c-social-share__icon\" loading=\"lazy\">\n<div class=\"c-tooltip__wrapper\">\n<div class=\"c-tooltip__content\">\n<div class=\"c-tooltip__title\">\n          Copy\/paste the link below:\n        <\/div>\n<\/div>\n<\/div>\n<\/li>\n<li class=\"c-social-share__item js-tooltip c-tooltip\"><img decoding=\"async\" src=\"https:\/\/static.euronews.com\/website\/images\/vector\/social-icons\/euronews_icons_embed.svg\" width=\"24\" height=\"24\" alt class=\"c-social-share__icon\" loading=\"lazy\">\n<div class=\"c-tooltip__wrapper\">\n<div class=\"c-tooltip__content\">\n<div class=\"c-tooltip__title\">\n          Copy\/paste the article video embed link below:\n        <\/div>\n<\/div>\n<\/div>\n<\/li>\n<\/ul>\n<\/div>\n<div class=\"b-videos-players__content\">\n<div class=\"b-videos-players__date-disclaimer\">\n<div class=\"b-videos-players__date u-margin-y-1\" data-timestamp=\"1788428289\">\n              Updated: <time datetime=\"2026-09-03 11:38:09 +02:00\">03\/09\/2026 &#8211; 11:38 GMT+2<\/time><\/div>\n<\/div>\n<div class=\"b-videos-players__summary-box \">\n<div class=\"b-videos-players__rest-of-text js-rest-of-text b-videos-players__rest-of-text--display\">\n<div class=\"c-article-content\">\n<p>Lithuanian Foreign Affairs Minister K\u0119stutis Budrys was speaking on the sidelines of a European Ministers meeting in Ireland. EU ministers were joined by Ukrainian, British, Icelandic, Norwegian and Canadian counterparts where a deteriorating European security situation was top of the agenda.<\/p>\n<div>\n<div class=\"c-ad u-show-for-mobile-only\">\n<div class=\"c-ad__placeholder\"><img loading=\"lazy\" decoding=\"async\" class=\"c-ad__placeholder__logo\" src=\"https:\/\/static.euronews.com\/website\/images\/logos\/logo-euronews-stacked-outlined-72x72-grey-9.svg\" width=\"72\" height=\"72\" alt><span>ADVERTISEMENT<\/span><\/div>\n<\/div>\n<div class=\"c-ad u-show-for-desktop\">\n<div class=\"c-ad__placeholder\"><img loading=\"lazy\" decoding=\"async\" class=\"c-ad__placeholder__logo\" src=\"https:\/\/static.euronews.com\/website\/images\/logos\/logo-euronews-stacked-outlined-72x72-grey-9.svg\" width=\"72\" height=\"72\" alt><span>ADVERTISEMENT<\/span><\/div>\n<\/div>\n<\/div>\n<p>Germany&#8217;s decision to formally hold Russia responsible for a drone attack at Leipzig airport on August 4th was also at the forefront of the discussion.<\/p>\n<p>EU Foreign Policy chief Kaja Kallas told reporters that &#8220;Moscow has not changed its war aims.&#8221; <\/p>\n<p>She also said the increasing number of more violent hybrid-war attacks by Russia against NATO and European states are intended to &#8220;scare&#8221; citizens and deter them from supporting Ukraine. <\/p>\n<p>Minister Budrys said if Russia were to injure or cause severe damage to Lithuanian territory, his government would act &#8220;immediately&#8221; in self-defence.<\/p>\n<p>Once there is the &#8216;attribution this it was Russia, and there is intention, and damage then, and it falls under UN Chartered definition for self-defence,&#8217; then &#8220;of course we would&#8221; respond in self-defence. <\/p>\n<p>&#8220;We don&#8217;t need some working group or some commission to find out that we take our time,&#8221; he said.<\/p>\n<\/div>\n<div class=\"b-videos-players__tags\">\n<ul id=\"adb-article-tags\" class=\"c-tags-list\">\n<li class=\"c-tags-list__item\">\n<section class=\"tc-cta\" data-twig-component=\"Cta-default\">\n  Russia<br \/>\n<\/section>\n<\/li>\n<li class=\"c-tags-list__item\">\n<section class=\"tc-cta\" data-twig-component=\"Cta-default\">\n  War in Ukraine<br \/>\n<\/section>\n<\/li>\n<li class=\"c-tags-list__item\">\n<section class=\"tc-cta\" data-twig-component=\"Cta-default\">\n  Lithuania<br \/>\n<\/section>\n<\/li>\n<\/ul>\n<\/div>\n<\/div>\n<\/div>\n<\/div>\n<\/div>\n<div class=\"b-videos-players__playlist u-margin-bottom-desktop-3 u-margin-top-desktop-3 u-padding-bottom-desktop-down-2 u-padding-x-2 u-padding-x-desktop-3 u-position-relative\" id=\"js-videos-players__playlist\">\n<h2 class=\"b-videos-players__playlist__title\">Top stories<\/h2>\n<div class=\"u-position-relative u-margin-bottom-3 js-playlist-item\" data-articleid=\"2922737\">\n<article id class=\"the-media-object m-modeMobile-2 m-modeDesktop-2 m-modeXL-2 the-media-object--has-video the-media-object--has-related the-media-object--no-label\" data-nid=\"2922737\" data-cid=\"9899537\" data-part-label=\"Partner content\">\n<figure id class=\"the-media-object__figure\"><img decoding=\"async\" class=\"the-media-object__image\" src=\"https:\/\/images.euronews.com\/articles\/stories\/09\/89\/95\/37\/320x180_cmsv2_6342f66f-9d08-5b0c-bdd0-302b605d4714-9899537.jpg\" loading=\"lazy\" alt=\"K\u0119stutis Budrys, Lithuanian Foreign Affairs Minister\" height=\"9\" width=\"16\"><span class=\"b-videos-players__playlist__label b-videos-players__playlist__label--now-playing the-media-object__now u-hide-for-all\">Now playing<\/span><span class=\"b-videos-players__playlist__label b-videos-players__playlist__label--next the-media-object__next u-hide-for-all\">Next<\/span><\/figure>\n<div class=\"the-media-object__content\">\n<h3 class=\"the-media-object__title u-color-white u-color-hover-grey \">\n<p>    Lithuania will act fast to a war footing if Russia attacks it, Foreign Minister Budrys says<br \/>\n  <\/h3>\n<\/div>\n<\/article>\n<\/div>\n<div class=\"u-position-relative u-margin-bottom-3 js-playlist-item\" data-articleid=\"2913470\">\n<article id class=\"the-media-object m-modeMobile-2 m-modeDesktop-2 m-modeXL-2 the-media-object--has-video the-media-object--no-label\" data-nid=\"2913470\" data-cid=\"9889855\" data-part-label=\"Partner content\">\n<figure id class=\"the-media-object__figure\"><img decoding=\"async\" class=\"the-media-object__image\" src=\"https:\/\/images.euronews.com\/articles\/stories\/09\/88\/98\/55\/320x180_cmsv2_4ed155d8-c6fe-57c1-9684-c71ad3bfbf21-9889855.jpg\" loading=\"lazy\" alt=\"Ursula von der Leyen, President of European Commission\" height=\"9\" width=\"16\"><span class=\"b-videos-players__playlist__label b-videos-players__playlist__label--now-playing the-media-object__now u-hide-for-all\">Now playing<\/span><span class=\"b-videos-players__playlist__label b-videos-players__playlist__label--next the-media-object__next u-hide-for-all\">Next<\/span><\/figure>\n<div class=\"the-media-object__content\">\n<h3 class=\"the-media-object__title u-color-white u-color-hover-grey \">\n<p>    Europe enters new security era as Spain&#8217;s government hits new crisis<br \/>\n  <\/h3>\n<\/div>\n<\/article>\n<\/div>\n<div class=\"u-position-relative u-margin-bottom-3 js-playlist-item\" data-articleid=\"2922719\">\n<article id class=\"the-media-object m-modeMobile-2 m-modeDesktop-2 m-modeXL-2 the-media-object--has-video the-media-object--has-related the-media-object--no-label\" data-nid=\"2922719\" data-cid=\"9899479\" data-part-label=\"Partner content\">\n<figure id class=\"the-media-object__figure\"><img decoding=\"async\" class=\"the-media-object__image\" src=\"https:\/\/images.euronews.com\/articles\/stories\/09\/89\/94\/79\/320x180_cmsv2_b7a84fdc-c93d-5e86-a230-34ea6f7f73ee-9899479.jpg\" loading=\"lazy\" alt=\"A robot makes a heart sign as it interacts with visitors during a demonstration of AI-based robotics in Europe at the European Parliament in Brussels, Wednesday, Sept. 2, 2026\" height=\"9\" width=\"16\"><span class=\"b-videos-players__playlist__label b-videos-players__playlist__label--now-playing the-media-object__now u-hide-for-all\">Now playing<\/span><span class=\"b-videos-players__playlist__label b-videos-players__playlist__label--next the-media-object__next u-hide-for-all\">Next<\/span><\/figure>\n<div class=\"the-media-object__content\">\n<h3 class=\"the-media-object__title u-color-white u-color-hover-grey \">\n<p>    AI-powered robots showcased at European Parliament in Brussels<br \/>\n  <\/h3>\n<\/div>\n<\/article>\n<\/div>\n<div class=\"u-position-relative u-margin-bottom-3 js-playlist-item\" data-articleid=\"2922705\">\n<article id class=\"the-media-object m-modeMobile-2 m-modeDesktop-2 m-modeXL-2 the-media-object--has-video the-media-object--no-label\" data-nid=\"2922705\" data-cid=\"9899417\" data-part-label=\"Partner content\">\n<figure id class=\"the-media-object__figure\"><img decoding=\"async\" class=\"the-media-object__image\" src=\"https:\/\/images.euronews.com\/articles\/stories\/09\/89\/94\/17\/320x180_cmsv2_14631c5a-ec4f-528e-8bb9-64d7158f8290-9899417.jpg\" loading=\"lazy\" alt=\"Latest news bulletin | September 3rd, 2026 \u2013 Morning\" height=\"9\" width=\"16\"><span class=\"b-videos-players__playlist__label b-videos-players__playlist__label--now-playing the-media-object__now u-hide-for-all\">Now playing<\/span><span class=\"b-videos-players__playlist__label b-videos-players__playlist__label--next the-media-object__next u-hide-for-all\">Next<\/span><\/figure>\n<div class=\"the-media-object__content\">\n<h3 class=\"the-media-object__title u-color-white u-color-hover-grey \">\n<p>    Latest news bulletin | September 3rd, 2026 \u2013 Morning<br \/>\n  <\/h3>\n<\/div>\n<\/article>\n<\/div>\n<div class=\"u-position-relative u-margin-bottom-3 js-playlist-item\" data-articleid=\"2922704\">\n<article id class=\"the-media-object m-modeMobile-2 m-modeDesktop-2 m-modeXL-2 the-media-object--has-video the-media-object--has-related the-media-object--no-label\" data-nid=\"2922704\" data-cid=\"9899416\" data-part-label=\"Partner content\">\n<figure id class=\"the-media-object__figure\"><img decoding=\"async\" class=\"the-media-object__image\" src=\"https:\/\/images.euronews.com\/articles\/stories\/09\/89\/94\/16\/320x180_cmsv2_4507f04c-1a83-536b-8192-da82654d89d9-9899416.jpg\" loading=\"lazy\" alt=\"Flowers and a candle lie in front of a portrait of slain investigative journalist Daphne Caruana Galizia during a vigil in Valletta, 16 October, 2018\" height=\"9\" width=\"16\"><span class=\"b-videos-players__playlist__label b-videos-players__playlist__label--now-playing the-media-object__now u-hide-for-all\">Now playing<\/span><span class=\"b-videos-players__playlist__label b-videos-players__playlist__label--next the-media-object__next u-hide-for-all\">Next<\/span><\/figure>\n<div class=\"the-media-object__content\">\n<h3 class=\"the-media-object__title u-color-white u-color-hover-grey \">\n<p>    Outrage as Maltese tycoon acquitted of journalist&#8217;s 2017 murder<br \/>\n  <\/h3>\n<\/div>\n<\/article>\n<\/div>\n<div class=\"u-position-relative u-margin-bottom-3 js-playlist-item\" data-articleid=\"2922601\">\n<article id class=\"the-media-object m-modeMobile-2 m-modeDesktop-2 m-modeXL-2 the-media-object--has-video the-media-object--has-related the-media-object--no-label\" data-nid=\"2922601\" data-cid=\"9899208\" data-part-label=\"Partner content\">\n<figure id class=\"the-media-object__figure\"><img decoding=\"async\" class=\"the-media-object__image\" src=\"https:\/\/images.euronews.com\/articles\/stories\/09\/89\/89\/54\/320x180_cmsv2_93854016-421e-5d89-9af6-07df6b4e0f3a-9898954.jpg\" loading=\"lazy\" alt=\"King Charles III of England with French President Emmanuel Macron and Prime Minister Andy Burnham at the British Museum in London, 2 September 2026.\" height=\"9\" width=\"16\"><span class=\"b-videos-players__playlist__label b-videos-players__playlist__label--now-playing the-media-object__now u-hide-for-all\">Now playing<\/span><span class=\"b-videos-players__playlist__label b-videos-players__playlist__label--next the-media-object__next u-hide-for-all\">Next<\/span><\/figure>\n<div class=\"the-media-object__content\">\n<h3 class=\"the-media-object__title u-color-white u-color-hover-grey \">\n<p>    Macron, King Charles hail UK-France ties at Bayeux Tapestry exhibit<br \/>\n  <\/h3>\n<\/div>\n<\/article>\n<\/div>\n<div class=\"u-position-relative u-margin-bottom-3 js-playlist-item u-show-for-desktop js-the-media-object\" data-articleid=\"2922524\">\n<article id class=\"the-media-object m-modeMobile-2 m-modeDesktop-2 m-modeXL-2 the-media-object--has-video the-media-object--has-related the-media-object--no-label\" data-nid=\"2922524\" data-cid=\"9898543\" data-part-label=\"Partner content\">\n<figure id class=\"the-media-object__figure\"><img decoding=\"async\" class=\"the-media-object__image\" src=\"https:\/\/images.euronews.com\/articles\/stories\/09\/89\/85\/43\/320x180_cmsv2_efb8ba1d-6940-5094-a07b-1ffd3e9a5b37-9898543.jpg\" loading=\"lazy\" alt=\"MEPs Bentele (EPP) and Germain (S&amp;D) in The Ring\" height=\"9\" width=\"16\"><span class=\"b-videos-players__playlist__label b-videos-players__playlist__label--now-playing the-media-object__now u-hide-for-all\">Now playing<\/span><span class=\"b-videos-players__playlist__label b-videos-players__playlist__label--next the-media-object__next u-hide-for-all\">Next<\/span><\/figure>\n<div class=\"the-media-object__content\">\n<h3 class=\"the-media-object__title u-color-white u-color-hover-grey \">\n<p>    The surge of the far-right &#8211; who is to blame? MEPs clash in The Ring<br \/>\n  <\/h3>\n<\/div>\n<\/article>\n<\/div>\n<div class=\"u-position-relative u-margin-bottom-3 js-playlist-item u-show-for-desktop js-the-media-object\" data-articleid=\"2921916\">\n<article id class=\"the-media-object m-modeMobile-2 m-modeDesktop-2 m-modeXL-2 the-media-object--has-video the-media-object--no-label\" data-nid=\"2921916\" data-cid=\"9895601\" data-part-label=\"Partner content\">\n<figure id class=\"the-media-object__figure\"><img decoding=\"async\" class=\"the-media-object__image\" src=\"https:\/\/images.euronews.com\/articles\/stories\/09\/89\/56\/01\/320x180_cmsv2_b2ce9185-9b9f-5786-b569-9830fc03a2e3-9895601.jpg\" loading=\"lazy\" alt=\"FILE - Klaus Michael Kuehne, majority owner of Kuehne and Nagel, during a press conference in Hanover. Oct. 12, 2008. (AP Photo\/Joerg Sarb)\" height=\"9\" width=\"16\"><span class=\"b-videos-players__playlist__label b-videos-players__playlist__label--now-playing the-media-object__now u-hide-for-all\">Now playing<\/span><span class=\"b-videos-players__playlist__label b-videos-players__playlist__label--next the-media-object__next u-hide-for-all\">Next<\/span><\/figure>\n<div class=\"the-media-object__content\">\n<h3 class=\"the-media-object__title u-color-white u-color-hover-grey \">\n<p>    Death of Germany&#8217;s richest man creates a giant charitable foundation<br \/>\n  <\/h3>\n<\/div>\n<\/article>\n<\/div>\n<div class=\"u-position-relative u-margin-bottom-3 js-playlist-item u-show-for-desktop js-the-media-object\" data-articleid=\"2913470\">\n<article id class=\"the-media-object m-modeMobile-2 m-modeDesktop-2 m-modeXL-2 the-media-object--has-video the-media-object--no-label\" data-nid=\"2913470\" data-cid=\"9889855\" data-part-label=\"Partner content\">\n<figure id class=\"the-media-object__figure\"><img decoding=\"async\" class=\"the-media-object__image\" src=\"https:\/\/images.euronews.com\/articles\/stories\/09\/88\/98\/55\/320x180_cmsv2_4ed155d8-c6fe-57c1-9684-c71ad3bfbf21-9889855.jpg\" loading=\"lazy\" alt=\"Ursula von der Leyen, President of European Commission\" height=\"9\" width=\"16\"><span class=\"b-videos-players__playlist__label b-videos-players__playlist__label--now-playing the-media-object__now u-hide-for-all\">Now playing<\/span><span class=\"b-videos-players__playlist__label b-videos-players__playlist__label--next the-media-object__next u-hide-for-all\">Next<\/span><\/figure>\n<div class=\"the-media-object__content\">\n<h3 class=\"the-media-object__title u-color-white u-color-hover-grey \">\n<p>    Europe enters new security era as Spain&#8217;s government hits new crisis<br \/>\n  <\/h3>\n<\/div>\n<\/article>\n<\/div>\n<div class=\"u-position-relative u-margin-bottom-3 js-playlist-item u-show-for-desktop js-the-media-object\" data-articleid=\"2922298\">\n<article id class=\"the-media-object m-modeMobile-2 m-modeDesktop-2 m-modeXL-2 the-media-object--has-video the-media-object--has-related the-media-object--no-label\" data-nid=\"2922298\" data-cid=\"9897511\" data-part-label=\"Partner content\">\n<figure id class=\"the-media-object__figure\"><img decoding=\"async\" class=\"the-media-object__image\" src=\"https:\/\/images.euronews.com\/articles\/stories\/09\/89\/75\/11\/320x180_cmsv2_37a01a7f-677d-5af4-bd48-d675fa7c2198-9897511.jpg\" loading=\"lazy\" alt=\"The EU referendum campaign in Iceland\" height=\"9\" width=\"16\"><span class=\"b-videos-players__playlist__label b-videos-players__playlist__label--now-playing the-media-object__now u-hide-for-all\">Now playing<\/span><span class=\"b-videos-players__playlist__label b-videos-players__playlist__label--next the-media-object__next u-hide-for-all\">Next<\/span><\/figure>\n<div class=\"the-media-object__content\">\n<h3 class=\"the-media-object__title u-color-white u-color-hover-grey \">\n<p>    How inaccurate claims may have affected Iceland&#8217;s EU referendum<br \/>\n  <\/h3>\n<\/div>\n<\/article>\n<\/div>\n<div class=\"u-position-relative u-margin-bottom-3 js-playlist-item u-show-for-desktop js-the-media-object\" data-articleid=\"2922572\">\n<article id class=\"the-media-object m-modeMobile-2 m-modeDesktop-2 m-modeXL-2 the-media-object--has-video the-media-object--has-related the-media-object--no-label\" data-nid=\"2922572\" data-cid=\"9898725\" data-part-label=\"Partner content\">\n<figure id class=\"the-media-object__figure\"><img decoding=\"async\" class=\"the-media-object__image\" src=\"https:\/\/images.euronews.com\/articles\/stories\/09\/89\/87\/25\/320x180_cmsv2_214c706e-6f5b-58bc-8500-13eedc2d66c6-9898725.jpg\" loading=\"lazy\" alt=\"FILE - Aeroflot&apos;s passengers planes are parked at Sheremetyevo airport, outside Moscow, Russia, Tuesday, March 1, 2022\" height=\"9\" width=\"16\"><span class=\"b-videos-players__playlist__label b-videos-players__playlist__label--now-playing the-media-object__now u-hide-for-all\">Now playing<\/span><span class=\"b-videos-players__playlist__label b-videos-players__playlist__label--next the-media-object__next u-hide-for-all\">Next<\/span><\/figure>\n<div class=\"the-media-object__content\">\n<h3 class=\"the-media-object__title u-color-white u-color-hover-grey \">\n<p>    Ukraine formally warns airlines that Russian airspace is unsafe<br \/>\n  <\/h3>\n<\/div>\n<\/article>\n<\/div>\n<div class=\"u-position-relative u-margin-bottom-3 js-playlist-item u-show-for-desktop js-the-media-object\" data-articleid=\"2922601\">\n<article id class=\"the-media-object m-modeMobile-2 m-modeDesktop-2 m-modeXL-2 the-media-object--has-video the-media-object--has-related the-media-object--no-label\" data-nid=\"2922601\" data-cid=\"9899208\" data-part-label=\"Partner content\">\n<figure id class=\"the-media-object__figure\"><img decoding=\"async\" class=\"the-media-object__image\" src=\"https:\/\/images.euronews.com\/articles\/stories\/09\/89\/89\/54\/320x180_cmsv2_93854016-421e-5d89-9af6-07df6b4e0f3a-9898954.jpg\" loading=\"lazy\" alt=\"King Charles III of England with French President Emmanuel Macron and Prime Minister Andy Burnham at the British Museum in London, 2 September 2026.\" height=\"9\" width=\"16\"><span class=\"b-videos-players__playlist__label b-videos-players__playlist__label--now-playing the-media-object__now u-hide-for-all\">Now playing<\/span><span class=\"b-videos-players__playlist__label b-videos-players__playlist__label--next the-media-object__next u-hide-for-all\">Next<\/span><\/figure>\n<div class=\"the-media-object__content\">\n<h3 class=\"the-media-object__title u-color-white u-color-hover-grey \">\n<p>    Macron, King Charles hail UK-France ties at Bayeux Tapestry exhibit<br \/>\n  <\/h3>\n<\/div>\n<\/article>\n<\/div>\n<div class=\"u-position-relative u-margin-bottom-3 js-playlist-item u-show-for-desktop js-the-media-object\" data-articleid=\"2922712\">\n<article id class=\"the-media-object m-modeMobile-2 m-modeDesktop-2 m-modeXL-2 the-media-object--has-video the-media-object--no-label\" data-nid=\"2922712\" data-cid=\"9899448\" data-part-label=\"Partner content\">\n<figure id class=\"the-media-object__figure\"><img decoding=\"async\" class=\"the-media-object__image\" src=\"https:\/\/images.euronews.com\/articles\/stories\/09\/89\/94\/48\/320x180_cmsv2_afd9d3e5-bfda-53da-9f43-b6c72e27c9d4-9899448.jpg\" loading=\"lazy\" alt=\"Residents commute across the Trishuli river on a newly installed zipline in the aftermath of flash floods at Bidur in Nepal&apos;s Nuwakot district, Nepal, Wednesday, Sept. 2, 2026\" height=\"9\" width=\"16\"><span class=\"b-videos-players__playlist__label b-videos-players__playlist__label--now-playing the-media-object__now u-hide-for-all\">Now playing<\/span><span class=\"b-videos-players__playlist__label b-videos-players__playlist__label--next the-media-object__next u-hide-for-all\">Next<\/span><\/figure>\n<div class=\"the-media-object__content\">\n<h3 class=\"the-media-object__title u-color-white u-color-hover-grey \">\n<p>    Nepal Army cable helps Nuwakot flood survivors cross river<br \/>\n  <\/h3>\n<\/div>\n<\/article>\n<\/div>\n<div class=\"u-position-relative u-margin-bottom-3 js-playlist-item u-show-for-desktop js-the-media-object\" data-articleid=\"2922692\">\n<article id class=\"the-media-object m-modeMobile-2 m-modeDesktop-2 m-modeXL-2 the-media-object--has-video the-media-object--no-label\" data-nid=\"2922692\" data-cid=\"9899377\" data-part-label=\"Partner content\">\n<figure id class=\"the-media-object__figure\"><img decoding=\"async\" class=\"the-media-object__image\" src=\"https:\/\/images.euronews.com\/articles\/stories\/09\/89\/93\/77\/320x180_cmsv2_87b3506b-1e86-595c-8d89-9d676a517125-9899377.jpg\" loading=\"lazy\" alt=\"FILE - Venezuelan President Nicolas Maduro and his wife Cilia Flores wave after his swearing-in ceremony for a third presidential term, Caracas, Venezuela, on Jan. 10, 2025\" height=\"9\" width=\"16\"><span class=\"b-videos-players__playlist__label b-videos-players__playlist__label--now-playing the-media-object__now u-hide-for-all\">Now playing<\/span><span class=\"b-videos-players__playlist__label b-videos-players__playlist__label--next the-media-object__next u-hide-for-all\">Next<\/span><\/figure>\n<div class=\"the-media-object__content\">\n<h3 class=\"the-media-object__title u-color-white u-color-hover-grey \">\n<p>    Former Venezuelan President Nicolas Maduro and his wife look to end drug charges on immunity grounds<br \/>\n  <\/h3>\n<\/div>\n<\/article>\n<\/div>\n<div class=\"u-position-relative u-margin-bottom-3 js-playlist-item u-show-for-desktop js-the-media-object\" data-articleid=\"2922795\">\n<article id class=\"the-media-object m-modeMobile-2 m-modeDesktop-2 m-modeXL-2 the-media-object--has-video the-media-object--no-label\" data-nid=\"2922795\" data-cid=\"9899829\" data-part-label=\"Partner content\">\n<figure id class=\"the-media-object__figure\"><img decoding=\"async\" class=\"the-media-object__image\" src=\"https:\/\/images.euronews.com\/articles\/stories\/09\/89\/94\/17\/320x180_cmsv2_14631c5a-ec4f-528e-8bb9-64d7158f8290-9899417.jpg\" loading=\"lazy\" alt=\"Latest news bulletin | September 3rd, 2026 \u2013 Midday\" height=\"9\" width=\"16\"><span class=\"b-videos-players__playlist__label b-videos-players__playlist__label--now-playing the-media-object__now u-hide-for-all\">Now playing<\/span><span class=\"b-videos-players__playlist__label b-videos-players__playlist__label--next the-media-object__next u-hide-for-all\">Next<\/span><\/figure>\n<div class=\"the-media-object__content\">\n<h3 class=\"the-media-object__title u-color-white u-color-hover-grey \">\n<p>    Latest news bulletin | September 3rd, 2026 \u2013 Midday<br \/>\n  <\/h3>\n<\/div>\n<\/article>\n<\/div>\n<div class=\"u-position-relative u-margin-bottom-3 js-playlist-item u-show-for-desktop js-the-media-object\" data-articleid=\"2922611\">\n<article id class=\"the-media-object m-modeMobile-2 m-modeDesktop-2 m-modeXL-2 the-media-object--has-video the-media-object--no-label\" data-nid=\"2922611\" data-cid=\"9899000\" data-part-label=\"Partner content\">\n<figure id class=\"the-media-object__figure\"><img decoding=\"async\" class=\"the-media-object__image\" src=\"https:\/\/images.euronews.com\/articles\/stories\/09\/89\/90\/00\/320x180_cmsv2_1119a9ac-36ed-5ca8-ba80-08b950e3c13a-9899000.jpg\" loading=\"lazy\" alt=\"Belgian Foreign Minister Maxime Pr\u00e9vot.\" height=\"9\" width=\"16\"><span class=\"b-videos-players__playlist__label b-videos-players__playlist__label--now-playing the-media-object__now u-hide-for-all\">Now playing<\/span><span class=\"b-videos-players__playlist__label b-videos-players__playlist__label--next the-media-object__next u-hide-for-all\">Next<\/span><\/figure>\n<div class=\"the-media-object__content\">\n<h3 class=\"the-media-object__title u-color-white u-color-hover-grey \">\n<p>    Belgium pushes back against new attempt to use Russian assets to support Ukraine<br \/>\n  <\/h3>\n<\/div>\n<\/article>\n<\/div>\n<\/div>\n<\/article>\n<article id class=\"the-media-object m-modeMobile-2 m-modeDesktop-2 m-modeXL-2 the-media-object--has-video the-media-object--has-related the-media-object--no-label\" data-nid=\"2922737\" data-cid=\"9899537\" data-part-label=\"Partner content\">\n<figure id class=\"the-media-object__figure\"><img decoding=\"async\" class=\"the-media-object__image\" src=\"https:\/\/images.euronews.com\/articles\/stories\/09\/89\/95\/37\/320x180_cmsv2_6342f66f-9d08-5b0c-bdd0-302b605d4714-9899537.jpg\" loading=\"lazy\" alt=\"K\u0119stutis Budrys, Lithuanian Foreign Affairs Minister\" height=\"9\" width=\"16\"><span class=\"b-videos-players__playlist__label b-videos-players__playlist__label--now-playing the-media-object__now u-hide-for-all\">Now playing<\/span><span class=\"b-videos-players__playlist__label b-videos-players__playlist__label--next the-media-object__next u-hide-for-all\">Next<\/span><\/figure>\n<div class=\"the-media-object__content\">\n<h3 class=\"the-media-object__title u-color-white u-color-hover-grey \">\n<p>    Lithuania will act fast to a war footing if Russia attacks it, Foreign Minister Budrys says<br \/>\n  <\/h3>\n<\/div>\n<\/article>\n<article id class=\"the-media-object m-modeMobile-2 m-modeDesktop-2 m-modeXL-2 the-media-object--has-video the-media-object--no-label\" data-nid=\"2913470\" data-cid=\"9889855\" data-part-label=\"Partner content\">\n<figure id class=\"the-media-object__figure\"><img decoding=\"async\" class=\"the-media-object__image\" src=\"https:\/\/images.euronews.com\/articles\/stories\/09\/88\/98\/55\/320x180_cmsv2_4ed155d8-c6fe-57c1-9684-c71ad3bfbf21-9889855.jpg\" loading=\"lazy\" alt=\"Ursula von der Leyen, President of European Commission\" height=\"9\" width=\"16\"><span class=\"b-videos-players__playlist__label b-videos-players__playlist__label--now-playing the-media-object__now u-hide-for-all\">Now playing<\/span><span class=\"b-videos-players__playlist__label b-videos-players__playlist__label--next the-media-object__next u-hide-for-all\">Next<\/span><\/figure>\n<div class=\"the-media-object__content\">\n<h3 class=\"the-media-object__title u-color-white u-color-hover-grey \">\n<p>    Europe enters new security era as Spain&#8217;s government hits new crisis<br \/>\n  <\/h3>\n<\/div>\n<\/article>\n<article id class=\"the-media-object m-modeMobile-2 m-modeDesktop-2 m-modeXL-2 the-media-object--has-video the-media-object--has-related the-media-object--no-label\" data-nid=\"2922719\" data-cid=\"9899479\" data-part-label=\"Partner content\">\n<figure id class=\"the-media-object__figure\"><img decoding=\"async\" class=\"the-media-object__image\" src=\"https:\/\/images.euronews.com\/articles\/stories\/09\/89\/94\/79\/320x180_cmsv2_b7a84fdc-c93d-5e86-a230-34ea6f7f73ee-9899479.jpg\" loading=\"lazy\" alt=\"A robot makes a heart sign as it interacts with visitors during a demonstration of AI-based robotics in Europe at the European Parliament in Brussels, Wednesday, Sept. 2, 2026\" height=\"9\" width=\"16\"><span class=\"b-videos-players__playlist__label b-videos-players__playlist__label--now-playing the-media-object__now u-hide-for-all\">Now playing<\/span><span class=\"b-videos-players__playlist__label b-videos-players__playlist__label--next the-media-object__next u-hide-for-all\">Next<\/span><\/figure>\n<div class=\"the-media-object__content\">\n<h3 class=\"the-media-object__title u-color-white u-color-hover-grey \">\n<p>    AI-powered robots showcased at European Parliament in Brussels<br \/>\n  <\/h3>\n<\/div>\n<\/article>\n<article id class=\"the-media-object m-modeMobile-2 m-modeDesktop-2 m-modeXL-2 the-media-object--has-video the-media-object--no-label\" data-nid=\"2922705\" data-cid=\"9899417\" data-part-label=\"Partner content\">\n<figure id class=\"the-media-object__figure\"><img decoding=\"async\" class=\"the-media-object__image\" src=\"https:\/\/images.euronews.com\/articles\/stories\/09\/89\/94\/17\/320x180_cmsv2_14631c5a-ec4f-528e-8bb9-64d7158f8290-9899417.jpg\" loading=\"lazy\" alt=\"Latest news bulletin | September 3rd, 2026 \u2013 Morning\" height=\"9\" width=\"16\"><span class=\"b-videos-players__playlist__label b-videos-players__playlist__label--now-playing the-media-object__now u-hide-for-all\">Now playing<\/span><span class=\"b-videos-players__playlist__label b-videos-players__playlist__label--next the-media-object__next u-hide-for-all\">Next<\/span><\/figure>\n<div class=\"the-media-object__content\">\n<h3 class=\"the-media-object__title u-color-white u-color-hover-grey \">\n<p>    Latest news bulletin | September 3rd, 2026 \u2013 Morning<br \/>\n  <\/h3>\n<\/div>\n<\/article>\n<article id class=\"the-media-object m-modeMobile-2 m-modeDesktop-2 m-modeXL-2 the-media-object--has-video the-media-object--has-related the-media-object--no-label\" data-nid=\"2922704\" data-cid=\"9899416\" data-part-label=\"Partner content\">\n<figure id class=\"the-media-object__figure\"><img decoding=\"async\" class=\"the-media-object__image\" src=\"https:\/\/images.euronews.com\/articles\/stories\/09\/89\/94\/16\/320x180_cmsv2_4507f04c-1a83-536b-8192-da82654d89d9-9899416.jpg\" loading=\"lazy\" alt=\"Flowers and a candle lie in front of a portrait of slain investigative journalist Daphne Caruana Galizia during a vigil in Valletta, 16 October, 2018\" height=\"9\" width=\"16\"><span class=\"b-videos-players__playlist__label b-videos-players__playlist__label--now-playing the-media-object__now u-hide-for-all\">Now playing<\/span><span class=\"b-videos-players__playlist__label b-videos-players__playlist__label--next the-media-object__next u-hide-for-all\">Next<\/span><\/figure>\n<div class=\"the-media-object__content\">\n<h3 class=\"the-media-object__title u-color-white u-color-hover-grey \">\n<p>    Outrage as Maltese tycoon acquitted of journalist&#8217;s 2017 murder<br \/>\n  <\/h3>\n<\/div>\n<\/article>\n<article id class=\"the-media-object m-modeMobile-2 m-modeDesktop-2 m-modeXL-2 the-media-object--has-video the-media-object--has-related the-media-object--no-label\" data-nid=\"2922601\" data-cid=\"9899208\" data-part-label=\"Partner content\">\n<figure id class=\"the-media-object__figure\"><img decoding=\"async\" class=\"the-media-object__image\" src=\"https:\/\/images.euronews.com\/articles\/stories\/09\/89\/89\/54\/320x180_cmsv2_93854016-421e-5d89-9af6-07df6b4e0f3a-9898954.jpg\" loading=\"lazy\" alt=\"King Charles III of England with French President Emmanuel Macron and Prime Minister Andy Burnham at the British Museum in London, 2 September 2026.\" height=\"9\" width=\"16\"><span class=\"b-videos-players__playlist__label b-videos-players__playlist__label--now-playing the-media-object__now u-hide-for-all\">Now playing<\/span><span class=\"b-videos-players__playlist__label b-videos-players__playlist__label--next the-media-object__next u-hide-for-all\">Next<\/span><\/figure>\n<div class=\"the-media-object__content\">\n<h3 class=\"the-media-object__title u-color-white u-color-hover-grey \">\n<p>    Macron, King Charles hail UK-France ties at Bayeux Tapestry exhibit<br \/>\n  <\/h3>\n<\/div>\n<\/article>\n<article id class=\"the-media-object m-modeMobile-2 m-modeDesktop-2 m-modeXL-2 the-media-object--has-video the-media-object--has-related the-media-object--no-label\" data-nid=\"2922524\" data-cid=\"9898543\" data-part-label=\"Partner content\">\n<figure id class=\"the-media-object__figure\"><img decoding=\"async\" class=\"the-media-object__image\" src=\"https:\/\/images.euronews.com\/articles\/stories\/09\/89\/85\/43\/320x180_cmsv2_efb8ba1d-6940-5094-a07b-1ffd3e9a5b37-9898543.jpg\" loading=\"lazy\" alt=\"MEPs Bentele (EPP) and Germain (S&amp;D) in The Ring\" height=\"9\" width=\"16\"><span class=\"b-videos-players__playlist__label b-videos-players__playlist__label--now-playing the-media-object__now u-hide-for-all\">Now playing<\/span><span class=\"b-videos-players__playlist__label b-videos-players__playlist__label--next the-media-object__next u-hide-for-all\">Next<\/span><\/figure>\n<div class=\"the-media-object__content\">\n<h3 class=\"the-media-object__title u-color-white u-color-hover-grey \">\n<p>    The surge of the far-right &#8211; who is to blame? MEPs clash in The Ring<br \/>\n  <\/h3>\n<\/div>\n<\/article>\n<article id class=\"the-media-object m-modeMobile-2 m-modeDesktop-2 m-modeXL-2 the-media-object--has-video the-media-object--no-label\" data-nid=\"2921916\" data-cid=\"9895601\" data-part-label=\"Partner content\">\n<figure id class=\"the-media-object__figure\"><img decoding=\"async\" class=\"the-media-object__image\" src=\"https:\/\/images.euronews.com\/articles\/stories\/09\/89\/56\/01\/320x180_cmsv2_b2ce9185-9b9f-5786-b569-9830fc03a2e3-9895601.jpg\" loading=\"lazy\" alt=\"FILE - Klaus Michael Kuehne, majority owner of Kuehne and Nagel, during a press conference in Hanover. Oct. 12, 2008. (AP Photo\/Joerg Sarb)\" height=\"9\" width=\"16\"><span class=\"b-videos-players__playlist__label b-videos-players__playlist__label--now-playing the-media-object__now u-hide-for-all\">Now playing<\/span><span class=\"b-videos-players__playlist__label b-videos-players__playlist__label--next the-media-object__next u-hide-for-all\">Next<\/span><\/figure>\n<div class=\"the-media-object__content\">\n<h3 class=\"the-media-object__title u-color-white u-color-hover-grey \">\n<p>    Death of Germany&#8217;s richest man creates a giant charitable foundation<br \/>\n  <\/h3>\n<\/div>\n<\/article>\n<article id class=\"the-media-object m-modeMobile-2 m-modeDesktop-2 m-modeXL-2 the-media-object--has-video the-media-object--no-label\" data-nid=\"2913470\" data-cid=\"9889855\" data-part-label=\"Partner content\">\n<figure id class=\"the-media-object__figure\"><img decoding=\"async\" class=\"the-media-object__image\" src=\"https:\/\/images.euronews.com\/articles\/stories\/09\/88\/98\/55\/320x180_cmsv2_4ed155d8-c6fe-57c1-9684-c71ad3bfbf21-9889855.jpg\" loading=\"lazy\" alt=\"Ursula von der Leyen, President of European Commission\" height=\"9\" width=\"16\"><span class=\"b-videos-players__playlist__label b-videos-players__playlist__label--now-playing the-media-object__now u-hide-for-all\">Now playing<\/span><span class=\"b-videos-players__playlist__label b-videos-players__playlist__label--next the-media-object__next u-hide-for-all\">Next<\/span><\/figure>\n<div class=\"the-media-object__content\">\n<h3 class=\"the-media-object__title u-color-white u-color-hover-grey \">\n<p>    Europe enters new security era as Spain&#8217;s government hits new crisis<br \/>\n  <\/h3>\n<\/div>\n<\/article>\n<article id class=\"the-media-object m-modeMobile-2 m-modeDesktop-2 m-modeXL-2 the-media-object--has-video the-media-object--has-related the-media-object--no-label\" data-nid=\"2922298\" data-cid=\"9897511\" data-part-label=\"Partner content\">\n<figure id class=\"the-media-object__figure\"><img decoding=\"async\" class=\"the-media-object__image\" src=\"https:\/\/images.euronews.com\/articles\/stories\/09\/89\/75\/11\/320x180_cmsv2_37a01a7f-677d-5af4-bd48-d675fa7c2198-9897511.jpg\" loading=\"lazy\" alt=\"The EU referendum campaign in Iceland\" height=\"9\" width=\"16\"><span class=\"b-videos-players__playlist__label b-videos-players__playlist__label--now-playing the-media-object__now u-hide-for-all\">Now playing<\/span><span class=\"b-videos-players__playlist__label b-videos-players__playlist__label--next the-media-object__next u-hide-for-all\">Next<\/span><\/figure>\n<div class=\"the-media-object__content\">\n<h3 class=\"the-media-object__title u-color-white u-color-hover-grey \">\n<p>    How inaccurate claims may have affected Iceland&#8217;s EU referendum<br \/>\n  <\/h3>\n<\/div>\n<\/article>\n<article id class=\"the-media-object m-modeMobile-2 m-modeDesktop-2 m-modeXL-2 the-media-object--has-video the-media-object--has-related the-media-object--no-label\" data-nid=\"2922572\" data-cid=\"9898725\" data-part-label=\"Partner content\">\n<figure id class=\"the-media-object__figure\"><img decoding=\"async\" class=\"the-media-object__image\" src=\"https:\/\/images.euronews.com\/articles\/stories\/09\/89\/87\/25\/320x180_cmsv2_214c706e-6f5b-58bc-8500-13eedc2d66c6-9898725.jpg\" loading=\"lazy\" alt=\"FILE - Aeroflot&apos;s passengers planes are parked at Sheremetyevo airport, outside Moscow, Russia, Tuesday, March 1, 2022\" height=\"9\" width=\"16\"><span class=\"b-videos-players__playlist__label b-videos-players__playlist__label--now-playing the-media-object__now u-hide-for-all\">Now playing<\/span><span class=\"b-videos-players__playlist__label b-videos-players__playlist__label--next the-media-object__next u-hide-for-all\">Next<\/span><\/figure>\n<div class=\"the-media-object__content\">\n<h3 class=\"the-media-object__title u-color-white u-color-hover-grey \">\n<p>    Ukraine formally warns airlines that Russian airspace is unsafe<br \/>\n  <\/h3>\n<\/div>\n<\/article>\n<article id class=\"the-media-object m-modeMobile-2 m-modeDesktop-2 m-modeXL-2 the-media-object--has-video the-media-object--has-related the-media-object--no-label\" data-nid=\"2922601\" data-cid=\"9899208\" data-part-label=\"Partner content\">\n<figure id class=\"the-media-object__figure\"><img decoding=\"async\" class=\"the-media-object__image\" src=\"https:\/\/images.euronews.com\/articles\/stories\/09\/89\/89\/54\/320x180_cmsv2_93854016-421e-5d89-9af6-07df6b4e0f3a-9898954.jpg\" loading=\"lazy\" alt=\"King Charles III of England with French President Emmanuel Macron and Prime Minister Andy Burnham at the British Museum in London, 2 September 2026.\" height=\"9\" width=\"16\"><span class=\"b-videos-players__playlist__label b-videos-players__playlist__label--now-playing the-media-object__now u-hide-for-all\">Now playing<\/span><span class=\"b-videos-players__playlist__label b-videos-players__playlist__label--next the-media-object__next u-hide-for-all\">Next<\/span><\/figure>\n<div class=\"the-media-object__content\">\n<h3 class=\"the-media-object__title u-color-white u-color-hover-grey \">\n<p>    Macron, King Charles hail UK-France ties at Bayeux Tapestry exhibit<br \/>\n  <\/h3>\n<\/div>\n<\/article>\n<article id class=\"the-media-object m-modeMobile-2 m-modeDesktop-2 m-modeXL-2 the-media-object--has-video the-media-object--no-label\" data-nid=\"2922712\" data-cid=\"9899448\" data-part-label=\"Partner content\">\n<figure id class=\"the-media-object__figure\"><img decoding=\"async\" class=\"the-media-object__image\" src=\"https:\/\/images.euronews.com\/articles\/stories\/09\/89\/94\/48\/320x180_cmsv2_afd9d3e5-bfda-53da-9f43-b6c72e27c9d4-9899448.jpg\" loading=\"lazy\" alt=\"Residents commute across the Trishuli river on a newly installed zipline in the aftermath of flash floods at Bidur in Nepal&apos;s Nuwakot district, Nepal, Wednesday, Sept. 2, 2026\" height=\"9\" width=\"16\"><span class=\"b-videos-players__playlist__label b-videos-players__playlist__label--now-playing the-media-object__now u-hide-for-all\">Now playing<\/span><span class=\"b-videos-players__playlist__label b-videos-players__playlist__label--next the-media-object__next u-hide-for-all\">Next<\/span><\/figure>\n<div class=\"the-media-object__content\">\n<h3 class=\"the-media-object__title u-color-white u-color-hover-grey \">\n<p>    Nepal Army cable helps Nuwakot flood survivors cross river<br \/>\n  <\/h3>\n<\/div>\n<\/article>\n<article id class=\"the-media-object m-modeMobile-2 m-modeDesktop-2 m-modeXL-2 the-media-object--has-video the-media-object--no-label\" data-nid=\"2922692\" data-cid=\"9899377\" data-part-label=\"Partner content\">\n<figure id class=\"the-media-object__figure\"><img decoding=\"async\" class=\"the-media-object__image\" src=\"https:\/\/images.euronews.com\/articles\/stories\/09\/89\/93\/77\/320x180_cmsv2_87b3506b-1e86-595c-8d89-9d676a517125-9899377.jpg\" loading=\"lazy\" alt=\"FILE - Venezuelan President Nicolas Maduro and his wife Cilia Flores wave after his swearing-in ceremony for a third presidential term, Caracas, Venezuela, on Jan. 10, 2025\" height=\"9\" width=\"16\"><span class=\"b-videos-players__playlist__label b-videos-players__playlist__label--now-playing the-media-object__now u-hide-for-all\">Now playing<\/span><span class=\"b-videos-players__playlist__label b-videos-players__playlist__label--next the-media-object__next u-hide-for-all\">Next<\/span><\/figure>\n<div class=\"the-media-object__content\">\n<h3 class=\"the-media-object__title u-color-white u-color-hover-grey \">\n<p>    Former Venezuelan President Nicolas Maduro and his wife look to end drug charges on immunity grounds<br \/>\n  <\/h3>\n<\/div>\n<\/article>\n<article id class=\"the-media-object m-modeMobile-2 m-modeDesktop-2 m-modeXL-2 the-media-object--has-video the-media-object--no-label\" data-nid=\"2922795\" data-cid=\"9899829\" data-part-label=\"Partner content\">\n<figure id class=\"the-media-object__figure\"><img decoding=\"async\" class=\"the-media-object__image\" src=\"https:\/\/images.euronews.com\/articles\/stories\/09\/89\/94\/17\/320x180_cmsv2_14631c5a-ec4f-528e-8bb9-64d7158f8290-9899417.jpg\" loading=\"lazy\" alt=\"Latest news bulletin | September 3rd, 2026 \u2013 Midday\" height=\"9\" width=\"16\"><span class=\"b-videos-players__playlist__label b-videos-players__playlist__label--now-playing the-media-object__now u-hide-for-all\">Now playing<\/span><span class=\"b-videos-players__playlist__label b-videos-players__playlist__label--next the-media-object__next u-hide-for-all\">Next<\/span><\/figure>\n<div class=\"the-media-object__content\">\n<h3 class=\"the-media-object__title u-color-white u-color-hover-grey \">\n<p>    Latest news bulletin | September 3rd, 2026 \u2013 Midday<br \/>\n  <\/h3>\n<\/div>\n<\/article>\n<article id class=\"the-media-object m-modeMobile-2 m-modeDesktop-2 m-modeXL-2 the-media-object--has-video the-media-object--no-label\" data-nid=\"2922611\" data-cid=\"9899000\" data-part-label=\"Partner content\">\n<figure id class=\"the-media-object__figure\"><img decoding=\"async\" class=\"the-media-object__image\" src=\"https:\/\/images.euronews.com\/articles\/stories\/09\/89\/90\/00\/320x180_cmsv2_1119a9ac-36ed-5ca8-ba80-08b950e3c13a-9899000.jpg\" loading=\"lazy\" alt=\"Belgian Foreign Minister Maxime Pr\u00e9vot.\" height=\"9\" width=\"16\"><span class=\"b-videos-players__playlist__label b-videos-players__playlist__label--now-playing the-media-object__now u-hide-for-all\">Now playing<\/span><span class=\"b-videos-players__playlist__label b-videos-players__playlist__label--next the-media-object__next u-hide-for-all\">Next<\/span><\/figure>\n<div class=\"the-media-object__content\">\n<h3 class=\"the-media-object__title u-color-white u-color-hover-grey \">\n<p>    Belgium pushes back against new attempt to use Russian assets to support Ukraine<br \/>\n  <\/h3>\n<\/div>\n<\/article>\n<article id=\"abe-2922234-pos1-adaptive-more_from_europe_today\" class=\"the-media-object m-modeMobile-1 m-modeDesktop-1 m-modeXL-1 the-media-object--has-video\" data-nid=\"2922234\" data-cid=\"9897166\" data-part-label=\"Partner content\">\n<figure id=\"abe-2922234-label-pos1-adaptive-more_from_europe_today\" class=\"the-media-object__figure\"><img decoding=\"async\" class=\"the-media-object__image\" src=\"https:\/\/images.euronews.com\/articles\/stories\/09\/89\/71\/66\/320x180_cmsv2_bd1fccdf-e623-5c22-a457-e03f7b0f5acc-9897166.jpg\" loading=\"lazy\" alt=\"Maro\u0161 \u0160ef\u010dovi\u010d, EU trade Commissioner\" height=\"9\" width=\"16\"><\/figure>\n<div class=\"the-media-object__content\">\n                    Europe Today<\/p>\n<h2 class=\"the-media-object__title u-color-white u-color-hover-grey \">\n<p>    China must deliver concrete results by October or face \u2018harsher measures\u2019, EU trade chief tells Euronews<br \/>\n  <\/h2>\n<\/div>\n<\/article>\n<article id=\"abe-2913469-pos2-adaptive-more_from_europe_today\" class=\"the-media-object the-media-object--bordered-mobile-only m-modeMobile-2 m-modeDesktop-1 m-modeXL-1 the-media-object--has-video\" data-nid=\"2913469\" data-cid=\"9854519\" data-part-label=\"Partner content\">\n<figure id=\"abe-2913469-label-pos2-adaptive-more_from_europe_today\" class=\"the-media-object__figure\"><img decoding=\"async\" class=\"the-media-object__image\" src=\"https:\/\/images.euronews.com\/articles\/stories\/09\/85\/45\/19\/320x180_cmsv2_60f90c36-9c8d-508e-bae6-ac6da5b1f044-9854519.jpg\" loading=\"lazy\" alt=\"Kaja Kalas, EU High Representative for Foreign Affairs\" height=\"9\" width=\"16\"><\/figure>\n<div class=\"the-media-object__content\">\n                    Europe Today<\/p>\n<h2 class=\"the-media-object__title u-color-white u-color-hover-grey \">\n<p>    Europe Today: EU foreign ministers meet as Germany attributes drone attack to Russia<br \/>\n  <\/h2>\n<\/div>\n<\/article>\n<article id=\"abe-2922131-pos3-adaptive-more_from_europe_today\" class=\"the-media-object the-media-object--bordered-mobile-only m-modeMobile-2 m-modeDesktop-1 m-modeXL-1 the-media-object--has-video\" data-nid=\"2922131\" data-cid=\"9896629\" data-part-label=\"Partner content\">\n<figure id=\"abe-2922131-label-pos3-adaptive-more_from_europe_today\" class=\"the-media-object__figure\"><img decoding=\"async\" class=\"the-media-object__image\" src=\"https:\/\/images.euronews.com\/articles\/stories\/09\/89\/66\/29\/320x180_cmsv2_20dd799a-dc67-5fcb-bab8-e05e7cd8c58a-9896629.jpg\" loading=\"lazy\" alt=\"Maria Malmer Stenergard, Swedish Minister for Foreign Affairs\" height=\"9\" width=\"16\"><\/figure>\n<div class=\"the-media-object__content\">\n                    Europe Today<\/p>\n<h2 class=\"the-media-object__title u-color-white u-color-hover-grey \">\n<p>    We need to use Russian assets to fund Ukraine, Swedish Foreign Minister says<br \/>\n  <\/h2>\n<\/div>\n<\/article>\n<article id=\"abe-2913468-pos4-adaptive-more_from_europe_today\" class=\"the-media-object the-media-object--bordered-mobile-only m-modeMobile-2 m-modeDesktop-1 m-modeXL-1 the-media-object--has-video\" data-nid=\"2913468\" data-cid=\"9854509\" data-part-label=\"Partner content\">\n<figure id=\"abe-2913468-label-pos4-adaptive-more_from_europe_today\" class=\"the-media-object__figure\"><img decoding=\"async\" class=\"the-media-object__image\" src=\"https:\/\/images.euronews.com\/articles\/stories\/09\/85\/45\/09\/320x180_cmsv2_761c335f-fe69-562c-aef8-b55b814e29d2-9854509.jpg\" loading=\"lazy\" alt=\"EU defence ministers meeting\" height=\"9\" width=\"16\"><\/figure>\n<div class=\"the-media-object__content\">\n                    Europe Today<\/p>\n<h2 class=\"the-media-object__title u-color-white u-color-hover-grey \">\n<p>    Europe Today: EU defence ministers meet amid increased Russia threats as French election campaign gathers pace<br \/>\n  <\/h2>\n<\/div>\n<\/article>\n<article id=\"abe-2922475-pos1-adaptive-latest_video\" class=\"the-media-object m-modeMobile-1 m-modeDesktop-1 m-modeXL-1 the-media-object--has-video\" data-nid=\"2922475\" data-cid=\"9898359\" data-part-label=\"Partner content\">\n<figure id=\"abe-2922475-label-pos1-adaptive-latest_video\" class=\"the-media-object__figure\"><img decoding=\"async\" class=\"the-media-object__image\" src=\"https:\/\/images.euronews.com\/articles\/stories\/09\/89\/83\/59\/320x180_cmsv2_a4b07285-26f8-58f8-a37a-9fcd4cba245e-9898359.jpg\" loading=\"lazy\" alt=\"Actor George Clooney practices to accept his lifetime achievement award at the 83rd Venice Film Festival, Italy, 2 September 2026\" height=\"9\" width=\"16\"><\/figure>\n<div class=\"the-media-object__content\">\n                    Cinema<\/p>\n<h2 class=\"the-media-object__title u-color-white u-color-hover-grey \">\n<p>    Venice Film Festival: Clooney, conflicts and competition dominate as ceremonies begin<br \/>\n  <\/h2>\n<\/div>\n<\/article>\n<article id=\"abe-2922572-pos2-adaptive-latest_video\" class=\"the-media-object the-media-object--bordered-mobile-only m-modeMobile-2 m-modeDesktop-1 m-modeXL-1 the-media-object--has-video\" data-nid=\"2922572\" data-cid=\"9898725\" data-part-label=\"Partner content\">\n<figure id=\"abe-2922572-label-pos2-adaptive-latest_video\" class=\"the-media-object__figure\"><img decoding=\"async\" class=\"the-media-object__image\" src=\"https:\/\/images.euronews.com\/articles\/stories\/09\/89\/87\/25\/320x180_cmsv2_214c706e-6f5b-58bc-8500-13eedc2d66c6-9898725.jpg\" loading=\"lazy\" alt=\"FILE - Aeroflot&apos;s passengers planes are parked at Sheremetyevo airport, outside Moscow, Russia, Tuesday, March 1, 2022\" height=\"9\" width=\"16\"><\/figure>\n<div class=\"the-media-object__content\">\n                    Europe News<\/p>\n<h2 class=\"the-media-object__title u-color-white u-color-hover-grey \">\n<p>    Ukraine formally warns airlines that Russian airspace is unsafe<br \/>\n  <\/h2>\n<\/div>\n<\/article>\n<article id=\"abe-2922298-pos3-adaptive-latest_video\" class=\"the-media-object the-media-object--bordered-mobile-only m-modeMobile-2 m-modeDesktop-1 m-modeXL-1 the-media-object--has-video\" data-nid=\"2922298\" data-cid=\"9897511\" data-part-label=\"Partner content\">\n<figure id=\"abe-2922298-label-pos3-adaptive-latest_video\" class=\"the-media-object__figure\"><img decoding=\"async\" class=\"the-media-object__image\" src=\"https:\/\/images.euronews.com\/articles\/stories\/09\/89\/75\/11\/320x180_cmsv2_37a01a7f-677d-5af4-bd48-d675fa7c2198-9897511.jpg\" loading=\"lazy\" alt=\"The EU referendum campaign in Iceland\" height=\"9\" width=\"16\"><\/figure>\n<div class=\"the-media-object__content\">\n                    The Cube<\/p>\n<h2 class=\"the-media-object__title u-color-white u-color-hover-grey \">\n<p>    Fact check: How inaccurate and conflicting claims may have affected Iceland&#8217;s EU referendum<br \/>\n  <\/h2>\n<\/div>\n<\/article>\n<article id=\"abe-2920086-pos4-adaptive-latest_video\" class=\"the-media-object the-media-object--bordered-mobile-only m-modeMobile-2 m-modeDesktop-1 m-modeXL-1 the-media-object--has-video\" data-nid=\"2920086\" data-cid=\"9886311\" data-part-label=\"Partner content\">\n<figure id=\"abe-2920086-label-pos4-adaptive-latest_video\" class=\"the-media-object__figure\"><img decoding=\"async\" class=\"the-media-object__image\" src=\"https:\/\/images.euronews.com\/articles\/stories\/09\/88\/63\/11\/320x180_cmsv2_6e70ef63-a47b-50f3-91e0-87bdf5e16d16-9886311.jpg\" loading=\"lazy\" alt=\"\u00a9\" height=\"9\" width=\"16\"><\/figure>\n<div class=\"the-media-object__content\">\n                    Modern Nomads<\/p>\n<h2 class=\"the-media-object__title u-color-white u-color-hover-grey \">\n<p>    How horse milk \u2018kymyz\u2019 became a drink still in demand thousands of years later<br \/>\n  <\/h2>\n<\/div>\n<\/article>\n<article id=\"abe-2922479-pos5-adaptive-latest_video\" class=\"the-media-object the-media-object--bordered-mobile-only m-modeMobile-2 m-modeDesktop-1 m-modeXL-1 the-media-object--has-video\" data-nid=\"2922479\" data-cid=\"9898387\" data-part-label=\"Partner content\">\n<figure id=\"abe-2922479-label-pos5-adaptive-latest_video\" class=\"the-media-object__figure\"><img decoding=\"async\" class=\"the-media-object__image\" src=\"https:\/\/images.euronews.com\/articles\/stories\/09\/89\/83\/87\/320x180_cmsv2_6fb03c82-dc10-5a3e-825c-70acfbc68290-9898387.jpg\" loading=\"lazy\" alt=\"NATO Secretary General Mark Rutte and European Commission President Ursula von der Leyen deliver press statement in Brussels, Belgium 2 September 2026.\" height=\"9\" width=\"16\"><\/figure>\n<div class=\"the-media-object__content\">\n                    Europe News<\/p>\n<h2 class=\"the-media-object__title u-color-white u-color-hover-grey \">\n<p>    Von der Leyen: Russian drone incidents in Europe are the &#8216;new normal&#8217;<br \/>\n  <\/h2>\n<\/div>\n<\/article>\n<article id=\"abe-2922415-pos6-adaptive-latest_video\" class=\"the-media-object the-media-object--bordered-mobile-only m-modeMobile-2 m-modeDesktop-1 m-modeXL-1 the-media-object--has-video\" data-nid=\"2922415\" data-cid=\"9898139\" data-part-label=\"Partner content\">\n<figure id=\"abe-2922415-label-pos6-adaptive-latest_video\" class=\"the-media-object__figure\"><img decoding=\"async\" class=\"the-media-object__image\" src=\"https:\/\/images.euronews.com\/articles\/stories\/09\/89\/81\/39\/320x180_cmsv2_abcc916a-4546-5f52-b1e0-5165070d2cca-9898139.jpg\" loading=\"lazy\" alt=\"Grande-Marlaska during a meeMigrants try to cross from Morocco into the Spanish enclave of Ceuta, 30 July, 2026ting in Brussels.\" height=\"9\" width=\"16\"><\/figure>\n<div class=\"the-media-object__content\">\n                    Europe News<\/p>\n<h2 class=\"the-media-object__title u-color-white u-color-hover-grey \">\n<p>    Spanish police chief denies existence of report blaming Morocco for Ceuta migrant crossings<br \/>\n  <\/h2>\n<\/div>\n<\/article>\n<article id=\"abe-2922474-pos7-adaptive-latest_video\" class=\"the-media-object the-media-object--bordered-mobile-only m-modeMobile-2 m-modeDesktop-1 m-modeXL-1 the-media-object--has-video\" data-nid=\"2922474\" data-cid=\"9898345\" data-part-label=\"Partner content\">\n<figure id=\"abe-2922474-label-pos7-adaptive-latest_video\" class=\"the-media-object__figure\"><img decoding=\"async\" class=\"the-media-object__image\" src=\"https:\/\/images.euronews.com\/articles\/stories\/09\/89\/83\/45\/320x180_cmsv2_4f0da8b0-d842-5870-9402-a6f6361cd851-9898345.jpg\" loading=\"lazy\" alt=\"FILE: Empty cribs at a playhouse in the courtyard of Kherson regional children&apos;s home in Kherson, southern Ukraine, Friday, Nov. 25, 2022. \" height=\"9\" width=\"16\"><\/figure>\n<div class=\"the-media-object__content\">\n                    Europe News<\/p>\n<h2 class=\"the-media-object__title u-color-white u-color-hover-grey \">\n<p>    EU eyes additional sanctions on Ukrainian children deportation<br \/>\n  <\/h2>\n<\/div>\n<\/article>\n<article id=\"abe-2922483-pos8-adaptive-latest_video\" class=\"the-media-object the-media-object--bordered-mobile-only m-modeMobile-2 m-modeDesktop-1 m-modeXL-1 the-media-object--has-video\" data-nid=\"2922483\" data-cid=\"9898391\" data-part-label=\"Partner content\">\n<figure id=\"abe-2922483-label-pos8-adaptive-latest_video\" class=\"the-media-object__figure\"><img decoding=\"async\" class=\"the-media-object__image\" src=\"https:\/\/images.euronews.com\/articles\/stories\/09\/89\/83\/91\/320x180_cmsv2_282a07d7-839b-5896-885e-3533772a5357-9898391.jpg\" loading=\"lazy\" alt=\"Kyiv children began the new school year with a ceremony interrupted by an air raid alert, hours after Russian missile strikes hit the capital.\" height=\"9\" width=\"16\"><\/figure>\n<div class=\"the-media-object__content\">\n                    No Comment<\/p>\n<h2 class=\"the-media-object__title u-color-white u-color-hover-grey \">\n<p>    Kyiv school year begins under the shadow of air raid sirens<br \/>\n  <\/h2>\n<\/div>\n<\/article>\n<article id=\"abe-2922403-pos9-adaptive-latest_video\" class=\"the-media-object the-media-object--bordered-mobile-only m-modeMobile-2 m-modeDesktop-1 m-modeXL-1 the-media-object--has-video\" data-nid=\"2922403\" data-cid=\"9898168\" data-part-label=\"Partner content\">\n<figure id=\"abe-2922403-label-pos9-adaptive-latest_video\" class=\"the-media-object__figure\"><img decoding=\"async\" class=\"the-media-object__image\" src=\"https:\/\/images.euronews.com\/articles\/stories\/09\/89\/79\/27\/320x180_cmsv2_cb4718e9-8931-5cdd-834a-9ca6de492bac-9897927.jpg\" loading=\"lazy\" alt=\"Naima Gerasopoulou and Loukas Gaouto celebrate\" height=\"9\" width=\"16\"><\/figure>\n<div class=\"the-media-object__content\">\n                    Culture news<\/p>\n<h2 class=\"the-media-object__title u-color-white u-color-hover-grey \">\n<p>    Strictly successful: Greece&#8217;s Naima Gerassopoulou claims world tango champion title<br \/>\n  <\/h2>\n<\/div>\n<\/article>\n<article id=\"abe-2921879-pos10-adaptive-latest_video\" class=\"the-media-object the-media-object--bordered-mobile-only m-modeMobile-2 m-modeDesktop-1 m-modeXL-1 the-media-object--has-video\" data-nid=\"2921879\" data-cid=\"9895405\" data-part-label=\"Partner content\">\n<figure id=\"abe-2921879-label-pos10-adaptive-latest_video\" class=\"the-media-object__figure\"><img decoding=\"async\" class=\"the-media-object__image\" src=\"https:\/\/images.euronews.com\/articles\/stories\/09\/89\/54\/05\/320x180_cmsv2_d10ed1c9-de23-5dc0-8842-8fc2f15c58b0-9895405.jpg\" loading=\"lazy\" alt=\"Which EU countries have the largest paid online subscription? \" height=\"9\" width=\"16\"><\/figure>\n<div class=\"the-media-object__content\">\n                    Europe in Motion<\/p>\n<h2 class=\"the-media-object__title u-color-white u-color-hover-grey \">\n<p>    Which EU countries have the most paid online subscriptions?<br \/>\n  <\/h2>\n<\/div>\n<\/article>\n<article id=\"abe-2922412-pos11-adaptive-latest_video\" class=\"the-media-object the-media-object--bordered-mobile-only m-modeMobile-2 m-modeDesktop-1 m-modeXL-1 the-media-object--has-video\" data-nid=\"2922412\" data-cid=\"9897973\" data-part-label=\"Partner content\">\n<figure id=\"abe-2922412-label-pos11-adaptive-latest_video\" class=\"the-media-object__figure\"><img decoding=\"async\" class=\"the-media-object__image\" src=\"https:\/\/images.euronews.com\/articles\/stories\/09\/89\/79\/73\/320x180_cmsv2_2eccce17-08d1-58e1-af61-8c9826a9d8ff-9897973.jpg\" loading=\"lazy\" alt=\"FILE - Venezuela&apos;s acting President Delcy Rodr\u00edguez speaks during a press conference in Caracas, Venezuela, on July 2, 2026.\" height=\"9\" width=\"16\"><\/figure>\n<div class=\"the-media-object__content\">\n                    Economy<\/p>\n<h2 class=\"the-media-object__title u-color-white u-color-hover-grey \">\n<p>    Venezuela hands the US control over a fifth of its oil in landmark deal<br \/>\n  <\/h2>\n<\/div>\n<\/article>\n<article id=\"abe-2922380-pos12-adaptive-latest_video\" class=\"the-media-object the-media-object--bordered-mobile-only m-modeMobile-2 m-modeDesktop-1 m-modeXL-1 the-media-object--has-video\" data-nid=\"2922380\" data-cid=\"9897853\" data-part-label=\"Partner content\">\n<figure id=\"abe-2922380-label-pos12-adaptive-latest_video\" class=\"the-media-object__figure\"><img decoding=\"async\" class=\"the-media-object__image\" src=\"https:\/\/images.euronews.com\/articles\/stories\/09\/89\/78\/53\/320x180_cmsv2_f101a443-ad21-5404-b7c8-ecc211c7a119-9897853.jpg\" loading=\"lazy\" alt=\"Prosecutor points to Tyler Robinson as he begins his closing arguments in the preliminary hearing into Charlie Kirk&apos;s assassination, in Provo, Utah, Tuesday, 1 September, 2026\" height=\"9\" width=\"16\"><\/figure>\n<div class=\"the-media-object__content\">\n                    USA<\/p>\n<h2 class=\"the-media-object__title u-color-white u-color-hover-grey \">\n<p>    Tyler Robinson pleads not guilty as judge clears path for death penalty in Charlie Kirk assassination case<br \/>\n  <\/h2>\n<\/div>\n<\/article>\n<article id=\"abe-2922274-pos13-adaptive-latest_video\" class=\"the-media-object the-media-object--bordered-mobile-only m-modeMobile-2 m-modeDesktop-1 m-modeXL-1 the-media-object--has-video\" data-nid=\"2922274\" data-cid=\"9897330\" data-part-label=\"Partner content\">\n<figure id=\"abe-2922274-label-pos13-adaptive-latest_video\" class=\"the-media-object__figure\"><img decoding=\"async\" class=\"the-media-object__image\" src=\"https:\/\/images.euronews.com\/articles\/stories\/09\/89\/73\/30\/320x180_cmsv2_215cfc58-e735-5acc-8d2a-38fd1599aa6c-9897330.jpg\" loading=\"lazy\" alt=\"The Ravenswood Generating Station in the Queens borough of New York, Aug. 27, 2025. \" height=\"9\" width=\"16\"><\/figure>\n<div class=\"the-media-object__content\">\n                    Climate<\/p>\n<h2 class=\"the-media-object__title u-color-white u-color-hover-grey \">\n<p>    \u2018Paradox of progress\u2019: What it will take to turn renewables boom into a real drop in emissions<br \/>\n  <\/h2>\n<\/div>\n<\/article>\n<article id=\"abe-2922371-pos14-adaptive-latest_video\" class=\"the-media-object the-media-object--bordered-mobile-only m-modeMobile-2 m-modeDesktop-1 m-modeXL-1 the-media-object--has-video\" data-nid=\"2922371\" data-cid=\"9897805\" data-part-label=\"Partner content\">\n<figure id=\"abe-2922371-label-pos14-adaptive-latest_video\" class=\"the-media-object__figure\"><img decoding=\"async\" class=\"the-media-object__image\" src=\"https:\/\/images.euronews.com\/articles\/stories\/09\/89\/78\/05\/320x180_cmsv2_00578d5b-2f7a-5600-9a87-217432ff1ce2-9897805.jpg\" loading=\"lazy\" alt=\"Hong Kong activist and supporters hold signs during a press event to support pro-democracy activist Joshua Wong in Taipei, Taiwan, Wednesday, 2 September, 2026\" height=\"9\" width=\"16\"><\/figure>\n<div class=\"the-media-object__content\">\n                    China<\/p>\n<h2 class=\"the-media-object__title u-color-white u-color-hover-grey \">\n<p>    Prominent pro-democracy Hong Kong activist Joshua Wong pleads guilty in second national security law case<br \/>\n  <\/h2>\n<\/div>\n<\/article>\n<article id=\"abe-2922147-pos15-adaptive-latest_video\" class=\"the-media-object the-media-object--bordered-mobile-only m-modeMobile-2 m-modeDesktop-1 m-modeXL-1 the-media-object--has-video\" data-nid=\"2922147\" data-cid=\"9897513\" data-part-label=\"Partner content\">\n<figure id=\"abe-2922147-label-pos15-adaptive-latest_video\" class=\"the-media-object__figure\"><img decoding=\"async\" class=\"the-media-object__image\" src=\"https:\/\/images.euronews.com\/articles\/stories\/09\/89\/67\/41\/320x180_cmsv2_03246d70-b82b-590a-bf1c-9d0a04c24bea-9896741.jpg\" loading=\"lazy\" alt=\"Emmanuel Macron speaks with pupils during his visit to Chaptal secondary school for the start of the school year, in Mende, southern France, on 1 September\" height=\"9\" width=\"16\"><\/figure>\n<div class=\"the-media-object__content\">\n                    Europe News<\/p>\n<h2 class=\"the-media-object__title u-color-white u-color-hover-grey \">\n<p>    What&#8217;s behind France&#8217;s plan to survey school children on sexual violence?<br \/>\n  <\/h2>\n<\/div>\n<\/article>\n<article id=\"abe-2922220-pos16-adaptive-latest_video\" class=\"the-media-object the-media-object--bordered-mobile-only m-modeMobile-2 m-modeDesktop-1 m-modeXL-1 the-media-object--has-video\" data-nid=\"2922220\" data-cid=\"9897443\" data-part-label=\"Partner content\">\n<figure id=\"abe-2922220-label-pos16-adaptive-latest_video\" class=\"the-media-object__figure\"><img decoding=\"async\" class=\"the-media-object__image\" src=\"https:\/\/images.euronews.com\/articles\/stories\/09\/89\/70\/91\/320x180_cmsv2_962b9b89-efb9-511e-b0b6-195686d77f5d-9897091.jpg\" loading=\"lazy\" alt=\"A migrant who crossed into Ceuta, arriving on one of the city&apos;s beaches\" height=\"9\" width=\"16\"><\/figure>\n<div class=\"the-media-object__content\">\n                    Europe News<\/p>\n<h2 class=\"the-media-object__title u-color-white u-color-hover-grey \">\n<p>    Spanish government approves \u20ac309 million aid package for Ceuta amid migrant crisis<br \/>\n  <\/h2>\n<\/div>\n<\/article>\n<p>[analyse_source url=&#8221;https:\/\/www.euronews.com\/my-europe\/2026\/09\/03\/lithuania-will-act-fast-to-a-war-footing-if-russia-attacks-it-foreign-minister-budrys-says&#8221;]<\/p>\n","protected":false},"excerpt":{"rendered":"<p>[analyse_image type=&#8221;featured&#8221; src=&#8221;https:\/\/images.euronews.com\/articles\/stories\/09\/89\/95\/37\/1200x675_cmsv2_6342f66f-9d08-5b0c-bdd0-302b605d4714-9899537.jpg&#8221;] Tech News Politicians are letting AI write speeches and laws without telling voters, study says Culture news How has this early 2000s song spent 520 weeks in the UK Chart? Europe News Putin&#8217;s regime not enough to freeze Russia-linked firms, EU rules Earth News El Ni\u00f1o to be &#8216;very strong&#8217; and last [&hellip;]<\/p>\n","protected":false},"author":1,"featured_media":0,"comment_status":"open","ping_status":"","sticky":false,"template":"","format":"standard","meta":{"footnotes":""},"categories":[90],"tags":[226,36],"class_list":["post-2125950","post","type-post","status-publish","format-standard","hentry","category-international","tag-crawlmanager","tag-euronews-com"],"_links":{"self":[{"href":"https:\/\/analyse.optim.biz\/index.php?rest_route=\/wp\/v2\/posts\/2125950","targetHints":{"allow":["GET"]}}],"collection":[{"href":"https:\/\/analyse.optim.biz\/index.php?rest_route=\/wp\/v2\/posts"}],"about":[{"href":"https:\/\/analyse.optim.biz\/index.php?rest_route=\/wp\/v2\/types\/post"}],"author":[{"embeddable":true,"href":"https:\/\/analyse.optim.biz\/index.php?rest_route=\/wp\/v2\/users\/1"}],"replies":[{"embeddable":true,"href":"https:\/\/analyse.optim.biz\/index.php?rest_route=%2Fwp%2Fv2%2Fcomments&post=2125950"}],"version-history":[{"count":0,"href":"https:\/\/analyse.optim.biz\/index.php?rest_route=\/wp\/v2\/posts\/2125950\/revisions"}],"wp:attachment":[{"href":"https:\/\/analyse.optim.biz\/index.php?rest_route=%2Fwp%2Fv2%2Fmedia&parent=2125950"}],"wp:term":[{"taxonomy":"category","embeddable":true,"href":"https:\/\/analyse.optim.biz\/index.php?rest_route=%2Fwp%2Fv2%2Fcategories&post=2125950"},{"taxonomy":"post_tag","embeddable":true,"href":"https:\/\/analyse.optim.biz\/index.php?rest_route=%2Fwp%2Fv2%2Ftags&post=2125950"}],"curies":[{"name":"wp","href":"https:\/\/api.w.org\/{rel}","templated":true}]}}