{"id":2125937,"date":"2026-09-02T14:53:16","date_gmt":"2026-09-02T11:53:16","guid":{"rendered":"https:\/\/analyse.optim.biz\/?p=2125937"},"modified":"2026-09-02T14:53:16","modified_gmt":"2026-09-02T11:53:16","slug":"alerta-de-securitate-in-curtea-noastra-turcia-avertizeaza-grecia-dupa-ce-atena-a-incheiat-un-acord-de","status":"publish","type":"post","link":"https:\/\/analyse.optim.biz\/?p=2125937","title":{"rendered":"Alert\u0103 de securitate \u00een curtea noastr\u0103: Turcia avertizeaz\u0103 Grecia dup\u0103 ce Atena a \u00eencheiat un acord de&#8230;"},"content":{"rendered":"<p>[analyse_image type=&#8221;featured&#8221; src=&#8221;https:\/\/cdn.adh.reperio.news\/image-9\/92156cc7-d46a-4254-b54e-a7bfd728042b\/index.jpeg?p=f%3Djpeg%26w%3D1200%26h%3D630%26r%3Dcover&#8221;]<\/p>\n<article class=\"svelte-x63bga\">\n<nav>\n<ul class=\"breadcrump svelte-1pk9a69\">\n<li class=\"svelte-1pk9a69\"><a href=\"https:\/\/adevarul.ro\/\" title=\"Adev\u0103rul\" class=\"svelte-1pk9a69\">Home<\/a><\/li>\n<li class=\"svelte-1pk9a69\"><a href=\"https:\/\/adevarul.ro\/blogurile-adevarul\" class=\"svelte-1pk9a69\">Opinii<\/a><\/li>\n<li class=\"svelte-1pk9a69\"><a href=\"https:\/\/adevarul.ro\/blogurile-adevarul\/alerta-de-securitate-in-curtea-noastra-turcia-2553689.html\" class=\"svelte-1pk9a69\">Alert\u0103 de securitate \u00een curtea noastr\u0103: Turcia avertizeaz\u0103 Grecia dup\u0103 ce Atena a \u00eencheiat un acord de ap\u0103rare cu Israelul<\/a><\/li>\n<\/ul>\n<\/nav>\n<p><main class=\"svelte-x63bga\"><\/p>\n<p>Este prima avertizare major\u0103 de securitate pe care Pre\u0219edintele Erdogan o transmite dup\u0103 ce \u021bara sa a \u00eencheiat Pactul militar excep\u021bional ca semnifica\u021bii cu Arabia Saudit\u0103 \u0219i Pakistanul. Din acel moment deja, exista \u00eentrebarea dac\u0103 \u2013 dup\u0103 modelul consacrat acum de NATO, noua alian\u021b\u0103 militar\u0103 a lumii musulmane \u00ee\u0219i va propune (\u0219i c\u00e2t de rapid) s\u0103 arate care sunt teritoriile proxime pe care le consider\u0103 de interes direct pentru propria sa securitate \u0219i \u00een care, se sub\u00een\u021belege, la nevoie, ar putea ac\u021biona pentru ap\u0103rarea propriilor interese.\u00a0<\/p>\n<div class=\"container-image  svelte-1xbw4f3\"><source type=\"image\/webp\" srcset=\"https:\/\/cdn.adh.reperio.news\/image-9\/92156cc7-d46a-4254-b54e-a7bfd728042b\/index.jpeg?p=a%3D1%26co%3D1.05%26w%3D1400%26h%3D750%26r%3Dcontain%26f%3Dwebp 1400w\" media=\"(min-width: 1400px)\" \/><\/p>\n<div class=\"caption svelte-1xbw4f3\"><span class=\"captionText svelte-1xbw4f3\"><span class=\"source svelte-1xbw4f3\">Foto: Getty<\/span><\/span><\/div>\n<\/div>\n<p>Acum avem o asemenea prim\u0103 reac\u021bie: Pre\u0219edintele Erdogan , dup\u0103 ce Grecia \u0219i Israel au semnat un acord de ap\u0103rare privitor la \u201eScutul lui Ahile\u201d\u00a0\u00a0(cel mai mare din istoria rela\u021biilor dintre cele dou\u0103 \u021b\u0103ri) a spus c\u0103\u00a0\u00a0\u021bara sa va face \u201eceea ce este necesar\u201d: \u201ecei care cred c\u0103 demersul nostru precaut este un semn de sl\u0103biciune comit o eroare grav\u0103\u201d.<\/p>\n<p>Contractul respectiv, \u00een valoare de aproximativ 3 miliarde de Euro, a fost semnat \u00eentre Grecia \u0219i Israel pentru realizarea \u0219i amplasarea unui sistem complex de ap\u0103rare anti-aerian\u0103 \u201emultistrat\u201d care s\u0103 fie amplasat \u00een nordul Greciei \u0219i, foarte important, pe mai multe insule grece\u0219ti din Marea Egee, unele \u00een imediata vecin\u0103tate a Turciei. <\/p>\n<p>Unul dintre aceste straturi va integra \u201epra\u0219tia lui David\u201d, destinat s\u0103 ac\u021bioneze \u00eempotriva rachetelor \u0219i amenin\u021b\u0103rilor aeriene pe distan\u021b\u0103 medie, apoi \u201eBarak MX\u201d , ap\u0103rare anti-aerian\u0103 \u00eempotriva unor \u021binte diverse \u0219i \u201eSpyder\u201d ac\u021biune pe distan\u021b\u0103 foarte scurt\u0103 \u00eempotriva avioanelor, dronelor \u0219i rachetelor de croazier\u0103 produse de Rafael \u0219i Aerospace Industries. Se mai adaug\u0103 \u0219i un nou sistem de comand\u0103 \u0219i control, rolul s\u0103u fiind deosebit de important deoarece va trebui mai degrab\u0103 s\u0103 asigure coordonarea tuturor acestor sisteme \u0219i nu s\u0103 func\u021bioneze pentru ac\u021bionarea unor baterii izolate. \u00cen fine, mai exist\u0103 un contract pentru\u00a0<i>Drone Dome\u00a0<\/i>destinate protej\u0103rii amplasamentelor militare strategice.<\/p>\n<p>Avem o mare problem\u0103 \u00een perspectiv\u0103 \u0219i poate afecta nu numai rela\u021biile bilaterale \u00eentre cele dou\u0103 \u021b\u0103ri NATO ci prezint\u0103 \u0219i o factor de destabilizare \u00een zona de est a Mediteranei cu un conflict cu vorbe foarte grele \u0219i amenin\u021b\u0103ri directe \u00eentre Turcia \u0219i Israel.<\/p>\n<p>Este oare vorba, a\u0219a cum spun multe \u201ealerte ro\u0219ii\u201d emise de sericii de informa\u021bii militare, despre un element suplimentar \u00een ceea ce poate deveni o confruntare strategic\u0103 de mult timp gestant\u0103 \u00een zon\u0103 \u0219i care s\u0103 aib\u0103 posibile efecte de contagiune prin extindere de consecin\u021be (nu numai militare, ci economice, asupra circuitelor d transport maritim) conjug\u00e2nd criza din\u00a0\u00a0Mediterana de est cu cea din Egee, cu cea din Marea Neagr\u0103 \u0219i Caspica?\u00a0<\/p>\n<p>Simple supozi\u021bii? Poate nu, spune colegii de la NORDIC MONITOR\u00a0<a href=\"https:\/\/nordicmonitor.com\/2026\/08\/turkey-plans-for-war-scenarios-amid-expanding-israel-greece-defense-ties-official-letter-reveals\/\" target=\"_blank\" rel=\"noopener noreferrer\">https:\/\/nordicmonitor.com\/2026\/08\/turkey-plans-for-war-scenarios-amid-expanding-israel-greece-defense-ties-official-letter-reveals\/<\/a>\u00a0care anun\u021b\u0103 c\u0103 \u201eTurcia pl\u0103nuie\u0219te scenarii de r\u0103zboi\u201d prezent\u00e2nd \u00een acest sens o scrisoare de luna trecut\u0103 a ministrului ap\u0103r\u0103rii de la Ankara adresat\u0103 parlamentarilor turci&#8230;Iar contextul este din ce \u00een ce mai tensionat \u0219i bizar dup\u0103 ce, tot luna trecut\u0103, Turcia a emis un mandat interna\u021bional de arestare \u00eempotriva Primului Ministru israelian Netanyahu pe care-l acuz\u0103 de crime \u00eempotriva umanit\u0103\u021bii, cime de r\u0103zboi, genocid, tortur\u0103 dup\u0103 ce Israelul a interceptat \u00een mai 2026, \u00een apele interna\u021bionale, \u201eFlotila pentru Gaza\u201d av\u00e2nd la bord 430 militan\u021bi cu misiuni umanitare care aveau inten\u021bia s\u0103 sparg\u0103 blocusul militar israelian din Gaza.\u00a0<\/p>\n<p>Sunt doar c\u00e2teva elemente dintr-o list\u0103 mult mai lung\u0103 , niciodat\u0103 negociat\u0103 definitiv (nici m\u0103car \u00een NATO) care prive\u0219te diferende vechi de decenii privitoare la statutul M\u0103rii Egee, al insulelor (multe revendicate simultan de cele dou\u0103 \u021b\u0103ri) , extensia real\u0103 a apelor teritoriale \u0219i zonelor economice exclusive, dreptul , \u00een consecin\u021b\u0103, de exploatare a z\u0103c\u0103mintelor de hidrocarburi, totul aliment\u00e2nd cursa de acum pentru asigurarea superiorit\u0103\u021bii aeriene \u0219i navale.<\/p>\n<p>Exist\u0103 o p\u0103rere, destul de veche \u0219i ea, repet\u00e2nd mesajul lini\u0219titor c\u0103, tocmai fiindc\u0103 diferendele stau neexplodate de mult timp, nu sunt altceva dec\u00e2t forme de anihilare reciproc\u0103 a punctelor cele mai dureroase \u0219i, \u00een consecin\u021b\u0103, controlul reciproc r\u0103m\u00e2ne activ \u0219i benefic. Dar, &#8211; \u0219i aici vine ciud\u0103\u021benia momentului actual \u2013 \u00een condi\u021biile existen\u021bei patului militar musulman, apare \u00eentrebare dac\u0103 un avertisment cum este cel al lui Erdogan nu are cumva o alt\u0103 pondere \u0219i nu este adresat, direct sau cu mant\u0103, unor alte urechi, eventual tot de alia\u021bi \u0219i parteneri strategici, c\u0103ci a\u0219a se poart\u0103 acum jocul la nivel \u00eenalt?<\/p>\n<p><\/main><\/p>\n<footer class=\"svelte-x63bga\">\n<div class=\"meta svelte-x63bga\">\n<div class=\"authors svelte-x63bga\"><span class=\"names svelte-x63bga\"><a href=\"https:\/\/adevarul.ro\/author\/787\" rel=\"author\" class=\"svelte-x63bga\">Cristian Unteanu<\/a><\/span><\/p>\n<div class=\"_hydratable\" data-props=\"%7B%22showLive%22%3Atrue%7D\" data-context=\"%7B%22parentBlockColumnCount%22%3A%7B%22value%22%3A0%2C%22type%22%3A%22store%2Freadable%22%7D%2C%22parentBlockBackgroundColor%22%3A%7B%22type%22%3A%22store%2Freadable%22%7D%7D\" data-component=\"ShareButton\">\n<div class=\"shareButtons svelte-itwbrr\">\n<div class=\"liveSessions metaFont svelte-1maxmbf\"><span class=\"value svelte-1maxmbf\">1<\/span> live <\/div>\n<\/div>\n<\/div>\n<\/div>\n<div class=\"tags svelte-1l3vwp1\"><span class=\"tags-label metaFont svelte-1l3vwp1\">Cite\u0219te mai multe despre<\/span><\/p>\n<div class=\"tags-list svelte-1l3vwp1\"><a href=\"https:\/\/adevarul.ro\/tag\/turcia\" title=\"Ultimele \u0219tiri despre turcia\" class=\"tag-pill svelte-1l3vwp1\">turcia<\/a><a href=\"https:\/\/adevarul.ro\/tag\/arabia%20saudita\" title=\"Ultimele \u0219tiri despre arabia saudita\" class=\"tag-pill svelte-1l3vwp1\">arabia saudita<\/a><a href=\"https:\/\/adevarul.ro\/tag\/erdogan\" title=\"Ultimele \u0219tiri despre erdogan\" class=\"tag-pill svelte-1l3vwp1\">erdogan<\/a><\/div>\n<\/div>\n<\/div>\n<p><a class=\"moreFromCategory svelte-x63bga\" href=\"https:\/\/adevarul.ro\/blogurile-adevarul\" title=\"Opinii\">Mai multe din <strong class=\"svelte-x63bga\">Opinii<\/strong> \u203a<\/a><\/footer>\n<\/article>\n<p>[analyse_source url=&#8221;https:\/\/adevarul.ro\/blogurile-adevarul\/alerta-de-securitate-in-curtea-noastra-turcia-2553689.html&#8221;]<\/p>\n","protected":false},"excerpt":{"rendered":"<p>[analyse_image type=&#8221;featured&#8221; src=&#8221;https:\/\/cdn.adh.reperio.news\/image-9\/92156cc7-d46a-4254-b54e-a7bfd728042b\/index.jpeg?p=f%3Djpeg%26w%3D1200%26h%3D630%26r%3Dcover&#8221;] Home Opinii Alert\u0103 de securitate \u00een curtea noastr\u0103: Turcia avertizeaz\u0103 Grecia dup\u0103 ce Atena a \u00eencheiat un acord de ap\u0103rare cu Israelul Este prima avertizare major\u0103 de securitate pe care Pre\u0219edintele Erdogan o transmite dup\u0103 ce \u021bara sa a \u00eencheiat Pactul militar excep\u021bional ca semnifica\u021bii cu Arabia Saudit\u0103 \u0219i Pakistanul. Din acel [&hellip;]<\/p>\n","protected":false},"author":1,"featured_media":0,"comment_status":"open","ping_status":"","sticky":false,"template":"","format":"standard","meta":{"footnotes":""},"categories":[89],"tags":[19,226],"class_list":["post-2125937","post","type-post","status-publish","format-standard","hentry","category-romania","tag-adevarul","tag-crawlmanager"],"_links":{"self":[{"href":"https:\/\/analyse.optim.biz\/index.php?rest_route=\/wp\/v2\/posts\/2125937","targetHints":{"allow":["GET"]}}],"collection":[{"href":"https:\/\/analyse.optim.biz\/index.php?rest_route=\/wp\/v2\/posts"}],"about":[{"href":"https:\/\/analyse.optim.biz\/index.php?rest_route=\/wp\/v2\/types\/post"}],"author":[{"embeddable":true,"href":"https:\/\/analyse.optim.biz\/index.php?rest_route=\/wp\/v2\/users\/1"}],"replies":[{"embeddable":true,"href":"https:\/\/analyse.optim.biz\/index.php?rest_route=%2Fwp%2Fv2%2Fcomments&post=2125937"}],"version-history":[{"count":0,"href":"https:\/\/analyse.optim.biz\/index.php?rest_route=\/wp\/v2\/posts\/2125937\/revisions"}],"wp:attachment":[{"href":"https:\/\/analyse.optim.biz\/index.php?rest_route=%2Fwp%2Fv2%2Fmedia&parent=2125937"}],"wp:term":[{"taxonomy":"category","embeddable":true,"href":"https:\/\/analyse.optim.biz\/index.php?rest_route=%2Fwp%2Fv2%2Fcategories&post=2125937"},{"taxonomy":"post_tag","embeddable":true,"href":"https:\/\/analyse.optim.biz\/index.php?rest_route=%2Fwp%2Fv2%2Ftags&post=2125937"}],"curies":[{"name":"wp","href":"https:\/\/api.w.org\/{rel}","templated":true}]}}