{"id":2125935,"date":"2026-09-02T09:55:08","date_gmt":"2026-09-02T06:55:08","guid":{"rendered":"https:\/\/analyse.optim.biz\/?p=2125935"},"modified":"2026-09-02T09:55:08","modified_gmt":"2026-09-02T06:55:08","slug":"in-ce-situatie-nu-e-lucian-pahontu","status":"publish","type":"post","link":"https:\/\/analyse.optim.biz\/?p=2125935","title":{"rendered":"\u00cen ce situa\u021bie nu e Lucian Pahon\u021bu?"},"content":{"rendered":"<p>[analyse_image type=&#8221;featured&#8221; src=&#8221;https:\/\/cdn.adh.reperio.news\/image-a\/a793a99a-014e-4809-8cf4-60196845acc2\/index.png?p=f%3Djpeg%26w%3D1200%26h%3D630%26r%3Dcover&#8221;]<\/p>\n<article class=\"svelte-x63bga\">\n<nav>\n<ul class=\"breadcrump svelte-1pk9a69\">\n<li class=\"svelte-1pk9a69\"><a href=\"https:\/\/adevarul.ro\/\" title=\"Adev\u0103rul\" class=\"svelte-1pk9a69\">Home<\/a><\/li>\n<li class=\"svelte-1pk9a69\"><a href=\"https:\/\/adevarul.ro\/blogurile-adevarul\" class=\"svelte-1pk9a69\">Opinii<\/a><\/li>\n<li class=\"svelte-1pk9a69\"><a href=\"https:\/\/adevarul.ro\/blogurile-adevarul\/in-ce-situatie-nu-e-lucian-pahontu-2553606.html\" class=\"svelte-1pk9a69\">\u00cen ce situa\u021bie nu e Lucian Pahon\u021bu?<\/a><\/li>\n<\/ul>\n<\/nav>\n<p><main class=\"svelte-x63bga\"><\/p>\n<p>\u00cen urma anchetei Recorder, pre\u0219edintele<br \/>\nNicu\u0219or Dan a declarat c\u0103 \u0219eful SPP nu se afl\u0103 \u00een situa\u021bia de a fi participat<br \/>\nla reprimarea Revolu\u021biei sau mineriadei din iunie 1990, de\u0219i el, personal, nu a<br \/>\nf\u0103cut vreo evaluare.<\/p>\n<div class=\"container-image  svelte-1xbw4f3\"><source type=\"image\/webp\" srcset=\"https:\/\/cdn.adh.reperio.news\/image-a\/a793a99a-014e-4809-8cf4-60196845acc2\/index.png?p=a%3D1%26co%3D1.05%26w%3D1400%26h%3D750%26r%3Dcontain%26f%3Dwebp 1400w\" media=\"(min-width: 1400px)\" \/><\/p>\n<div class=\"caption svelte-1xbw4f3\"><span class=\"captionText svelte-1xbw4f3\">Lucian Pahon\u021bu, \u0219eful SPP <span class=\"source svelte-1xbw4f3\">Foto: Inquam<\/span><\/span><\/div>\n<\/div>\n<p>Declara\u021bia complet\u0103 este urm\u0103toarea: <i>\u201eReprimarea<br \/>\nmanifesta\u021biilor de la Revolu\u021bie, respectiv de la Mineriad\u0103, este o pat\u0103 \u00een<br \/>\nistoria Rom\u00e2niei. E regretabil c\u0103 parchetele nu au elucidat p\u00e2n\u0103 la momentul<br \/>\nacesta. Orice persoan\u0103 care a participat la ac\u021biuni de reprimare nu are ce s\u0103<br \/>\ncaute \u00eentr-o func\u021bie \u00eenalt\u0103 \u00een statul rom\u00e2n. Trei: domnul Pahon\u021bu nu e \u00een<br \/>\naceast\u0103 situa\u021bie<\/i>\u201d (sursa: Euronews.ro; https:\/\/www.euronews.ro\/articole\/nicusor-dan-despre-pahontu-orice-persoana-care-a-participat-la-actiuni-de-reprima).<\/p>\n<p>A\u0219a cum bine se \u0219tie, din declara\u021bia<br \/>\nolograf\u0103 dat\u0103 de Lucian Pahon\u021bu, rezult\u0103 cu claritate c\u0103 a fost participant la<br \/>\nRevolu\u021bie. Cum era \u00eencadrat pe func\u021bia de comandant de pluton \u00een cadrul trupelor<br \/>\nde securitate, el explic\u0103 \u00een declara\u021bie ordinele primite \u0219i, f\u0103r\u0103 a da<br \/>\nam\u0103nunte, recunoa\u0219te c\u0103 a fost \u00een diferite puncte ale ora\u0219ului \u00een acele zile. <\/p>\n<p>Cu alte cuvinte, Lucian Pahon\u021bu a<br \/>\npreferat s\u0103 mint\u0103 prin omisiune, f\u0103c\u00e2nd deci fals \u00een declara\u021bii \u0219i astfel s\u0103 \u00eei<br \/>\nimplice \u0219i pe cei care \u0219tiau aceste lucruri, adic\u0103 fo\u0219tii pre\u0219edin\u021bi Traian B\u0103sescu<br \/>\n\u0219i Klaus Johannis \u0219i actualul pre\u0219edinte Nicu\u0219or Dan.<\/p>\n<p>S\u0103 privim acum lucrurile din perspectiva<br \/>\npre\u0219edintelui Nicu\u0219or Dan: el ia drept bune ceea ce sus\u021bine Lucian Pahon\u021bu,<br \/>\nde\u0219i \u0219tie foarte bine ce au f\u0103cut la Revolu\u021bie armata, mili\u021bia \u0219i securitatea.<br \/>\nNumai \u00een zona baricadei de la Inter (Pahon\u021bu a recunoscut c\u0103 a fost prezent) au<br \/>\nfost zeci de mor\u021bi si sute de oameni b\u0103tu\u021bi \u0219i aresta\u021bi. Cum ar fi putut un<br \/>\npluton de securitate s\u0103 nu aib\u0103 contact cu manifestan\u021bii, c\u00e2nd exact pentru<br \/>\nasta au fost chema\u021bi, s\u0103 men\u021bin\u0103 ordinea? Cum ar fi putut un pluton de<br \/>\nsecuritate s\u0103 stea \u00een camion c\u00e2nd \u00een jur se tr\u0103gea, se respingeau manifestan\u021bi,<br \/>\nse loveau cu scuturile sau bastoanele, se tr\u0103gea cu armamentul din dotare sau<br \/>\nse f\u0103ceau arest\u0103ri? <\/p>\n<p>Nicu\u0219or Dan nu avea cum s\u0103 nu \u0219tie c\u0103<br \/>\noamenii au murit prin \u00eempu\u0219care nu pentru c\u0103 nu a tras nici armata, nici<br \/>\nmili\u021bia, nici securitatea, ci, invers, au murit pentru c\u0103 s-a tras \u00een ei.<br \/>\nNicu\u0219or Dan nu avea cum s\u0103 nu \u0219tie c\u0103 au fost b\u0103tu\u021bi c\u00e2teva zeci de oameni,<br \/>\ncare nu s-au b\u0103tut \u00eentre ei \u0219i nici nu s-au dat singuri cu capul de scuturile,<br \/>\nbocancii, pumnii sau bastoanele for\u021belor de ordine, ci invers, for\u021bele de<br \/>\nordine i-au b\u0103tut. Nicu\u0219or Dan nu avea cum s\u0103 nu \u0219tie c\u0103 cei o mie (repet: o<br \/>\nmie) de aresta\u021bi de la baricad\u0103 nu s-au arestat singuri, nu s-au legat la<br \/>\nm\u00e2ini, urcat \u00een dube \u0219i plimbat p\u00e2n\u0103 la Rahova, ci, invers, for\u021bele de ordine<br \/>\ni-au arestat \u0219i b\u0103gat la zdup la penitenciarul Rahova.<\/p>\n<p>Concluzia mi se pare mai mult dec\u00e2t<br \/>\nevident\u0103: Nicu\u0219or Dan nu numai c\u0103 a \u0219tiut despre activitatea lui Lucian Pahon\u021bu,<br \/>\ndar \u0219i despre minciunea cu privire la a\u0219a zisa lips\u0103 de implicare \u00een<br \/>\nrepresiune. S\u0103 sus\u021bii (sau s\u0103 aperi pe cel care o face) c\u0103 ai fost la baricad\u0103,<br \/>\ndar ai stat cuminte ca o floricic\u0103, asta este culmea batjocurii, a dispre\u021bului<br \/>\nfa\u021b\u0103 de legi, ordine \u0219i Dumnezeu.<\/p>\n<p>Ajuns aici, vreau s\u0103 subliniez un alt<br \/>\naspect deosebit de grav: nu cumva pre\u0219edintele Nicu\u0219or Dan minimalizeaz\u0103, la<br \/>\nfel cum face \u0219i Pahon\u021bu, pe revolu\u021bionari, \u0219i, \u00een general, Revolu\u021bia rom\u00e2n\u0103? Nu<br \/>\ncumva el ia ap\u0103rarea securit\u0103\u021bii, la fel cum face \u0219i Pahon\u021bu (interesat, de<br \/>\naltfel, c\u0103ci era ofi\u021ber de securitate)?<\/p>\n<p>Avem aici o dovad\u0103 despre lipsa de<br \/>\nrespect fa\u021b\u0103 de cei c\u0103zu\u021bi pentru ca noi s\u0103 fim liberi, s\u0103 avem azi bruma de<br \/>\ndemocra\u021bie (a\u0219a orginal\u0103, cum e ea). E o lips\u0103 de respect pentru membrii<br \/>\nfamiliilor \u0219i urma\u0219ilor celor c\u0103zu\u021bi la Revolu\u021bie. Chiar dac\u0103 depl\u00e2nge (cu<br \/>\nlacrimi de crocodil, de fapt) lipsa de finalizare a dosarelor, pre\u0219edintele<br \/>\nucide \u00eenc\u0103 o dat\u0103, al\u0103turi de Lucian Pahon\u021bu, pe cei c\u0103zu\u021bi la Revolu\u021bie. Or, memoria este un bun de pre\u021b al oric\u0103rei<br \/>\nsociet\u0103\u021bi: str\u0103mo\u0219ii comuni, pove\u0219tile comune sunt liantul unei societ\u0103\u021bi. In<br \/>\nlipsa acestui liant suntem dezbina\u021bi \u0219i u\u0219or de cucerit (mai ales acum, cu<br \/>\nr\u0103zboi hibrid peste tot).<\/p>\n<p>Rolul pre\u0219edintelui ar trebui s\u0103 fie de garant<br \/>\nal drepturilor \u0219i libert\u0103\u021bilor, ap\u0103r\u0103tor al democra\u021biei, nicidecum factor al<br \/>\ndezbin\u0103rii \u0219i pierderii memoriei \u0219i identi\u021b\u0103\u021bii na\u021bionale (altfel, \u00eel alegeam<br \/>\npe Simion \u0219i Dumnezeu cu mila, direc\u021bia Moscova!).<\/p>\n<p>Vedem cum situa\u021bia domnului Pahon\u021bu este<br \/>\nun fel de h\u00e2rtie de turnesol pentru societatea actual\u0103:\u00a0 se cere demiterea \u0219efului SPP, \u00een<br \/>\ncondi\u021biile\u00a0 \u00een care pre\u0219edintele nu are<br \/>\nnici un motiv s\u0103 o fac\u0103 (\u00een lipsa legii lustra\u021biei). Pahon\u021bu a f\u0103cut (un banal)<br \/>\nfals \u00een declara\u021bii \u0219i uz de fals, ca s\u0103 ocupe pozi\u021biile ocupate de-a lungul<br \/>\ncelor 36 de ani (subliniez: toate pozi\u021biile, inclusiv cele militare). Dac\u0103 am<br \/>\navea o justi\u021bie cu adev\u0103rat independent\u0103, s-ar fi autosesizat de mult\u0103 vreme;<br \/>\ndar justi\u021bia e condus\u0103 de oamenii partidului-stat (sistemul), Lia et co., nu<br \/>\navem motive s\u0103 credem c\u0103 va fi altfel dec\u00e2t va considera aceast\u0103 uria\u0219\u0103<br \/>\ncaracati\u021b\u0103 din care fac parte (<i>horribile<br \/>\ndictu<\/i>) Lia Savonea, Lucian Pahon\u021bu \u0219i Nicu\u0219or Dan.<\/p>\n<p><\/main><\/p>\n<footer class=\"svelte-x63bga\">\n<div class=\"meta svelte-x63bga\">\n<div class=\"authors svelte-x63bga\"><span class=\"names svelte-x63bga\"><a href=\"https:\/\/adevarul.ro\/author\/1279\" rel=\"author\" class=\"svelte-x63bga\">Adrian Ni\u021b\u0103<\/a><\/span><\/p>\n<div class=\"_hydratable\" data-props=\"%7B%22showLive%22%3Atrue%7D\" data-context=\"%7B%22parentBlockColumnCount%22%3A%7B%22value%22%3A0%2C%22type%22%3A%22store%2Freadable%22%7D%2C%22parentBlockBackgroundColor%22%3A%7B%22type%22%3A%22store%2Freadable%22%7D%7D\" data-component=\"ShareButton\">\n<div class=\"shareButtons svelte-itwbrr\">\n<div class=\"liveSessions metaFont svelte-1maxmbf\"><span class=\"value svelte-1maxmbf\">1<\/span> live <\/div>\n<\/div>\n<\/div>\n<\/div>\n<div class=\"tags svelte-1l3vwp1\"><span class=\"tags-label metaFont svelte-1l3vwp1\">Cite\u0219te mai multe despre<\/span><\/p>\n<div class=\"tags-list svelte-1l3vwp1\"><a href=\"https:\/\/adevarul.ro\/tag\/nicusor%20dan\" title=\"Ultimele \u0219tiri despre nicusor dan\" class=\"tag-pill svelte-1l3vwp1\">nicusor dan<\/a><a href=\"https:\/\/adevarul.ro\/tag\/spp\" title=\"Ultimele \u0219tiri despre spp\" class=\"tag-pill svelte-1l3vwp1\">spp<\/a><a href=\"https:\/\/adevarul.ro\/tag\/lucian%20pahontu\" title=\"Ultimele \u0219tiri despre lucian pahontu\" class=\"tag-pill svelte-1l3vwp1\">lucian pahontu<\/a><\/div>\n<\/div>\n<\/div>\n<p><a class=\"moreFromCategory svelte-x63bga\" href=\"https:\/\/adevarul.ro\/blogurile-adevarul\" title=\"Opinii\">Mai multe din <strong class=\"svelte-x63bga\">Opinii<\/strong> \u203a<\/a><\/footer>\n<\/article>\n<p>[analyse_source url=&#8221;https:\/\/adevarul.ro\/blogurile-adevarul\/in-ce-situatie-nu-e-lucian-pahontu-2553606.html&#8221;]<\/p>\n","protected":false},"excerpt":{"rendered":"<p>[analyse_image type=&#8221;featured&#8221; src=&#8221;https:\/\/cdn.adh.reperio.news\/image-a\/a793a99a-014e-4809-8cf4-60196845acc2\/index.png?p=f%3Djpeg%26w%3D1200%26h%3D630%26r%3Dcover&#8221;] Home Opinii \u00cen ce situa\u021bie nu e Lucian Pahon\u021bu? \u00cen urma anchetei Recorder, pre\u0219edintele Nicu\u0219or Dan a declarat c\u0103 \u0219eful SPP nu se afl\u0103 \u00een situa\u021bia de a fi participat la reprimarea Revolu\u021biei sau mineriadei din iunie 1990, de\u0219i el, personal, nu a f\u0103cut vreo evaluare. Lucian Pahon\u021bu, \u0219eful SPP Foto: Inquam [&hellip;]<\/p>\n","protected":false},"author":1,"featured_media":0,"comment_status":"open","ping_status":"","sticky":false,"template":"","format":"standard","meta":{"footnotes":""},"categories":[89],"tags":[19,226],"class_list":["post-2125935","post","type-post","status-publish","format-standard","hentry","category-romania","tag-adevarul","tag-crawlmanager"],"_links":{"self":[{"href":"https:\/\/analyse.optim.biz\/index.php?rest_route=\/wp\/v2\/posts\/2125935","targetHints":{"allow":["GET"]}}],"collection":[{"href":"https:\/\/analyse.optim.biz\/index.php?rest_route=\/wp\/v2\/posts"}],"about":[{"href":"https:\/\/analyse.optim.biz\/index.php?rest_route=\/wp\/v2\/types\/post"}],"author":[{"embeddable":true,"href":"https:\/\/analyse.optim.biz\/index.php?rest_route=\/wp\/v2\/users\/1"}],"replies":[{"embeddable":true,"href":"https:\/\/analyse.optim.biz\/index.php?rest_route=%2Fwp%2Fv2%2Fcomments&post=2125935"}],"version-history":[{"count":0,"href":"https:\/\/analyse.optim.biz\/index.php?rest_route=\/wp\/v2\/posts\/2125935\/revisions"}],"wp:attachment":[{"href":"https:\/\/analyse.optim.biz\/index.php?rest_route=%2Fwp%2Fv2%2Fmedia&parent=2125935"}],"wp:term":[{"taxonomy":"category","embeddable":true,"href":"https:\/\/analyse.optim.biz\/index.php?rest_route=%2Fwp%2Fv2%2Fcategories&post=2125935"},{"taxonomy":"post_tag","embeddable":true,"href":"https:\/\/analyse.optim.biz\/index.php?rest_route=%2Fwp%2Fv2%2Ftags&post=2125935"}],"curies":[{"name":"wp","href":"https:\/\/api.w.org\/{rel}","templated":true}]}}