{"id":2125878,"date":"2026-09-02T06:28:25","date_gmt":"2026-09-02T03:28:25","guid":{"rendered":"https:\/\/analyse.optim.biz\/?p=2125878"},"modified":"2026-09-02T06:28:25","modified_gmt":"2026-09-02T03:28:25","slug":"transport-scolar-in-timisoara-15-linii-revin-din-7-septembrie","status":"publish","type":"post","link":"https:\/\/analyse.optim.biz\/?p=2125878","title":{"rendered":"Transport \u0219colar \u00een Timi\u0219oara. 15 linii revin din 7 septembrie"},"content":{"rendered":"<p>[analyse_image type=&#8221;featured&#8221; src=&#8221;https:\/\/cdn.expressdebanat.ro\/wp-content\/uploads\/2022\/09\/transport-scolar.jpg&#8221;]<\/p>\n<div id=\"post-area\" class=\"post-982265 post type-post status-publish format-standard has-post-thumbnail hentry category-administratie category-timis category-timisoara category-utile tag-linii-scolare tag-s12 tag-stpt tag-timisoara tag-transport-scolar\">\n<div id=\"social-box\">\n<ul class=\"post-social\">\n<li class=\"social-share-button\">\n<li class=\"social-share-button\">\n<li class=\"social-share-button\"><\/ul>\n<\/div>\n<div id=\"content-area\">\n<div class=\"post-image\"><img loading=\"lazy\" decoding=\"async\" width=\"620\" height=\"400\" src=\"https:\/\/cdn.expressdebanat.ro\/wp-content\/uploads\/2022\/09\/transport-scolar-620x400.jpg\" class=\"attachment-post-thumb size-post-thumb wp-post-image perfmatters-lazy\" alt=\"transport scolar\"><img loading=\"lazy\" decoding=\"async\" width=\"620\" height=\"400\" src=\"https:\/\/cdn.expressdebanat.ro\/wp-content\/uploads\/2022\/09\/transport-scolar-620x400.jpg\" class=\"attachment-post-thumb size-post-thumb wp-post-image\" alt=\"transport scolar\"><\/div>\n<p><strong>Cele 15 linii de transport \u0219colar din Timi\u0219oara revin pe trasee odat\u0103 cu \u00eenceperea noului an \u0219colar. Din 7 septembrie, elevii vor putea folosi din nou autobuzele dedicate transportului \u0219colar, operate de STPT.<\/strong><\/p>\n<p>Singura modificare anun\u021bat\u0103 pentru acest an vizeaz\u0103 linia S12, al c\u0103rei traseu va fi deviat din cauza lucr\u0103rilor din Pia\u021ba Traian. Sta\u021bia \u201ePia\u021ba Traian\u201d va fi suspendat\u0103 temporar, iar autobuzele vor circula pe str\u0103zile Iepurelui \u0219i I.H. Pestalozzi. Pe traseul deviat vor fi introduse dou\u0103 sta\u021bii noi: \u201eIepurelui\u201d \u0219i \u201eRadio Timi\u0219oara\u201d.<\/p>\n<p>Traseul S12 va fi reanalizat \u00een func\u021bie de evolu\u021bia lucr\u0103rilor din Pia\u021ba Traian, iar eventualele modific\u0103ri vor fi anun\u021bate din timp.<\/p>\n<p>Celelalte 14 linii \u0219colare vor circula pe acelea\u0219i trasee ca \u00een anul \u0219colar trecut.<\/p>\n<p>Liniile speciale \u201eS\u201d sunt operate de STPT \u0219i au program adaptat orelor de curs.\u00a0Lista complet\u0103 a sta\u021biilor \u0219i orarul liniilor de transport \u0219colar pot fi consultate pe <a href=\"https:\/\/stpt.ro\/orare-de-circulatie\/\">site-ul STPT<\/a>.<\/p>\n<\/div>\n<div id=\"social-box\">\n<ul class=\"post-social\">\n<li class=\"fb-line\">\n<li><a href=\"http:\/\/twitter.com\/share\" class=\"twitter-share-button\" data-lang=\"en\" data-count=\"horizontal\">Tweet<\/a><\/li>\n<li>\n<li><a href=\"http:\/\/pinterest.com\/pin\/create\/button\/?url=https%3A%2F%2Fexpressdebanat.ro%2Ftransport-scolar-in-timisoara-15-linii-revin-din-7-septembrie%2F&amp;media=https:\/\/cdn.expressdebanat.ro\/wp-content\/uploads\/2022\/09\/transport-scolar.jpg&amp;description=Transport%20%C8%99colar%20%C3%AEn%20Timi%C8%99oara.%2015%20linii%20revin%20din%207%20septembrie\" class=\"pin-it-button\">Pin It<\/a><\/li>\n<\/ul>\n<\/div>\n<\/div>\n<div id=\"content-area\">\n<div class=\"post-image\"><img loading=\"lazy\" decoding=\"async\" width=\"620\" height=\"400\" src=\"https:\/\/cdn.expressdebanat.ro\/wp-content\/uploads\/2022\/09\/transport-scolar-620x400.jpg\" class=\"attachment-post-thumb size-post-thumb wp-post-image perfmatters-lazy\" alt=\"transport scolar\"><img loading=\"lazy\" decoding=\"async\" width=\"620\" height=\"400\" src=\"https:\/\/cdn.expressdebanat.ro\/wp-content\/uploads\/2022\/09\/transport-scolar-620x400.jpg\" class=\"attachment-post-thumb size-post-thumb wp-post-image\" alt=\"transport scolar\"><\/div>\n<p><strong>Cele 15 linii de transport \u0219colar din Timi\u0219oara revin pe trasee odat\u0103 cu \u00eenceperea noului an \u0219colar. Din 7 septembrie, elevii vor putea folosi din nou autobuzele dedicate transportului \u0219colar, operate de STPT.<\/strong><\/p>\n<p>Singura modificare anun\u021bat\u0103 pentru acest an vizeaz\u0103 linia S12, al c\u0103rei traseu va fi deviat din cauza lucr\u0103rilor din Pia\u021ba Traian. Sta\u021bia \u201ePia\u021ba Traian\u201d va fi suspendat\u0103 temporar, iar autobuzele vor circula pe str\u0103zile Iepurelui \u0219i I.H. Pestalozzi. Pe traseul deviat vor fi introduse dou\u0103 sta\u021bii noi: \u201eIepurelui\u201d \u0219i \u201eRadio Timi\u0219oara\u201d.<\/p>\n<p>Traseul S12 va fi reanalizat \u00een func\u021bie de evolu\u021bia lucr\u0103rilor din Pia\u021ba Traian, iar eventualele modific\u0103ri vor fi anun\u021bate din timp.<\/p>\n<p>Celelalte 14 linii \u0219colare vor circula pe acelea\u0219i trasee ca \u00een anul \u0219colar trecut.<\/p>\n<p>Liniile speciale \u201eS\u201d sunt operate de STPT \u0219i au program adaptat orelor de curs.\u00a0Lista complet\u0103 a sta\u021biilor \u0219i orarul liniilor de transport \u0219colar pot fi consultate pe <a href=\"https:\/\/stpt.ro\/orare-de-circulatie\/\">site-ul STPT<\/a>.<\/p>\n<\/div>\n<p>[analyse_source url=&#8221;https:\/\/expressdebanat.ro\/transport-scolar-in-timisoara-15-linii-revin-din-7-septembrie\/&#8221;]<\/p>\n","protected":false},"excerpt":{"rendered":"<p>[analyse_image type=&#8221;featured&#8221; src=&#8221;https:\/\/cdn.expressdebanat.ro\/wp-content\/uploads\/2022\/09\/transport-scolar.jpg&#8221;] Cele 15 linii de transport \u0219colar din Timi\u0219oara revin pe trasee odat\u0103 cu \u00eenceperea noului an \u0219colar. Din 7 septembrie, elevii vor putea folosi din nou autobuzele dedicate transportului \u0219colar, operate de STPT. Singura modificare anun\u021bat\u0103 pentru acest an vizeaz\u0103 linia S12, al c\u0103rei traseu va fi deviat din cauza lucr\u0103rilor din [&hellip;]<\/p>\n","protected":false},"author":1,"featured_media":0,"comment_status":"open","ping_status":"","sticky":false,"template":"","format":"standard","meta":{"footnotes":""},"categories":[89],"tags":[226,196],"class_list":["post-2125878","post","type-post","status-publish","format-standard","hentry","category-romania","tag-crawlmanager","tag-expressdebanat-ro"],"_links":{"self":[{"href":"https:\/\/analyse.optim.biz\/index.php?rest_route=\/wp\/v2\/posts\/2125878","targetHints":{"allow":["GET"]}}],"collection":[{"href":"https:\/\/analyse.optim.biz\/index.php?rest_route=\/wp\/v2\/posts"}],"about":[{"href":"https:\/\/analyse.optim.biz\/index.php?rest_route=\/wp\/v2\/types\/post"}],"author":[{"embeddable":true,"href":"https:\/\/analyse.optim.biz\/index.php?rest_route=\/wp\/v2\/users\/1"}],"replies":[{"embeddable":true,"href":"https:\/\/analyse.optim.biz\/index.php?rest_route=%2Fwp%2Fv2%2Fcomments&post=2125878"}],"version-history":[{"count":0,"href":"https:\/\/analyse.optim.biz\/index.php?rest_route=\/wp\/v2\/posts\/2125878\/revisions"}],"wp:attachment":[{"href":"https:\/\/analyse.optim.biz\/index.php?rest_route=%2Fwp%2Fv2%2Fmedia&parent=2125878"}],"wp:term":[{"taxonomy":"category","embeddable":true,"href":"https:\/\/analyse.optim.biz\/index.php?rest_route=%2Fwp%2Fv2%2Fcategories&post=2125878"},{"taxonomy":"post_tag","embeddable":true,"href":"https:\/\/analyse.optim.biz\/index.php?rest_route=%2Fwp%2Fv2%2Ftags&post=2125878"}],"curies":[{"name":"wp","href":"https:\/\/api.w.org\/{rel}","templated":true}]}}