{"id":2125877,"date":"2026-09-01T08:41:02","date_gmt":"2026-09-01T05:41:02","guid":{"rendered":"https:\/\/analyse.optim.biz\/?p=2125877"},"modified":"2026-09-01T08:41:02","modified_gmt":"2026-09-01T05:41:02","slug":"consultatii-optometrice-gratuite-la-bautar-gala-optik-vine-in-sprijinul-comunitatii","status":"publish","type":"post","link":"https:\/\/analyse.optim.biz\/?p=2125877","title":{"rendered":"Consulta\u021bii optometrice gratuite la B\u0103u\u021bar: Gala Optik vine \u00een sprijinul comunit\u0103\u021bii"},"content":{"rendered":"<p>[analyse_image type=&#8221;featured&#8221; src=&#8221;https:\/\/cdn.expressdebanat.ro\/wp-content\/uploads\/2026\/09\/consultatii-bautar-e1788252039580.jpeg&#8221;]<\/p>\n<div id=\"post-area\" class=\"post-982177 post type-post status-publish format-standard has-post-thumbnail hentry category-caras category-utile tag-consultatii-gratuite tag-consultatii-optometrice tag-primaria-bautar\">\n<div id=\"social-box\">\n<ul class=\"post-social\">\n<li class=\"social-share-button\">\n<li class=\"social-share-button\">\n<li class=\"social-share-button\"><\/ul>\n<\/div>\n<div id=\"content-area\">\n<div class=\"post-image\"><img loading=\"lazy\" decoding=\"async\" width=\"478\" height=\"400\" src=\"https:\/\/cdn.expressdebanat.ro\/wp-content\/uploads\/2026\/09\/consultatii-bautar-478x400.jpeg\" class=\"attachment-post-thumb size-post-thumb wp-post-image perfmatters-lazy\" alt=\"consultatii bautar\"><img loading=\"lazy\" decoding=\"async\" width=\"478\" height=\"400\" src=\"https:\/\/cdn.expressdebanat.ro\/wp-content\/uploads\/2026\/09\/consultatii-bautar-478x400.jpeg\" class=\"attachment-post-thumb size-post-thumb wp-post-image\" alt=\"consultatii bautar\"><\/div>\n<div class=\"ewzds6a991ea6590c4\"><img loading=\"lazy\" decoding=\"async\" class=\"size-full wp-image-947090 perfmatters-lazy\" src=\"https:\/\/cdn.expressdebanat.ro\/wp-content\/uploads\/2025\/10\/banner-1164-x-200-px.jpg\" alt=\"banner 1164 x 200 px\" width=\"1000\" height=\"171\"><img loading=\"lazy\" decoding=\"async\" class=\"size-full wp-image-947090\" src=\"https:\/\/cdn.expressdebanat.ro\/wp-content\/uploads\/2025\/10\/banner-1164-x-200-px.jpg\" alt=\"banner 1164 x 200 px\" width=\"1000\" height=\"171\"><\/div>\n<p><strong>Prim\u0103ria Comunei B\u0103u\u021bar vine \u00een sprijinul s\u0103n\u0103t\u0103\u021bii comunit\u0103\u021bii \u0219i pune la dispozi\u021bie sediul institu\u021biei pentru desf\u0103\u0219urarea unei campanii de consulta\u021bii optometrice gratuite, adres\u00e2nd o invita\u021bie deschis\u0103 tuturor cet\u0103\u021benilor de a profita de aceast\u0103 oportunitate.<\/strong><\/p>\n<p>Ac\u021biunea, organizat\u0103 \u00een parteneriat cu speciali\u0219tii de la Gala Optik, va avea loc \u00een data de 4 septembrie 2026, \u00eentre orele 10:00 \u0219i 14:00, chiar la sediul Prim\u0103riei Comunei B\u0103u\u021bar (Str. Principal\u0103, nr. 55).<\/p>\n<p><strong>Servicii asigurate gratuit \u00een cadrul evenimentului:<\/strong><\/p>\n<ul>\n<li>\u200bVerificarea acuit\u0103\u021bii vizuale cu aparatur\u0103 de profil<\/li>\n<li>Recomand\u0103ri personalizate pentru \u00eengrijirea \u0219i s\u0103n\u0103tatea ochilor<\/li>\n<li>\u200bConsiliere de specialitate pentru alegerea tipului potrivit de ochelari<\/li>\n<\/ul>\n<p>Administra\u021bia local\u0103 din B\u0103u\u021bar \u00eei \u00eendeamn\u0103 pe to\u021bi locuitorii comunei s\u0103 nu neglijeze controalele periodice \u0219i s\u0103 participe la aceast\u0103 sesiune gratuit\u0103 de evaluare a vederii.<\/p>\n<div class=\"dunrc6a991ea659120\"><a href=\"https:\/\/www.brantner.com\/en\/group\/international-locations\/romania\/brantner-servicii-ecoogice-srl-resita.html\" title=\"Stiri Timisoara si Resita publicitate online\" target=\"_blank\" rel=\"noopener noreferrer ugc sponsored\"><img loading=\"lazy\" decoding=\"async\" class=\"size-full wp-image-804798 perfmatters-lazy\" src=\"https:\/\/cdn.expressdebanat.ro\/wp-content\/uploads\/2024\/02\/WhatsApp-Image-2024-02-05-at-11.32.01.jpeg\" alt=\"Stiri Timisoara si Resita publicitate online Brantner 1000x100px\" width=\"970\" height=\"90\"><img loading=\"lazy\" decoding=\"async\" class=\"size-full wp-image-804798\" src=\"https:\/\/cdn.expressdebanat.ro\/wp-content\/uploads\/2024\/02\/WhatsApp-Image-2024-02-05-at-11.32.01.jpeg\" alt=\"Stiri Timisoara si Resita publicitate online Brantner 1000x100px\" width=\"970\" height=\"90\"><\/a><\/div>\n<\/div>\n<div id=\"social-box\">\n<ul class=\"post-social\">\n<li class=\"fb-line\">\n<li><a href=\"http:\/\/twitter.com\/share\" class=\"twitter-share-button\" data-lang=\"en\" data-count=\"horizontal\">Tweet<\/a><\/li>\n<li>\n<li><a href=\"http:\/\/pinterest.com\/pin\/create\/button\/?url=https%3A%2F%2Fexpressdebanat.ro%2Fconsultatii-optometrice-gratuite-la-bautar-gala-optik-vine-in-sprijinul-comunitatii%2F&amp;media=https:\/\/cdn.expressdebanat.ro\/wp-content\/uploads\/2026\/09\/consultatii-bautar-e1788252039580.jpeg&amp;description=Consulta%C8%9Bii%20optometrice%20gratuite%20la%20B%C4%83u%C8%9Bar:%20Gala%20Optik%20vine%20%C3%AEn%20sprijinul%20comunit%C4%83%C8%9Bii\" class=\"pin-it-button\">Pin It<\/a><\/li>\n<\/ul>\n<\/div>\n<\/div>\n<div id=\"content-area\">\n<div class=\"post-image\"><img loading=\"lazy\" decoding=\"async\" width=\"478\" height=\"400\" src=\"https:\/\/cdn.expressdebanat.ro\/wp-content\/uploads\/2026\/09\/consultatii-bautar-478x400.jpeg\" class=\"attachment-post-thumb size-post-thumb wp-post-image perfmatters-lazy\" alt=\"consultatii bautar\"><img loading=\"lazy\" decoding=\"async\" width=\"478\" height=\"400\" src=\"https:\/\/cdn.expressdebanat.ro\/wp-content\/uploads\/2026\/09\/consultatii-bautar-478x400.jpeg\" class=\"attachment-post-thumb size-post-thumb wp-post-image\" alt=\"consultatii bautar\"><\/div>\n<div class=\"ewzds6a991ea6590c4\"><img loading=\"lazy\" decoding=\"async\" class=\"size-full wp-image-947090 perfmatters-lazy\" src=\"https:\/\/cdn.expressdebanat.ro\/wp-content\/uploads\/2025\/10\/banner-1164-x-200-px.jpg\" alt=\"banner 1164 x 200 px\" width=\"1000\" height=\"171\"><img loading=\"lazy\" decoding=\"async\" class=\"size-full wp-image-947090\" src=\"https:\/\/cdn.expressdebanat.ro\/wp-content\/uploads\/2025\/10\/banner-1164-x-200-px.jpg\" alt=\"banner 1164 x 200 px\" width=\"1000\" height=\"171\"><\/div>\n<p><strong>Prim\u0103ria Comunei B\u0103u\u021bar vine \u00een sprijinul s\u0103n\u0103t\u0103\u021bii comunit\u0103\u021bii \u0219i pune la dispozi\u021bie sediul institu\u021biei pentru desf\u0103\u0219urarea unei campanii de consulta\u021bii optometrice gratuite, adres\u00e2nd o invita\u021bie deschis\u0103 tuturor cet\u0103\u021benilor de a profita de aceast\u0103 oportunitate.<\/strong><\/p>\n<p>Ac\u021biunea, organizat\u0103 \u00een parteneriat cu speciali\u0219tii de la Gala Optik, va avea loc \u00een data de 4 septembrie 2026, \u00eentre orele 10:00 \u0219i 14:00, chiar la sediul Prim\u0103riei Comunei B\u0103u\u021bar (Str. Principal\u0103, nr. 55).<\/p>\n<p><strong>Servicii asigurate gratuit \u00een cadrul evenimentului:<\/strong><\/p>\n<ul>\n<li>\u200bVerificarea acuit\u0103\u021bii vizuale cu aparatur\u0103 de profil<\/li>\n<li>Recomand\u0103ri personalizate pentru \u00eengrijirea \u0219i s\u0103n\u0103tatea ochilor<\/li>\n<li>\u200bConsiliere de specialitate pentru alegerea tipului potrivit de ochelari<\/li>\n<\/ul>\n<p>Administra\u021bia local\u0103 din B\u0103u\u021bar \u00eei \u00eendeamn\u0103 pe to\u021bi locuitorii comunei s\u0103 nu neglijeze controalele periodice \u0219i s\u0103 participe la aceast\u0103 sesiune gratuit\u0103 de evaluare a vederii.<\/p>\n<div class=\"dunrc6a991ea659120\"><a href=\"https:\/\/www.brantner.com\/en\/group\/international-locations\/romania\/brantner-servicii-ecoogice-srl-resita.html\" title=\"Stiri Timisoara si Resita publicitate online\" target=\"_blank\" rel=\"noopener noreferrer ugc sponsored\"><img loading=\"lazy\" decoding=\"async\" class=\"size-full wp-image-804798 perfmatters-lazy\" src=\"https:\/\/cdn.expressdebanat.ro\/wp-content\/uploads\/2024\/02\/WhatsApp-Image-2024-02-05-at-11.32.01.jpeg\" alt=\"Stiri Timisoara si Resita publicitate online Brantner 1000x100px\" width=\"970\" height=\"90\"><img loading=\"lazy\" decoding=\"async\" class=\"size-full wp-image-804798\" src=\"https:\/\/cdn.expressdebanat.ro\/wp-content\/uploads\/2024\/02\/WhatsApp-Image-2024-02-05-at-11.32.01.jpeg\" alt=\"Stiri Timisoara si Resita publicitate online Brantner 1000x100px\" width=\"970\" height=\"90\"><\/a><\/div>\n<\/div>\n<p>[analyse_source url=&#8221;https:\/\/expressdebanat.ro\/consultatii-optometrice-gratuite-la-bautar-gala-optik-vine-in-sprijinul-comunitatii\/&#8221;]<\/p>\n","protected":false},"excerpt":{"rendered":"<p>[analyse_image type=&#8221;featured&#8221; src=&#8221;https:\/\/cdn.expressdebanat.ro\/wp-content\/uploads\/2026\/09\/consultatii-bautar-e1788252039580.jpeg&#8221;] Prim\u0103ria Comunei B\u0103u\u021bar vine \u00een sprijinul s\u0103n\u0103t\u0103\u021bii comunit\u0103\u021bii \u0219i pune la dispozi\u021bie sediul institu\u021biei pentru desf\u0103\u0219urarea unei campanii de consulta\u021bii optometrice gratuite, adres\u00e2nd o invita\u021bie deschis\u0103 tuturor cet\u0103\u021benilor de a profita de aceast\u0103 oportunitate. Ac\u021biunea, organizat\u0103 \u00een parteneriat cu speciali\u0219tii de la Gala Optik, va avea loc \u00een data de 4 septembrie [&hellip;]<\/p>\n","protected":false},"author":1,"featured_media":0,"comment_status":"open","ping_status":"","sticky":false,"template":"","format":"standard","meta":{"footnotes":""},"categories":[89],"tags":[226,196],"class_list":["post-2125877","post","type-post","status-publish","format-standard","hentry","category-romania","tag-crawlmanager","tag-expressdebanat-ro"],"_links":{"self":[{"href":"https:\/\/analyse.optim.biz\/index.php?rest_route=\/wp\/v2\/posts\/2125877","targetHints":{"allow":["GET"]}}],"collection":[{"href":"https:\/\/analyse.optim.biz\/index.php?rest_route=\/wp\/v2\/posts"}],"about":[{"href":"https:\/\/analyse.optim.biz\/index.php?rest_route=\/wp\/v2\/types\/post"}],"author":[{"embeddable":true,"href":"https:\/\/analyse.optim.biz\/index.php?rest_route=\/wp\/v2\/users\/1"}],"replies":[{"embeddable":true,"href":"https:\/\/analyse.optim.biz\/index.php?rest_route=%2Fwp%2Fv2%2Fcomments&post=2125877"}],"version-history":[{"count":0,"href":"https:\/\/analyse.optim.biz\/index.php?rest_route=\/wp\/v2\/posts\/2125877\/revisions"}],"wp:attachment":[{"href":"https:\/\/analyse.optim.biz\/index.php?rest_route=%2Fwp%2Fv2%2Fmedia&parent=2125877"}],"wp:term":[{"taxonomy":"category","embeddable":true,"href":"https:\/\/analyse.optim.biz\/index.php?rest_route=%2Fwp%2Fv2%2Fcategories&post=2125877"},{"taxonomy":"post_tag","embeddable":true,"href":"https:\/\/analyse.optim.biz\/index.php?rest_route=%2Fwp%2Fv2%2Ftags&post=2125877"}],"curies":[{"name":"wp","href":"https:\/\/api.w.org\/{rel}","templated":true}]}}