{"id":2125872,"date":"2026-09-03T08:19:42","date_gmt":"2026-09-03T05:19:42","guid":{"rendered":"https:\/\/analyse.optim.biz\/?p=2125872"},"modified":"2026-09-03T08:19:42","modified_gmt":"2026-09-03T05:19:42","slug":"fjord-filmul-lui-cristian-mungiu-este-propunerea-romaniei-pentru-oscar-2027","status":"publish","type":"post","link":"https:\/\/analyse.optim.biz\/?p=2125872","title":{"rendered":"\u201eFjord\u201d, filmul lui Cristian Mungiu, este propunerea Rom\u00e2niei pentru Oscar 2027"},"content":{"rendered":"<p>[analyse_image type=&#8221;featured&#8221; src=&#8221;https:\/\/www.tion.ro\/wp-content\/uploads\/2026\/06\/+otf\/1200&#215;630\/xTdLDx3T0JS3MJ34SIQDRk5PVF9WRVJZX1NFQ__K__0J2STZJYyJOVOGV2HB41O+tqxS2__PSqHoim9qN8Ihd5pqyXkklyCMHGHBYSLgK7aEtplIFv3UwzMezyEppI=\/281262714012323-scaled.jpg&#8221;]<\/p>\n<article id=\"post-2345958\" class>\n<div class=\"entry-content clearfix\">\n<div class=\"enewsArticleContent\">\n<p>Produc\u021bia a avut premiera \u00een Competi\u021bia Oficial\u0103 a Festivalului de Film de la Cannes, unde a c\u00e2\u0219tigat Palme d\u2019Or pentru cel mai bun film. \u201eFjord\u201d a primit la Cannes \u0219i Premiul FIPRESCI, Premiul juriului ecumenic, Prix de la Citoyennet\u00e9 \u0219i Premiul Fran\u00e7ois Chalais.<\/p>\n<p>O modificare a regulamentului Academiei Americane de Film, adoptat\u0103 \u00een mai 2026, permite unui film \u00eentr-o alt\u0103 limb\u0103 dec\u00e2t engleza s\u0103 fie eligibil pentru categoria \u201eCel mai bun lungmetraj interna\u021bional\u201d \u0219i f\u0103r\u0103 s\u0103 fie desemnat oficial de o \u021bar\u0103, dac\u0103 a c\u00e2\u0219tigat premiul pentru cel mai bun film la unul dintre festivalurile de film prev\u0103zute \u00een regulament.<\/p>\n<p>Cum \u201eFjord\u201d a c\u00e2\u0219tigat Palme d\u2019Or la Cannes, produc\u021bia lui Cristian Mungiu era deja eligibil\u0103 pentru competi\u021bia Oscarurilor \u00eenainte de desemnarea oficial\u0103 a Rom\u00e2niei.<\/p>\n<p>\u00cen distribu\u021bia principal\u0103 se afl\u0103 Sebastian Stan \u0219i actri\u021ba norvegian\u0103 Renate Reinsve. Imaginea este semnat\u0103 de Tudor Vladimir Panduru, montajul de Mircea Olteanu, iar scenografia de Simona P\u0103dure\u021bu. Filmul spune povestea unui cuplu rom\u00e2no-norvegian care intr\u0103 \u00een conflict cu autorit\u0103\u021bile din Norvegia \u00een leg\u0103tur\u0103 cu modul \u00een care \u00ee\u0219i cresc copiii. Povestea este inspirat\u0103 din cazul real al familiei Bodnariu.<\/p>\n<h3><strong>Filmul lui Mungiu, \u00een aten\u021bia criticilor \u00eenaintea selec\u021biei pentru Oscar<\/strong><\/h3>\n<p>Desemnarea de c\u0103tre Rom\u00e2nia vine dup\u0103 ce \u201eFjord\u201d fusese deja inclus \u00een predic\u021biile publica\u021biei americane Variety pentru mai multe categorii ale Oscarurilor din 2027.<\/p>\n<p><strong><a href=\"https:\/\/www.tion.ro\/cinema\/cristian-mungiu-tot-mai-aproape-de-nominalizarea-la-oscar-2027-se-afla-printre-favoritii-la-regie-cu-fjord-2334531\/\">\u00centr-o analiz\u0103 publicat\u0103 \u00een august<\/a><\/strong>, Cristian Mungiu era indicat printre regizorii afla\u021bi \u00een curs\u0103 pentru o posibil\u0103 nominalizare, al\u0103turi de nume precum Christopher Nolan \u0219i Denis Villeneuve. Publica\u021bia lua \u00een calcul filmul \u0219i pentru categoriile \u201eCel mai bun film\u201d, \u201eCea mai bun\u0103 actri\u021b\u0103\u201d, pentru Renate Reinsve, \u0219i \u201eCel mai bun scenariu original\u201d.<\/p>\n<p>Sebastian Stan ap\u0103rea, de asemenea, printre actorii considera\u021bi \u00een cursa pentru o nominalizare la categoria \u201eCel mai bun actor\u201d. \u00centr-o estimare anterioar\u0103, Variety considera c\u0103 \u201eFjord\u201d ar putea ajunge s\u0103 ob\u021bin\u0103 cinci nominaliz\u0103ri la edi\u021bia din 2027 a premiilor.<\/p>\n<h3><strong>C\u00e2nd va fi anun\u021bat\u0103 lista scurt\u0103 pentru Oscar<\/strong><\/h3>\n<p>\u201eFjord\u201d este o coproduc\u021bie \u00eentre Rom\u00e2nia, Fran\u021ba, Norvegia, Suedia, Danemarca \u0219i Finlanda. Produc\u021bia este realizat\u0103 de Mobra Films \u00eempreun\u0103 cu mai multe companii din \u021b\u0103rile partenere \u0219i beneficiaz\u0103 de sprijinul Centrului Na\u021bional al Cinematografiei, al Eurimages \u0219i al programului MEDIA Europa Creativ\u0103.<\/p>\n<p>Filmul a fost lansat \u00een Fran\u021ba pe 19 august 2026 \u0219i urmeaz\u0103 s\u0103 ajung\u0103 \u00een cinematografele din Rom\u00e2nia \u00een aceast\u0103 iarn\u0103. Distribu\u021bia interna\u021bional\u0103 este asigurat\u0103 de Goodfellas, iar \u00een Statele Unite filmul este distribuit de Neon Rated.<\/p>\n<p>Lista scurt\u0103 a filmelor eligibile pentru nominaliz\u0103rile la Oscar 2027 va fi anun\u021bat\u0103 de Academia American\u0103 de Film pe 15 decembrie 2026. Nominaliz\u0103rile finale sunt programate pentru 21 ianuarie 2027, iar gala celei de-a 99-a edi\u021bii a Premiilor Academiei Americane de Film va avea loc pe 14 martie 2027, la Los Angeles.<\/p>\n<h3><strong>Cristian Mungiu, premiat deja cu Palme d\u2019Or<\/strong><\/h3>\n<p>\u201eFjord\u201d este al \u0219aselea lungmetraj al lui Cristian Mungiu. Regizorul ie\u0219ean a debutat \u00een lungmetraj cu \u201eOccident\u201d, prezentat la Cannes \u00een 2002.<\/p>\n<p>\u00cen 2007, Mungiu a c\u00e2\u0219tigat Palme d\u2019Or pentru \u201e4 luni, 3 s\u0103pt\u0103m\u00e2ni \u0219i 2 zile\u201d. Filmul a primit ulterior mai multe distinc\u021bii interna\u021bionale, inclusiv premiile Academiei Europene de Film pentru cel mai bun film \u0219i cel mai bun regizor.<\/p>\n<p>Regizorul a revenit \u00een competi\u021bia de la Cannes cu \u201eDup\u0103 Dealuri\u201d, \u00een 2012, produc\u021bie care i-a adus dou\u0103 premii, pentru scenariu \u0219i interpretare feminin\u0103. \u00cen 2016, \u201eBacalaureat\u201d i-a adus premiul pentru cel mai bun regizor la Cannes. \u00cen 2022, Mungiu a participat din nou la Competi\u021bia Oficial\u0103 cu \u201eR.M.N.\u201d.<\/p>\n<div class=\"fbShareLikeTwitterAndEmailContainer\">\n<div class=\"wrapper\">\n<div class=\"email\">\n<div id=\"mailto-pop\" class=\"pop-form pop-form-mailto\">\n<div class=\"pop-form-header\">\n<h4>Trimite articolul<\/h4>\n<p><a class=\"pop-form-close\">X<\/a><\/div>\n<\/div>\n<\/div>\n<\/div>\n<\/div>\n<div class=\"tagsContainer\">\n<div class=\"tagsLabel\">Taguri:<\/div>\n<div class=\"tags\">\n<div class=\"tag\"><a href=\"https:\/\/www.tion.ro\/cimke\/cnc\" rel=\"tag\"><span class=\"link\">CNC<\/span><span class=\"separator\">,<\/span><\/a><\/div>\n<div class=\"tag\"><a href=\"https:\/\/www.tion.ro\/cimke\/fjord\" rel=\"tag\"><span class=\"link\">fjord<\/span><span class=\"separator\">,<\/span><\/a><\/div>\n<div class=\"tag\"><a href=\"https:\/\/www.tion.ro\/cimke\/oscar-2027\" rel=\"tag\"><span class=\"link\">Oscar 2027<\/span><\/a><\/div>\n<\/div>\n<\/div>\n<div class=\"comments\">\n<div class=\"top\">\n<div class=\"commentsNumber\"><span class=\"number\">0<\/span><span class=\"text\">Comentarii<\/span><\/div>\n<\/div>\n<div class=\"center\">\n<div id=\"respond\" class=\"comment-respond\">\n<h3 id=\"reply-title\" class=\"comment-reply-title\"><small><a rel=\"nofollow\" id=\"cancel-comment-reply-link\" href=\"https:\/\/www.tion.ro\/cinema\/fjord-filmul-lui-cristian-mungiu-este-propunerea-romaniei-pentru-oscar-2027-2345958\/#respond\">Cancel reply<\/a><\/small><\/h3>\n<p class=\"comment-notes\"><span id=\"email-notes\">Your email address will not be published.<\/span><span class=\"required-field-message\">Required fields are marked <span class=\"required\">*<\/span><\/span><\/p>\n<p class=\"commentFormComment\"><span id=\"commentFormCount\"><br \/>\n                            inca<br \/>\n                            <span id=\"countCommentText\">1000<\/span><br \/>\n                            caractere ramase<br \/>\n                        <\/span><\/p>\n<\/div>\n<\/div>\n<div class=\"bottom\">\n<p class=\"forumDisclaimerHuRo\">\n            Citi\u021bi principiile noastre de moderare <a href=\"https:\/\/www.tion.ro\/reguli-postare-comentarii\/\" target=\"_blank\">aici<\/a>!\n        <\/p>\n<\/div>\n<\/div>\n<\/div>\n<\/div>\n<\/article>\n<div class=\"entry-content clearfix\">\n<div class=\"enewsArticleContent\">\n<p>Produc\u021bia a avut premiera \u00een Competi\u021bia Oficial\u0103 a Festivalului de Film de la Cannes, unde a c\u00e2\u0219tigat Palme d\u2019Or pentru cel mai bun film. \u201eFjord\u201d a primit la Cannes \u0219i Premiul FIPRESCI, Premiul juriului ecumenic, Prix de la Citoyennet\u00e9 \u0219i Premiul Fran\u00e7ois Chalais.<\/p>\n<p>O modificare a regulamentului Academiei Americane de Film, adoptat\u0103 \u00een mai 2026, permite unui film \u00eentr-o alt\u0103 limb\u0103 dec\u00e2t engleza s\u0103 fie eligibil pentru categoria \u201eCel mai bun lungmetraj interna\u021bional\u201d \u0219i f\u0103r\u0103 s\u0103 fie desemnat oficial de o \u021bar\u0103, dac\u0103 a c\u00e2\u0219tigat premiul pentru cel mai bun film la unul dintre festivalurile de film prev\u0103zute \u00een regulament.<\/p>\n<p>Cum \u201eFjord\u201d a c\u00e2\u0219tigat Palme d\u2019Or la Cannes, produc\u021bia lui Cristian Mungiu era deja eligibil\u0103 pentru competi\u021bia Oscarurilor \u00eenainte de desemnarea oficial\u0103 a Rom\u00e2niei.<\/p>\n<p>\u00cen distribu\u021bia principal\u0103 se afl\u0103 Sebastian Stan \u0219i actri\u021ba norvegian\u0103 Renate Reinsve. Imaginea este semnat\u0103 de Tudor Vladimir Panduru, montajul de Mircea Olteanu, iar scenografia de Simona P\u0103dure\u021bu. Filmul spune povestea unui cuplu rom\u00e2no-norvegian care intr\u0103 \u00een conflict cu autorit\u0103\u021bile din Norvegia \u00een leg\u0103tur\u0103 cu modul \u00een care \u00ee\u0219i cresc copiii. Povestea este inspirat\u0103 din cazul real al familiei Bodnariu.<\/p>\n<h3><strong>Filmul lui Mungiu, \u00een aten\u021bia criticilor \u00eenaintea selec\u021biei pentru Oscar<\/strong><\/h3>\n<p>Desemnarea de c\u0103tre Rom\u00e2nia vine dup\u0103 ce \u201eFjord\u201d fusese deja inclus \u00een predic\u021biile publica\u021biei americane Variety pentru mai multe categorii ale Oscarurilor din 2027.<\/p>\n<p><strong><a href=\"https:\/\/www.tion.ro\/cinema\/cristian-mungiu-tot-mai-aproape-de-nominalizarea-la-oscar-2027-se-afla-printre-favoritii-la-regie-cu-fjord-2334531\/\">\u00centr-o analiz\u0103 publicat\u0103 \u00een august<\/a><\/strong>, Cristian Mungiu era indicat printre regizorii afla\u021bi \u00een curs\u0103 pentru o posibil\u0103 nominalizare, al\u0103turi de nume precum Christopher Nolan \u0219i Denis Villeneuve. Publica\u021bia lua \u00een calcul filmul \u0219i pentru categoriile \u201eCel mai bun film\u201d, \u201eCea mai bun\u0103 actri\u021b\u0103\u201d, pentru Renate Reinsve, \u0219i \u201eCel mai bun scenariu original\u201d.<\/p>\n<p>Sebastian Stan ap\u0103rea, de asemenea, printre actorii considera\u021bi \u00een cursa pentru o nominalizare la categoria \u201eCel mai bun actor\u201d. \u00centr-o estimare anterioar\u0103, Variety considera c\u0103 \u201eFjord\u201d ar putea ajunge s\u0103 ob\u021bin\u0103 cinci nominaliz\u0103ri la edi\u021bia din 2027 a premiilor.<\/p>\n<h3><strong>C\u00e2nd va fi anun\u021bat\u0103 lista scurt\u0103 pentru Oscar<\/strong><\/h3>\n<p>\u201eFjord\u201d este o coproduc\u021bie \u00eentre Rom\u00e2nia, Fran\u021ba, Norvegia, Suedia, Danemarca \u0219i Finlanda. Produc\u021bia este realizat\u0103 de Mobra Films \u00eempreun\u0103 cu mai multe companii din \u021b\u0103rile partenere \u0219i beneficiaz\u0103 de sprijinul Centrului Na\u021bional al Cinematografiei, al Eurimages \u0219i al programului MEDIA Europa Creativ\u0103.<\/p>\n<p>Filmul a fost lansat \u00een Fran\u021ba pe 19 august 2026 \u0219i urmeaz\u0103 s\u0103 ajung\u0103 \u00een cinematografele din Rom\u00e2nia \u00een aceast\u0103 iarn\u0103. Distribu\u021bia interna\u021bional\u0103 este asigurat\u0103 de Goodfellas, iar \u00een Statele Unite filmul este distribuit de Neon Rated.<\/p>\n<p>Lista scurt\u0103 a filmelor eligibile pentru nominaliz\u0103rile la Oscar 2027 va fi anun\u021bat\u0103 de Academia American\u0103 de Film pe 15 decembrie 2026. Nominaliz\u0103rile finale sunt programate pentru 21 ianuarie 2027, iar gala celei de-a 99-a edi\u021bii a Premiilor Academiei Americane de Film va avea loc pe 14 martie 2027, la Los Angeles.<\/p>\n<h3><strong>Cristian Mungiu, premiat deja cu Palme d\u2019Or<\/strong><\/h3>\n<p>\u201eFjord\u201d este al \u0219aselea lungmetraj al lui Cristian Mungiu. Regizorul ie\u0219ean a debutat \u00een lungmetraj cu \u201eOccident\u201d, prezentat la Cannes \u00een 2002.<\/p>\n<p>\u00cen 2007, Mungiu a c\u00e2\u0219tigat Palme d\u2019Or pentru \u201e4 luni, 3 s\u0103pt\u0103m\u00e2ni \u0219i 2 zile\u201d. Filmul a primit ulterior mai multe distinc\u021bii interna\u021bionale, inclusiv premiile Academiei Europene de Film pentru cel mai bun film \u0219i cel mai bun regizor.<\/p>\n<p>Regizorul a revenit \u00een competi\u021bia de la Cannes cu \u201eDup\u0103 Dealuri\u201d, \u00een 2012, produc\u021bie care i-a adus dou\u0103 premii, pentru scenariu \u0219i interpretare feminin\u0103. \u00cen 2016, \u201eBacalaureat\u201d i-a adus premiul pentru cel mai bun regizor la Cannes. \u00cen 2022, Mungiu a participat din nou la Competi\u021bia Oficial\u0103 cu \u201eR.M.N.\u201d.<\/p>\n<div class=\"fbShareLikeTwitterAndEmailContainer\">\n<div class=\"wrapper\">\n<div class=\"email\">\n<div id=\"mailto-pop\" class=\"pop-form pop-form-mailto\">\n<div class=\"pop-form-header\">\n<h4>Trimite articolul<\/h4>\n<p><a class=\"pop-form-close\">X<\/a><\/div>\n<\/div>\n<\/div>\n<\/div>\n<\/div>\n<div class=\"tagsContainer\">\n<div class=\"tagsLabel\">Taguri:<\/div>\n<div class=\"tags\">\n<div class=\"tag\"><a href=\"https:\/\/www.tion.ro\/cimke\/cnc\" rel=\"tag\"><span class=\"link\">CNC<\/span><span class=\"separator\">,<\/span><\/a><\/div>\n<div class=\"tag\"><a href=\"https:\/\/www.tion.ro\/cimke\/fjord\" rel=\"tag\"><span class=\"link\">fjord<\/span><span class=\"separator\">,<\/span><\/a><\/div>\n<div class=\"tag\"><a href=\"https:\/\/www.tion.ro\/cimke\/oscar-2027\" rel=\"tag\"><span class=\"link\">Oscar 2027<\/span><\/a><\/div>\n<\/div>\n<\/div>\n<div class=\"comments\">\n<div class=\"top\">\n<div class=\"commentsNumber\"><span class=\"number\">0<\/span><span class=\"text\">Comentarii<\/span><\/div>\n<\/div>\n<div class=\"center\">\n<div id=\"respond\" class=\"comment-respond\">\n<h3 id=\"reply-title\" class=\"comment-reply-title\"><small><a rel=\"nofollow\" id=\"cancel-comment-reply-link\" href=\"https:\/\/www.tion.ro\/cinema\/fjord-filmul-lui-cristian-mungiu-este-propunerea-romaniei-pentru-oscar-2027-2345958\/#respond\">Cancel reply<\/a><\/small><\/h3>\n<p class=\"comment-notes\"><span id=\"email-notes\">Your email address will not be published.<\/span><span class=\"required-field-message\">Required fields are marked <span class=\"required\">*<\/span><\/span><\/p>\n<p class=\"commentFormComment\"><span id=\"commentFormCount\"><br \/>\n                            inca<br \/>\n                            <span id=\"countCommentText\">1000<\/span><br \/>\n                            caractere ramase<br \/>\n                        <\/span><\/p>\n<\/div>\n<\/div>\n<div class=\"bottom\">\n<p class=\"forumDisclaimerHuRo\">\n            Citi\u021bi principiile noastre de moderare <a href=\"https:\/\/www.tion.ro\/reguli-postare-comentarii\/\" target=\"_blank\">aici<\/a>!\n        <\/p>\n<\/div>\n<\/div>\n<\/div>\n<\/div>\n<p>[analyse_source url=&#8221;https:\/\/www.tion.ro\/cinema\/fjord-filmul-lui-cristian-mungiu-este-propunerea-romaniei-pentru-oscar-2027-2345958\/&#8221;]<\/p>\n","protected":false},"excerpt":{"rendered":"<p>[analyse_image type=&#8221;featured&#8221; src=&#8221;https:\/\/www.tion.ro\/wp-content\/uploads\/2026\/06\/+otf\/1200&#215;630\/xTdLDx3T0JS3MJ34SIQDRk5PVF9WRVJZX1NFQ__K__0J2STZJYyJOVOGV2HB41O+tqxS2__PSqHoim9qN8Ihd5pqyXkklyCMHGHBYSLgK7aEtplIFv3UwzMezyEppI=\/281262714012323-scaled.jpg&#8221;] Produc\u021bia a avut premiera \u00een Competi\u021bia Oficial\u0103 a Festivalului de Film de la Cannes, unde a c\u00e2\u0219tigat Palme d\u2019Or pentru cel mai bun film. \u201eFjord\u201d a primit la Cannes \u0219i Premiul FIPRESCI, Premiul juriului ecumenic, Prix de la Citoyennet\u00e9 \u0219i Premiul Fran\u00e7ois Chalais. O modificare a regulamentului Academiei Americane de Film, adoptat\u0103 [&hellip;]<\/p>\n","protected":false},"author":1,"featured_media":0,"comment_status":"open","ping_status":"","sticky":false,"template":"","format":"standard","meta":{"footnotes":""},"categories":[89],"tags":[226,191],"class_list":["post-2125872","post","type-post","status-publish","format-standard","hentry","category-romania","tag-crawlmanager","tag-tion-ro"],"_links":{"self":[{"href":"https:\/\/analyse.optim.biz\/index.php?rest_route=\/wp\/v2\/posts\/2125872","targetHints":{"allow":["GET"]}}],"collection":[{"href":"https:\/\/analyse.optim.biz\/index.php?rest_route=\/wp\/v2\/posts"}],"about":[{"href":"https:\/\/analyse.optim.biz\/index.php?rest_route=\/wp\/v2\/types\/post"}],"author":[{"embeddable":true,"href":"https:\/\/analyse.optim.biz\/index.php?rest_route=\/wp\/v2\/users\/1"}],"replies":[{"embeddable":true,"href":"https:\/\/analyse.optim.biz\/index.php?rest_route=%2Fwp%2Fv2%2Fcomments&post=2125872"}],"version-history":[{"count":0,"href":"https:\/\/analyse.optim.biz\/index.php?rest_route=\/wp\/v2\/posts\/2125872\/revisions"}],"wp:attachment":[{"href":"https:\/\/analyse.optim.biz\/index.php?rest_route=%2Fwp%2Fv2%2Fmedia&parent=2125872"}],"wp:term":[{"taxonomy":"category","embeddable":true,"href":"https:\/\/analyse.optim.biz\/index.php?rest_route=%2Fwp%2Fv2%2Fcategories&post=2125872"},{"taxonomy":"post_tag","embeddable":true,"href":"https:\/\/analyse.optim.biz\/index.php?rest_route=%2Fwp%2Fv2%2Ftags&post=2125872"}],"curies":[{"name":"wp","href":"https:\/\/api.w.org\/{rel}","templated":true}]}}