{"id":2125870,"date":"2026-09-03T08:18:27","date_gmt":"2026-09-03T05:18:27","guid":{"rendered":"https:\/\/analyse.optim.biz\/?p=2125870"},"modified":"2026-09-03T08:18:27","modified_gmt":"2026-09-03T05:18:27","slug":"transportul-naval-al-stpt-suspendat-pentru-cateva-ore-sambata-are-loc-prima-editie-bega-sup-festival","status":"publish","type":"post","link":"https:\/\/analyse.optim.biz\/?p=2125870","title":{"rendered":"Transportul naval al STPT, suspendat pentru c\u00e2teva ore s\u00e2mb\u0103t\u0103. Are loc prima edi\u021bie Bega SuP Festival"},"content":{"rendered":"<p>[analyse_image type=&#8221;featured&#8221; src=&#8221;https:\/\/www.tion.ro\/wp-content\/uploads\/2026\/09\/+otf\/1200&#215;630\/hQHawnXUMr11o0JghzHpAE5PVF9WRVJZX1NFQ1Swcw8KlyO6XcphZpM5b7tEbLLRXdtW1r4OaBqFxaDfis3zlk9Gn3uRPPz5ZQnMJ1xAwNqyQAGWuUZy7DDWlV8=\/84232257150599319388824092040642229212144657839440n.jpg&#8221;]<\/p>\n<article id=\"post-2345970\" class>\n<div class=\"entry-content clearfix\">\n<div class=\"enewsArticleContent\">\n<p>Transportul naval pe Bega va fi suspendat temporar s\u00e2mb\u0103t\u0103, \u00eentre orele 11:22 \u0219i 16:04, din cauza primei edi\u021bii a \u201eBega SuP Festival\u201d. Vapora\u0219ele STPT \u00ee\u0219i vor relua cursele dup\u0103-amiaz\u0103.<\/p>\n<p>S\u00e2mb\u0103t\u0103, la pr\u00e2nz \u0219i \u00een primele ore ale dup\u0103-amiezii, transportul naval pe Canalul Bega va fi suspendat temporar, fiind programat\u0103 prima edi\u021bie a \u201eBega SuP Festival\u201d. Mai precis, nu vor circula vapora\u0219ele STPT \u00eentre orele 11:22 \u0219i 16:04. Ultimele nave care pleac\u0103 sunt:<\/p>\n<ul>\n<li>Nava 1 \u2013 ora 11:22;<\/li>\n<li>Nava 2 \u2013 ora 11:27.<\/li>\n<\/ul>\n<p>Transportul public va fi reluat cu plecare din sta\u021bia Catedrala Mitropolitan\u0103, conform urm\u0103torului program de naviga\u021bie:<\/p>\n<ul>\n<li>Nava 1 \u2013 ora 16:04, spre aval (Ardealul);<\/li>\n<li>Nava 2 \u2013 ora 16:08, spre amonte (Mihai Viteazul);<\/li>\n<li>Nava 3 \u2013 ora 16:31, spre aval (Ardealul).<\/li>\n<\/ul>\n<p>Printre altele, festivalul organizat la baza CS Nautic Banat include \u201eaventur\u0103, mi\u0219care \u0219i explorare pe SUP\u201d, activit\u0103\u021bi de yoga direct pe ap\u0103 \u0219i o parad\u0103.<\/p>\n<div class=\"fbShareLikeTwitterAndEmailContainer\">\n<div class=\"wrapper\">\n<div class=\"email\">\n<div id=\"mailto-pop\" class=\"pop-form pop-form-mailto\">\n<div class=\"pop-form-header\">\n<h4>Trimite articolul<\/h4>\n<p><a class=\"pop-form-close\">X<\/a><\/div>\n<\/div>\n<\/div>\n<\/div>\n<\/div>\n<div class=\"tagsContainer\">\n<div class=\"tagsLabel\">Taguri:<\/div>\n<div class=\"tags\">\n<div class=\"tag\"><a href=\"https:\/\/www.tion.ro\/cimke\/bega-sup-festival\" rel=\"tag\"><span class=\"link\">Bega SuP Festival<\/span><span class=\"separator\">,<\/span><\/a><\/div>\n<div class=\"tag\"><a href=\"https:\/\/www.tion.ro\/cimke\/vaporase-stpt\" rel=\"tag\"><span class=\"link\">vaporase stpt<\/span><\/a><\/div>\n<\/div>\n<\/div>\n<div class=\"comments\">\n<div class=\"top\">\n<div class=\"commentsNumber\"><span class=\"number\">0<\/span><span class=\"text\">Comentarii<\/span><\/div>\n<\/div>\n<div class=\"center\">\n<div id=\"respond\" class=\"comment-respond\">\n<h3 id=\"reply-title\" class=\"comment-reply-title\"><small><a rel=\"nofollow\" id=\"cancel-comment-reply-link\" href=\"https:\/\/www.tion.ro\/stirile-judetului-timis\/transportul-naval-al-stpt-suspendat-pentru-cateva-ore-sambata-are-loc-prima-editie-bega-sup-festival-2345970\/#respond\">Cancel reply<\/a><\/small><\/h3>\n<p class=\"comment-notes\"><span id=\"email-notes\">Your email address will not be published.<\/span><span class=\"required-field-message\">Required fields are marked <span class=\"required\">*<\/span><\/span><\/p>\n<p class=\"commentFormComment\"><span id=\"commentFormCount\"><br \/>\n                            inca<br \/>\n                            <span id=\"countCommentText\">1000<\/span><br \/>\n                            caractere ramase<br \/>\n                        <\/span><\/p>\n<\/div>\n<\/div>\n<div class=\"bottom\">\n<p class=\"forumDisclaimerHuRo\">\n            Citi\u021bi principiile noastre de moderare <a href=\"https:\/\/www.tion.ro\/reguli-postare-comentarii\/\" target=\"_blank\">aici<\/a>!\n        <\/p>\n<\/div>\n<\/div>\n<\/div>\n<\/div>\n<\/article>\n<div class=\"entry-content clearfix\">\n<div class=\"enewsArticleContent\">\n<p>Transportul naval pe Bega va fi suspendat temporar s\u00e2mb\u0103t\u0103, \u00eentre orele 11:22 \u0219i 16:04, din cauza primei edi\u021bii a \u201eBega SuP Festival\u201d. Vapora\u0219ele STPT \u00ee\u0219i vor relua cursele dup\u0103-amiaz\u0103.<\/p>\n<p>S\u00e2mb\u0103t\u0103, la pr\u00e2nz \u0219i \u00een primele ore ale dup\u0103-amiezii, transportul naval pe Canalul Bega va fi suspendat temporar, fiind programat\u0103 prima edi\u021bie a \u201eBega SuP Festival\u201d. Mai precis, nu vor circula vapora\u0219ele STPT \u00eentre orele 11:22 \u0219i 16:04. Ultimele nave care pleac\u0103 sunt:<\/p>\n<ul>\n<li>Nava 1 \u2013 ora 11:22;<\/li>\n<li>Nava 2 \u2013 ora 11:27.<\/li>\n<\/ul>\n<p>Transportul public va fi reluat cu plecare din sta\u021bia Catedrala Mitropolitan\u0103, conform urm\u0103torului program de naviga\u021bie:<\/p>\n<ul>\n<li>Nava 1 \u2013 ora 16:04, spre aval (Ardealul);<\/li>\n<li>Nava 2 \u2013 ora 16:08, spre amonte (Mihai Viteazul);<\/li>\n<li>Nava 3 \u2013 ora 16:31, spre aval (Ardealul).<\/li>\n<\/ul>\n<p>Printre altele, festivalul organizat la baza CS Nautic Banat include \u201eaventur\u0103, mi\u0219care \u0219i explorare pe SUP\u201d, activit\u0103\u021bi de yoga direct pe ap\u0103 \u0219i o parad\u0103.<\/p>\n<div class=\"fbShareLikeTwitterAndEmailContainer\">\n<div class=\"wrapper\">\n<div class=\"email\">\n<div id=\"mailto-pop\" class=\"pop-form pop-form-mailto\">\n<div class=\"pop-form-header\">\n<h4>Trimite articolul<\/h4>\n<p><a class=\"pop-form-close\">X<\/a><\/div>\n<\/div>\n<\/div>\n<\/div>\n<\/div>\n<div class=\"tagsContainer\">\n<div class=\"tagsLabel\">Taguri:<\/div>\n<div class=\"tags\">\n<div class=\"tag\"><a href=\"https:\/\/www.tion.ro\/cimke\/bega-sup-festival\" rel=\"tag\"><span class=\"link\">Bega SuP Festival<\/span><span class=\"separator\">,<\/span><\/a><\/div>\n<div class=\"tag\"><a href=\"https:\/\/www.tion.ro\/cimke\/vaporase-stpt\" rel=\"tag\"><span class=\"link\">vaporase stpt<\/span><\/a><\/div>\n<\/div>\n<\/div>\n<div class=\"comments\">\n<div class=\"top\">\n<div class=\"commentsNumber\"><span class=\"number\">0<\/span><span class=\"text\">Comentarii<\/span><\/div>\n<\/div>\n<div class=\"center\">\n<div id=\"respond\" class=\"comment-respond\">\n<h3 id=\"reply-title\" class=\"comment-reply-title\"><small><a rel=\"nofollow\" id=\"cancel-comment-reply-link\" href=\"https:\/\/www.tion.ro\/stirile-judetului-timis\/transportul-naval-al-stpt-suspendat-pentru-cateva-ore-sambata-are-loc-prima-editie-bega-sup-festival-2345970\/#respond\">Cancel reply<\/a><\/small><\/h3>\n<p class=\"comment-notes\"><span id=\"email-notes\">Your email address will not be published.<\/span><span class=\"required-field-message\">Required fields are marked <span class=\"required\">*<\/span><\/span><\/p>\n<p class=\"commentFormComment\"><span id=\"commentFormCount\"><br \/>\n                            inca<br \/>\n                            <span id=\"countCommentText\">1000<\/span><br \/>\n                            caractere ramase<br \/>\n                        <\/span><\/p>\n<\/div>\n<\/div>\n<div class=\"bottom\">\n<p class=\"forumDisclaimerHuRo\">\n            Citi\u021bi principiile noastre de moderare <a href=\"https:\/\/www.tion.ro\/reguli-postare-comentarii\/\" target=\"_blank\">aici<\/a>!\n        <\/p>\n<\/div>\n<\/div>\n<\/div>\n<\/div>\n<p>[analyse_source url=&#8221;https:\/\/www.tion.ro\/stirile-judetului-timis\/transportul-naval-al-stpt-suspendat-pentru-cateva-ore-sambata-are-loc-prima-editie-bega-sup-festival-2345970\/&#8221;]<\/p>\n","protected":false},"excerpt":{"rendered":"<p>[analyse_image type=&#8221;featured&#8221; src=&#8221;https:\/\/www.tion.ro\/wp-content\/uploads\/2026\/09\/+otf\/1200&#215;630\/hQHawnXUMr11o0JghzHpAE5PVF9WRVJZX1NFQ1Swcw8KlyO6XcphZpM5b7tEbLLRXdtW1r4OaBqFxaDfis3zlk9Gn3uRPPz5ZQnMJ1xAwNqyQAGWuUZy7DDWlV8=\/84232257150599319388824092040642229212144657839440n.jpg&#8221;] Transportul naval pe Bega va fi suspendat temporar s\u00e2mb\u0103t\u0103, \u00eentre orele 11:22 \u0219i 16:04, din cauza primei edi\u021bii a \u201eBega SuP Festival\u201d. Vapora\u0219ele STPT \u00ee\u0219i vor relua cursele dup\u0103-amiaz\u0103. S\u00e2mb\u0103t\u0103, la pr\u00e2nz \u0219i \u00een primele ore ale dup\u0103-amiezii, transportul naval pe Canalul Bega va fi suspendat temporar, fiind programat\u0103 prima edi\u021bie a [&hellip;]<\/p>\n","protected":false},"author":1,"featured_media":0,"comment_status":"open","ping_status":"","sticky":false,"template":"","format":"standard","meta":{"footnotes":""},"categories":[89],"tags":[226,191],"class_list":["post-2125870","post","type-post","status-publish","format-standard","hentry","category-romania","tag-crawlmanager","tag-tion-ro"],"_links":{"self":[{"href":"https:\/\/analyse.optim.biz\/index.php?rest_route=\/wp\/v2\/posts\/2125870","targetHints":{"allow":["GET"]}}],"collection":[{"href":"https:\/\/analyse.optim.biz\/index.php?rest_route=\/wp\/v2\/posts"}],"about":[{"href":"https:\/\/analyse.optim.biz\/index.php?rest_route=\/wp\/v2\/types\/post"}],"author":[{"embeddable":true,"href":"https:\/\/analyse.optim.biz\/index.php?rest_route=\/wp\/v2\/users\/1"}],"replies":[{"embeddable":true,"href":"https:\/\/analyse.optim.biz\/index.php?rest_route=%2Fwp%2Fv2%2Fcomments&post=2125870"}],"version-history":[{"count":0,"href":"https:\/\/analyse.optim.biz\/index.php?rest_route=\/wp\/v2\/posts\/2125870\/revisions"}],"wp:attachment":[{"href":"https:\/\/analyse.optim.biz\/index.php?rest_route=%2Fwp%2Fv2%2Fmedia&parent=2125870"}],"wp:term":[{"taxonomy":"category","embeddable":true,"href":"https:\/\/analyse.optim.biz\/index.php?rest_route=%2Fwp%2Fv2%2Fcategories&post=2125870"},{"taxonomy":"post_tag","embeddable":true,"href":"https:\/\/analyse.optim.biz\/index.php?rest_route=%2Fwp%2Fv2%2Ftags&post=2125870"}],"curies":[{"name":"wp","href":"https:\/\/api.w.org\/{rel}","templated":true}]}}