{"id":2125863,"date":"2026-09-03T11:15:10","date_gmt":"2026-09-03T08:15:10","guid":{"rendered":"https:\/\/analyse.optim.biz\/?p=2125863"},"modified":"2026-09-03T11:15:10","modified_gmt":"2026-09-03T08:15:10","slug":"sirena-de-alarmare-publica-testata-joi-in-timisoara-isu-timis-anunta-un-exercitiu-de-protectie-civila","status":"publish","type":"post","link":"https:\/\/analyse.optim.biz\/?p=2125863","title":{"rendered":"Siren\u0103 de alarmare public\u0103, testat\u0103 joi \u00een Timi\u0219oara. ISU Timi\u0219 anun\u021b\u0103 un exerci\u021biu de protec\u021bie civil\u0103"},"content":{"rendered":"<p>[analyse_image type=&#8221;featured&#8221; src=&#8221;https:\/\/www.pressalert.ro\/wp-content\/uploads\/2023\/02\/sirena-alarma.jpghttps:\/\/www.pressalert.ro\/wp-content\/uploads\/2023\/02\/sirena-alarma.jpg&#8221;]<\/p>\n<article id=\"post-590034\" class=\"post-590034 post type-post status-publish format-standard has-post-thumbnail hentry category-stiri category-stiri-locale category-timis-stiri-locale tag-badea-cartan tag-bastion-timisoara tag-exercitiu-adapostire-timisoara tag-isu-timis tag-protectie-civila-timisoara tag-sirena-alarmare-publica tag-stiri-timisoara tag-take-ionescu tag-testare-sirena-timisoara\">\n<div class=\"td-post-header td-pb-padding-side\">\n<div class=\"entry-crumbs\"><span><a title class=\"entry-crumb\" href=\"https:\/\/www.pressalert.ro\/\"><span>Acas\u0103<\/span><\/a><\/span><span><a title=\"Vede\u021bi toate articolele \u00een \u015etiri\" class=\"entry-crumb\" href=\"https:\/\/www.pressalert.ro\/category\/stiri\/\"><span>\u015etiri<\/span><\/a><\/span><span class=\"td-bred-no-url-last\">Siren\u0103 de alarmare public\u0103, testat\u0103 joi \u00een Timi\u0219oara. ISU Timi\u0219 anun\u021b\u0103 un&#8230;<\/span><\/div>\n<ul class=\"td-category\">\n<li class=\"entry-category\"><a href=\"https:\/\/www.pressalert.ro\/category\/stiri\/\">\u015etiri<\/a><\/li>\n<li class=\"entry-category\"><a href=\"https:\/\/www.pressalert.ro\/category\/stiri\/stiri-locale\/\">\u0218tiri locale<\/a><\/li>\n<li class=\"entry-category\"><a href=\"https:\/\/www.pressalert.ro\/category\/stiri\/stiri-locale\/timis-stiri-locale\/\">\u0218tiri Timi\u0219<\/a><\/li>\n<\/ul>\n<header>\n<h1 class=\"entry-title\">Siren\u0103 de alarmare public\u0103, testat\u0103 joi \u00een Timi\u0219oara. ISU Timi\u0219 anun\u021b\u0103 un exerci\u021biu de protec\u021bie civil\u0103<\/h1>\n<div class=\"meta-info\">\n<div class=\"td-post-author-name\">\n<div class=\"td-author-by\">De<\/div>\n<p><a href=\"https:\/\/www.pressalert.ro\/author\/marius-popescu\/\">Marius Popescu<\/a><\/p>\n<div class=\"td-author-line\"> &#8211; <\/div>\n<\/div>\n<p><span class=\"td-post-date\"><time class=\"entry-date updated td-module-date\" datetime=\"2026-09-03T11:15:10+00:00\">sept. 3, 2026<\/time><\/span><\/p>\n<div class=\"td-post-comments\"><a href=\"https:\/\/www.pressalert.ro\/2026\/09\/sirena-de-alarmare-publica-testata-joi-in-timisoara-isu-timis-anunta-un-exercitiu-de-protectie-civila\/#respond\">0<\/a><\/div>\n<\/div>\n<\/header>\n<\/div>\n<div class=\"td-post-sharing td-post-sharing-top td-pb-padding-side\"><span class=\"td-post-share-title\">DISTRIBUI\u021aI<\/span><\/p>\n<div class=\"td-default-sharing \"><a class=\"td-social-sharing-buttons td-social-facebook\" href=\"https:\/\/www.facebook.com\/sharer.php?u=https%3A%2F%2Fwww.pressalert.ro%2F2026%2F09%2Fsirena-de-alarmare-publica-testata-joi-in-timisoara-isu-timis-anunta-un-exercitiu-de-protectie-civila%2F\"><\/p>\n<div class=\"td-social-but-text\">Facebook<\/div>\n<p><\/a><a class=\"td-social-sharing-buttons td-social-twitter\" href=\"https:\/\/twitter.com\/intent\/tweet?text=Siren%C4%83+de+alarmare+public%C4%83%2C+testat%C4%83+joi+%C3%AEn+Timi%C8%99oara.+ISU+Timi%C8%99+anun%C8%9B%C4%83+un+exerci%C8%9Biu+de+protec%C8%9Bie+civil%C4%83&amp;url=https%3A%2F%2Fwww.pressalert.ro%2F2026%2F09%2Fsirena-de-alarmare-publica-testata-joi-in-timisoara-isu-timis-anunta-un-exercitiu-de-protectie-civila%2F&amp;via=PRESSALERT.ro\"><\/p>\n<div class=\"td-social-but-text\">Twitter<\/div>\n<p><\/a><\/div>\n<\/div>\n<div class=\"td-post-content td-pb-padding-side\">\n<figure class=\"wp-block-image size-full\"><img loading=\"lazy\" decoding=\"async\" width=\"650\" height=\"325\" src=\"https:\/\/www.pressalert.ro\/wp-content\/uploads\/2023\/02\/sirena-alarma.jpg\" alt class=\"wp-image-491061\"><figcaption class=\"wp-element-caption\"><em>Foto: Arhiv\u0103<\/em><\/figcaption><\/figure>\n<p>Echipamentele de avertizare public\u0103 din Timi\u0219oara vor fi din nou puse la \u00eencercare. Inspectoratul pentru Situa\u021bii de Urgen\u021b\u0103 (ISU) Timi\u0219 desf\u0103\u0219oar\u0103 joi, 3 septembrie, \u00eencep\u00e2nd cu ora 17:00, un exerci\u021biu de ad\u0103postire \u00een cadrul c\u0103ruia va fi testat\u0103 o siren\u0103 de alarmare.<\/p>\n<p>Testarea va avea loc pe strada Zimbrului nr.<\/p>\n<p> 13, iar sunetul sirenei va fi audibil pe o raz\u0103 cuprins\u0103 \u00eentre Bulevardul Take Ionescu, Pia\u021ba Badea C\u00e2r\u021ban \u0219i zona Bastion.<\/p>\n<p>Reprezentan\u021bii ISU Timi\u0219 le reamintesc cet\u0103\u021benilor c\u0103 este vorba despre un simplu exerci\u021biu de verificare \u0219i c\u0103 nu exist\u0103 vreo situa\u021bie real\u0103 de urgen\u021b\u0103. Ac\u021biunea are ca scop evaluarea bunei func\u021bion\u0103ri a sistemului de alarmare, precum \u0219i preg\u0103tirea popula\u021biei pe linie de protec\u021bie civil\u0103 \u0219i ad\u0103postire.<\/p>\n<\/div>\n<footer>\n<div class=\"td-post-source-tags td-pb-padding-side\">\n<ul class=\"td-tags td-post-small-box clearfix\">\n<li><span>ETICHETE<\/span><\/li>\n<li><a href=\"https:\/\/www.pressalert.ro\/tag\/badea-cartan\/\">badea cartan<\/a><\/li>\n<li><a href=\"https:\/\/www.pressalert.ro\/tag\/bastion-timisoara\/\">bastion timisoara<\/a><\/li>\n<li><a href=\"https:\/\/www.pressalert.ro\/tag\/exercitiu-adapostire-timisoara\/\">exercitiu adapostire Timisoara<\/a><\/li>\n<li><a href=\"https:\/\/www.pressalert.ro\/tag\/isu-timis\/\">ISU Timis<\/a><\/li>\n<li><a href=\"https:\/\/www.pressalert.ro\/tag\/protectie-civila-timisoara\/\">protectie civila Timisoara<\/a><\/li>\n<li><a href=\"https:\/\/www.pressalert.ro\/tag\/sirena-alarmare-publica\/\">sirena alarmare publica<\/a><\/li>\n<li><a href=\"https:\/\/www.pressalert.ro\/tag\/stiri-timisoara\/\">stiri timisoara<\/a><\/li>\n<li><a href=\"https:\/\/www.pressalert.ro\/tag\/take-ionescu\/\">take ionescu<\/a><\/li>\n<li><a href=\"https:\/\/www.pressalert.ro\/tag\/testare-sirena-timisoara\/\">testare sirena Timisoara<\/a><\/li>\n<\/ul>\n<\/div>\n<div class=\"td-post-sharing td-post-sharing-bottom td-pb-padding-side\"><span class=\"td-post-share-title\">DISTRIBUI\u021aI<\/span><\/p>\n<div class=\"td-default-sharing \"><a class=\"td-social-sharing-buttons td-social-facebook\" href=\"https:\/\/www.facebook.com\/sharer.php?u=https%3A%2F%2Fwww.pressalert.ro%2F2026%2F09%2Fsirena-de-alarmare-publica-testata-joi-in-timisoara-isu-timis-anunta-un-exercitiu-de-protectie-civila%2F\"><\/p>\n<div class=\"td-social-but-text\">Facebook<\/div>\n<p><\/a><a class=\"td-social-sharing-buttons td-social-twitter\" href=\"https:\/\/twitter.com\/intent\/tweet?text=Siren%C4%83+de+alarmare+public%C4%83%2C+testat%C4%83+joi+%C3%AEn+Timi%C8%99oara.+ISU+Timi%C8%99+anun%C8%9B%C4%83+un+exerci%C8%9Biu+de+protec%C8%9Bie+civil%C4%83&amp;url=https%3A%2F%2Fwww.pressalert.ro%2F2026%2F09%2Fsirena-de-alarmare-publica-testata-joi-in-timisoara-isu-timis-anunta-un-exercitiu-de-protectie-civila%2F&amp;via=PRESSALERT.ro\"><\/p>\n<div class=\"td-social-but-text\">Twitter<\/div>\n<p><\/a><\/div>\n<\/div>\n<div class=\"td-block-row td-post-next-prev\">\n<div class=\"td-block-span6 td-post-prev-post\">\n<div class=\"td-post-next-prev-content\"><span>Articolul precedent<\/span><a href=\"https:\/\/www.pressalert.ro\/2026\/09\/peste-500-de-amenzi-pentru-consumul-de-alcool-deseuri-aruncate-in-apa-scaldat-si-parcari-neregulamentare-in-timisoara-foto\/\">Peste 500 de amenzi pentru consumul de alcool, de\u0219euri aruncate \u00een ap\u0103, sc\u0103ldat \u0219i parc\u0103ri neregulamentare, \u00een Timi\u0219oara (foto)<\/a><\/div>\n<\/div>\n<\/div>\n<div class=\"author-box-wrap\"><a href=\"https:\/\/www.pressalert.ro\/author\/marius-popescu\/\"><img loading=\"lazy\" decoding=\"async\" alt src=\"https:\/\/secure.gravatar.com\/avatar\/6ff5b29455ffa79f6eac9c7ee3cb2891?s=96&amp;d=mm&amp;r=g\" class=\"avatar avatar-96 photo\" height=\"96\" width=\"96\"><\/a><\/p>\n<div class=\"desc\">\n<div class=\"td-author-name vcard author\"><span class=\"fn\"><a href=\"https:\/\/www.pressalert.ro\/author\/marius-popescu\/\">Marius Popescu<\/a><\/span><\/div>\n<div class=\"td-author-url\"><a href=\"https:\/\/www.pressalert.ro\">http:\/\/www.pressalert.ro<\/a><\/div>\n<\/div>\n<\/div>\n<p><span><\/span><span><span><\/span><\/span><span><\/span><\/footer>\n<\/article>\n<div class=\"td-post-content td-pb-padding-side\">\n<figure class=\"wp-block-image size-full\"><img loading=\"lazy\" decoding=\"async\" width=\"650\" height=\"325\" src=\"https:\/\/www.pressalert.ro\/wp-content\/uploads\/2023\/02\/sirena-alarma.jpg\" alt class=\"wp-image-491061\"><figcaption class=\"wp-element-caption\"><em>Foto: Arhiv\u0103<\/em><\/figcaption><\/figure>\n<p>Echipamentele de avertizare public\u0103 din Timi\u0219oara vor fi din nou puse la \u00eencercare. Inspectoratul pentru Situa\u021bii de Urgen\u021b\u0103 (ISU) Timi\u0219 desf\u0103\u0219oar\u0103 joi, 3 septembrie, \u00eencep\u00e2nd cu ora 17:00, un exerci\u021biu de ad\u0103postire \u00een cadrul c\u0103ruia va fi testat\u0103 o siren\u0103 de alarmare.<\/p>\n<p>Testarea va avea loc pe strada Zimbrului nr.<\/p>\n<p> 13, iar sunetul sirenei va fi audibil pe o raz\u0103 cuprins\u0103 \u00eentre Bulevardul Take Ionescu, Pia\u021ba Badea C\u00e2r\u021ban \u0219i zona Bastion.<\/p>\n<p>Reprezentan\u021bii ISU Timi\u0219 le reamintesc cet\u0103\u021benilor c\u0103 este vorba despre un simplu exerci\u021biu de verificare \u0219i c\u0103 nu exist\u0103 vreo situa\u021bie real\u0103 de urgen\u021b\u0103. Ac\u021biunea are ca scop evaluarea bunei func\u021bion\u0103ri a sistemului de alarmare, precum \u0219i preg\u0103tirea popula\u021biei pe linie de protec\u021bie civil\u0103 \u0219i ad\u0103postire.<\/p>\n<\/div>\n<p>[analyse_source url=&#8221;https:\/\/www.pressalert.ro\/2026\/09\/sirena-de-alarmare-publica-testata-joi-in-timisoara-isu-timis-anunta-un-exercitiu-de-protectie-civila\/&#8221;]<\/p>\n","protected":false},"excerpt":{"rendered":"<p>[analyse_image type=&#8221;featured&#8221; src=&#8221;https:\/\/www.pressalert.ro\/wp-content\/uploads\/2023\/02\/sirena-alarma.jpghttps:\/\/www.pressalert.ro\/wp-content\/uploads\/2023\/02\/sirena-alarma.jpg&#8221;] Acas\u0103\u015etiriSiren\u0103 de alarmare public\u0103, testat\u0103 joi \u00een Timi\u0219oara. ISU Timi\u0219 anun\u021b\u0103 un&#8230; \u015etiri \u0218tiri locale \u0218tiri Timi\u0219 Siren\u0103 de alarmare public\u0103, testat\u0103 joi \u00een Timi\u0219oara. ISU Timi\u0219 anun\u021b\u0103 un exerci\u021biu de protec\u021bie civil\u0103 De Marius Popescu &#8211; sept. 3, 2026 0 DISTRIBUI\u021aI Facebook Twitter Foto: Arhiv\u0103 Echipamentele de avertizare public\u0103 din Timi\u0219oara [&hellip;]<\/p>\n","protected":false},"author":1,"featured_media":0,"comment_status":"open","ping_status":"","sticky":false,"template":"","format":"standard","meta":{"footnotes":""},"categories":[89],"tags":[226,176],"class_list":["post-2125863","post","type-post","status-publish","format-standard","hentry","category-romania","tag-crawlmanager","tag-pressalert-ro"],"_links":{"self":[{"href":"https:\/\/analyse.optim.biz\/index.php?rest_route=\/wp\/v2\/posts\/2125863","targetHints":{"allow":["GET"]}}],"collection":[{"href":"https:\/\/analyse.optim.biz\/index.php?rest_route=\/wp\/v2\/posts"}],"about":[{"href":"https:\/\/analyse.optim.biz\/index.php?rest_route=\/wp\/v2\/types\/post"}],"author":[{"embeddable":true,"href":"https:\/\/analyse.optim.biz\/index.php?rest_route=\/wp\/v2\/users\/1"}],"replies":[{"embeddable":true,"href":"https:\/\/analyse.optim.biz\/index.php?rest_route=%2Fwp%2Fv2%2Fcomments&post=2125863"}],"version-history":[{"count":0,"href":"https:\/\/analyse.optim.biz\/index.php?rest_route=\/wp\/v2\/posts\/2125863\/revisions"}],"wp:attachment":[{"href":"https:\/\/analyse.optim.biz\/index.php?rest_route=%2Fwp%2Fv2%2Fmedia&parent=2125863"}],"wp:term":[{"taxonomy":"category","embeddable":true,"href":"https:\/\/analyse.optim.biz\/index.php?rest_route=%2Fwp%2Fv2%2Fcategories&post=2125863"},{"taxonomy":"post_tag","embeddable":true,"href":"https:\/\/analyse.optim.biz\/index.php?rest_route=%2Fwp%2Fv2%2Ftags&post=2125863"}],"curies":[{"name":"wp","href":"https:\/\/api.w.org\/{rel}","templated":true}]}}