{"id":2125845,"date":"2026-09-02T12:43:00","date_gmt":"2026-09-02T09:43:00","guid":{"rendered":"https:\/\/analyse.optim.biz\/?p=2125845"},"modified":"2026-09-02T12:43:00","modified_gmt":"2026-09-02T09:43:00","slug":"il-centrocampista-del-napoli-scott-mctominay-parla-dellintervento-cardiaco-a-cui-deve","status":"publish","type":"post","link":"https:\/\/analyse.optim.biz\/?p=2125845","title":{"rendered":"il centrocampista del napoli, scott mctominay, parla dell\u2019intervento cardiaco a cui deve&#8230;"},"content":{"rendered":"<p>[analyse_image type=&#8221;featured&#8221; src=&#8221;https:\/\/static.dagospia.com\/img\/patch\/09-2026\/scott-mctominay-8-2301669_600_q50.webp&#8221;]<\/p>\n<article>\n<div class=\"img-wrapper\"><img decoding=\"async\" src=\"https:\/\/static.dagospia.com\/img\/patch\/09-2026\/scott-mctominay-8-2301669_600_q50.webp\" alt=\"scott mctominay 8\"><time class=\"data-ora\">2 set 2026 14:43<\/time><\/div>\n<p><span>\u201cL\u2019ARITIMIA AL CUORE? NON SONO PREOCCUPATO, \u00c8 UN PROBLEMA CHE DEVO AFFRONTARE. TORNER\u00d2 PRESTO\u201d <\/span>\u2013 IL CENTROCAMPISTA DEL NAPOLI, SCOTT MCTOMINAY, PARLA DELL\u2019INTERVENTO CARDIACO A CUI DEVE SOTTOPORSI, CHE LO COSTRINGER\u00c0 A SALTARE I BIG MATCH CONTRO INTER E ARSENAL: <span>\u201cCI SONO COSE NON PREVEDIBILI E NON CONTROLLABILI.<\/span> MI \u00c8 SUCCESSO ANCHE AL MONDIALE DI NON STAR BENE ED \u00c8 STATO MOLTO PI\u00d9 DIFFICILE, \u00c8 UN GRANDE RIMPIANTO\u201d \u2013 IL CARDIOLOGO DANIELE ANDREINI: \u201c<span>LE ARITMIE ATRIALI, SOPRATTUTTO NEI GIOVANI, NON CONDUCONO ALL&#8217;ARRESTO CARDIACO. <\/span>NON CI SONO GRAVI RISCHI, PER\u00d2 IN UN ATLETA NON \u00c8 DEL TUTTO TRASCURABILE. IL CUORE DELLO SCOZZESE \u00c8 SANO, MA DEVE REGOLARIZZARE IL BATTITO. I TEMPI DI RECUPERO SONO\u2026\u201d<\/p>\n<div class=\"share-section\">\n                Condividi  questo articolo<\/p>\n<div class=\"socials\"><a href=\"http:\/\/www.facebook.com\/sharer.php?u=http:\/\/www.dagospia.com\/sport\/centrocampista-napoli-scott-mctominay-parla-dell-intervento-cardiaco-485574\" target=\"_blank\"><img decoding=\"async\" src=\"https:\/\/static.dagospia.com\/img\/icons\/facebook.svg\" alt=\"Condividi su Facebook\"><\/a><a href=\"http:\/\/www.twitter.com\/share?url=http:\/\/www.dagospia.com\/sport\/centrocampista-napoli-scott-mctominay-parla-dell-intervento-cardiaco-485574&amp;text=%20IL%20CENTROCAMPISTA%20DEL%20NAPOLI,%20SCOTT%20MCTOMINAY,%20PARLA%20DELL%E2%80%99INTERVENTO%20CARDIACO%20A%20CUI%20DEVE...\" target=\"_blank\"><img decoding=\"async\" src=\"https:\/\/static.dagospia.com\/img\/icons\/x-icon.png\" alt=\"Condividi su X\"><\/a><a href=\"\/\/www.dagospia.com\/sport\/centrocampista-napoli-scott-mctominay-parla-dell-intervento-cardiaco-485574\" target=\"_blank\"><img decoding=\"async\" src=\"https:\/\/static.dagospia.com\/img\/icons\/whatsapp.svg\" alt=\"Condividi su Whatsapp\"><\/a><a href=\"mailto:?body=http:\/\/www.dagospia.com\/sport\/centrocampista-napoli-scott-mctominay-parla-dell-intervento-cardiaco-485574\" target=\"_blank\"><img decoding=\"async\" src=\"https:\/\/static.dagospia.com\/img\/icons\/mail.svg\" alt=\"Invia in email\"><\/a><\/div>\n<\/div>\n<div class=\"content\">\n<p class=\"disable\"><strong>1 &#8211; SCOTT MCTOMINAY &#8211; IL CUORE MI DICE DI FERMARMI TORNO PI\u00d9 FORTE<\/strong><\/p>\n<p class=\"disable\"><strong>Estratto dell\u2019articolo di Monica Scozzafava per il \u201cCorriere della Sera\u201d<\/strong><\/p>\n<p class=\"disable\">\u00a0<\/p>\n<p class=\"disable\"><strong>Come sta, Scott?<\/strong><\/p>\n<p><a href=\"https:\/\/www.dagospia.com\/media-gallery\/dago-fotogallery-522001\/2301661\" class=\"float-right img-wrapper\"><img decoding=\"async\" id=\"2301661\" loading=\"lazy\" src=\"https:\/\/static.dagospia.com\/img\/foto\/09-2026\/scott-mctominay-8-2301661_800_q50.webp\"><span class=\"img-title\">scott mctominay 8<\/span><\/a><\/p>\n<p class=\"disable\">\u00abBene, grazie. Lei?\u00bb.<\/p>\n<p class=\"disable\">\u00a0<\/p>\n<p class=\"disable\">[\u2026] Scott McTominay ha appena saputo che dovr\u00e0 operarsi al cuore, e la sua tranquillit\u00e0 ci spiazza. Ci concede l\u2019intervista come se nulla stesse per accadere. Ha un\u2019aritmia benigna, riscontrata gi\u00e0 da qualche tempo, dovr\u00e0 sottoporsi a un intervento di ablazione per regolarizzare il battito cardiaco.<\/p>\n<p class=\"disable\">\u00a0<\/p>\n<p class=\"disable\"><strong>Preoccupato?<\/strong><\/p>\n<p class=\"disable\">\u00abNo, \u00e8 un problema che devo affrontare. L\u2019ho saputo ora dell\u2019operazione. Ma ci vedremo presto, prestissimo. Pi\u00f9 forte di prima\u00bb.<\/p>\n<p class=\"disable\">\u00a0<\/p>\n<p class=\"disable\">Lo scozzese rientrer\u00e0 dopo la sosta di campionato.<\/p>\n<p><a href=\"https:\/\/www.dagospia.com\/media-gallery\/dago-fotogallery-522001\/2301662\" class=\"float-left img-wrapper\"><img decoding=\"async\" id=\"2301662\" loading=\"lazy\" src=\"https:\/\/static.dagospia.com\/img\/foto\/09-2026\/scott-mctominay-9-2301662_800_q50.webp\"><span class=\"img-title\">scott mctominay 9<\/span><\/a><\/p>\n<p class=\"disable\">\u00a0<\/p>\n<p class=\"disable\"><strong>Alla vigilia di Inter e Arsenal non \u00e8 proprio una gran notizia.<\/strong><\/p>\n<p class=\"disable\">\u00abVero, vorrei sempre dare il mio contributo alla squadra, ma ci sono cose non prevedibili e non controllabili. I miei compagni saranno concentrati, l\u2019Inter non \u00e8 pi\u00f9 forte di noi\u00bb.<\/p>\n<p class=\"disable\">\u00a0<\/p>\n<p class=\"disable\"><strong>Le era successo anche al Mondiale di non star bene.<\/strong><\/p>\n<p class=\"disable\">\u00abS\u00ec ed \u00e8 stato molto pi\u00f9 difficile. Due giorni prima della prima partita sono stato male e non sapevo se avrei giocato o meno. \u00c8 stata dura prepararmi mentalmente. Poi, le temperature alte hanno reso la situazione ancora pi\u00f9 difficile. Guardando indietro, \u00e8 un grande rimpianto della mia carriera\u00bb.<\/p>\n<p class=\"disable\">\u00a0<\/p>\n<p class=\"disable\">[\u2026] <strong>L\u2019Inter arriva dopo la sconfitta col Como. Lei non ci sar\u00e0.<\/strong><\/p>\n<p class=\"disable\">\u00abPurtroppo. \u00c8 una partita importante, una sfida enorme. Dobbiamo arrivarci con la piena convinzione di poter andare l\u00ec e vincere. Li abbiamo gi\u00e0 battuti una volta quindi non vedo perch\u00e9 non dovremmo riuscirci di nuovo\u00bb.<\/p>\n<p class=\"disable\">\u00a0<\/p>\n<p><a href=\"https:\/\/www.dagospia.com\/media-gallery\/dago-fotogallery-522001\/2301659\" class=\"float-right img-wrapper\"><img decoding=\"async\" id=\"2301659\" loading=\"lazy\" src=\"https:\/\/static.dagospia.com\/img\/foto\/09-2026\/scott-mctominay-6-2301659_800_q50.webp\"><span class=\"img-title\">scott mctominay 6<\/span><\/a><\/p>\n<p class=\"disable\">[\u2026] <strong>Da Conte ad Allegri, che cosa \u00e8 cambiato.<\/strong><\/p>\n<p class=\"disable\">\u00abSono allenatori diversi. Conte era molto orientato sulla tattica e ci allenavamo molto. Ho vissuto due anni bellissimi con lui. \u00c8 straordinario, un vincente seriale. Solo il tempo dir\u00e0 come andr\u00e0 con il nuovo allenatore, ma finora \u00e8 una brava persona e ha buone idee tattiche. Abbiamo solo bisogno di tempo per metterle in pratica e giocare un po\u2019 meglio\u00bb.<\/p>\n<p class=\"disable\">\u00a0<\/p>\n<p class=\"disable\">[\u2026] <strong>Ha esordito in Premier con Mourinho, se la chiamasse per andare al Real Madrid, ci andrebbe?<\/strong><\/p>\n<p class=\"disable\">\u00abSe succedesse, ci penserei\u00bb.<\/p>\n<p class=\"disable\">\u00a0<\/p>\n<p><a href=\"https:\/\/www.dagospia.com\/media-gallery\/dago-fotogallery-522001\/2301660\" class=\"float-left img-wrapper\"><img decoding=\"async\" id=\"2301660\" loading=\"lazy\" src=\"https:\/\/static.dagospia.com\/img\/foto\/09-2026\/scott-mctominay-7-2301660_800_q50.webp\"><span class=\"img-title\">scott mctominay 7<\/span><\/a><\/p>\n<p class=\"disable\"><strong>Pizza, mare e sole: cosa preferisce?<\/strong><\/p>\n<p class=\"disable\">\u00abNon mangio la pizza, l\u2019ho provata una volta sola da quando sono a Napoli. Mi piace invece il mare. Ma in questo periodo la temperatura \u00e8 alta, se rimani troppo a lungo al sole puoi disidratarti e non fa bene al recupero quando ti alleni ogni singolo giorno\u00bb. [\u2026]<\/p>\n<p class=\"disable\">\u00a0<\/p>\n<p class=\"disable\"><strong>2 &#8211; MCTOMINAY, PARLA L&#8217;ESPERTO: &#8220;L&#8217;ARITMIA \u00c8 BENIGNA, IL CUORE SANO. ECCO QUANDO POTREBBE RIENTRARE&#8221;<\/strong><\/p>\n<p class=\"disable\"><strong>Estratto dell\u2019articolo di Matteo Nava per <a href=\"http:\/\/www.gazzetta.it\">www.gazzetta.it<\/a><\/strong><\/p>\n<p class=\"disable\">\u00a0<\/p>\n<p class=\"disable\">Per avere un\u2019idea precisa dell\u2019inconveniente che terr\u00e0 fuori dal campo Scott McTominay servono due ingredienti: il comunicato ufficiale del club, che parla di \u201clieve aritmia benigna\u201d e di \u201cablazione\u201d, e l\u2019analisi di un esperto quale il professor Daniele Andreini, professore ordinario di cardiologia dell&#8217;Universit\u00e0 degli Studi di Milano e responsabile dell\u2019unit\u00e0 operativa di cardiologia universitaria dell\u2019ospedale Galeazzi-Sant&#8217;Ambrogio di Milano.<\/p>\n<p class=\"disable\">\u00a0<\/p>\n<p><a href=\"https:\/\/www.dagospia.com\/media-gallery\/dago-fotogallery-522001\/2301658\" class=\"float-right img-wrapper\"><img decoding=\"async\" id=\"2301658\" loading=\"lazy\" src=\"https:\/\/static.dagospia.com\/img\/foto\/09-2026\/scott-mctominay-5-2301658_800_q50.webp\"><span class=\"img-title\">scott mctominay 5<\/span><\/a><\/p>\n<p class=\"disable\"><strong>Da dove si comincia, Professore?<\/strong><\/p>\n<p class=\"disable\">\u201cDal fatto che siamo in un campo di benignit\u00e0. Le aritmie atriali, soprattutto nei giovani, non conducono all&#8217;arresto cardiaco, quelle sono le aritmie ventricolari (come Eriksen e Bove). Le aritmie atriali non si manifestano in modo cos\u00ec catastrofico e quelle parossistiche, nello specifico, insorgono improvvisamente e sono molto veloci: la frequenza cardiaca aumenta improvvisamente dai 60-70 battiti al minuto (anche 40 in uno sportivo), a 200-220.<\/p>\n<p class=\"disable\">\u00a0<\/p>\n<p class=\"disable\">\u00c8 una sensazione fastidiosa di un battito cardiaco accelerato e\/o irregolare: pu\u00f2 succedere durante un esercizio fisico, ma anche assolutamente a riposo. Il battito poi di solito torna da solo nella normalit\u00e0: quando non avviene bisogna ricorrere ai farmaci o addirittura alla cardioversione, cio\u00e8 alla scossa elettrica per ripristinare un ritmo cardiaco regolare. Non \u00e8 la fibrillazione atriale, pi\u00f9 frequente nella popolazione generale e nell&#8217;anziano, ma rarissima negli atleti professionisti e nei giovani\u201d.<\/p>\n<p><a href=\"https:\/\/www.dagospia.com\/media-gallery\/dago-fotogallery-522001\/2301657\" class=\"float-left img-wrapper\"><img decoding=\"async\" id=\"2301657\" loading=\"lazy\" src=\"https:\/\/static.dagospia.com\/img\/foto\/09-2026\/scott-mctominay-4-2301657_800_q50.webp\"><span class=\"img-title\">scott mctominay 4<\/span><\/a><\/p>\n<p class=\"disable\">\u00a0<\/p>\n<p class=\"disable\"><strong>Ci sono gravi rischi?<\/strong><\/p>\n<p class=\"disable\">\u201cNo, per\u00f2 in un atleta non \u00e8 del tutto trascurabile. Si parla di ablazione, quindi della necessit\u00e0 di regolarizzare il battito. \u00c8 assolutamente mini-invasiva e molto sicura e consente di eradicare l\u2019aritmia. Normalmente questi soggetti hanno un cuore sano: \u00e8 solo il circuito, l&#8217;apparato elettrico del cuore che ha delle piccole imperfezioni, normalmente congenite\u201d.<\/p>\n<p class=\"disable\">\u00a0<\/p>\n<p class=\"disable\"><strong>Come funziona l\u2019ablazione?<\/strong><\/p>\n<p class=\"disable\">\u201cCon un catetere, una sonda, dall\u2019inguine all&#8217;interno del cuore di destra si va a indurre l\u2019aritmia con lo studio elettrofisiologico, quindi tramite dei farmaci, degli stimoli, e una volta che \u00e8 mappata e identificata molto bene la si eradica. [\u2026]<\/p>\n<p class=\"disable\">\u00a0<\/p>\n<p class=\"disable\">Lo stress fisico-emotivo spesso slatentizza questo tipo di situazioni: se l&#8217;hanno scoperto adesso e non durante la visa di idoneit\u00e0, probabilmente McTominay ha avuto qualche sintomo e sono riusciti a fargli un elettrocardiogramma mentre aveva l&#8217;episodio: non \u00e8 facile, perch\u00e9 spesso sono situazioni che si risolvono nel giro di pochi minuti e non si fa in tempo\u201d.<\/p>\n<p class=\"disable\">\u00a0<\/p>\n<p><a href=\"https:\/\/www.dagospia.com\/media-gallery\/dago-fotogallery-522001\/2201647\" class=\"float-right img-wrapper\"><img decoding=\"async\" id=\"2201647\" loading=\"lazy\" src=\"https:\/\/static.dagospia.com\/img\/foto\/11-2025\/mctominay-scozia-danimarca-2201647_800_q50.webp\"><span class=\"img-title\">mctominay scozia danimarca<\/span><\/a><\/p>\n<p class=\"disable\">[\u2026] <strong>Dopo l\u2019ablazione che tempi di recupero si possono stimare?<\/strong><\/p>\n<p class=\"disable\">\u201cA seconda del tipo di tachicardia sopraventricolare si prevede un ritorno all\u2019agonismo da 2 a 4 settimane verificando eco-cardio, holter e test da sforzo. Le prime settimane dopo l&#8217;intervento sono quelle pi\u00f9 delicate, anche per le recidive. Per\u00f2 io credo si possa ipotizzare un ritorno in campo entro il mese. [\u2026]\u201d<\/p>\n<p><a href=\"https:\/\/www.dagospia.com\/media-gallery\/dago-fotogallery-522001\/2203973\" class=\"float-right img-wrapper\"><img decoding=\"async\" id=\"2203973\" loading=\"lazy\" src=\"https:\/\/static.dagospia.com\/img\/foto\/11-2025\/mctominay-napoli-qarabag-2203973_800_q50.webp\"><span class=\"img-title\">mctominay napoli qarabag<\/span><\/a><a href=\"https:\/\/www.dagospia.com\/media-gallery\/dago-fotogallery-522001\/2301655\" class=\"float-right img-wrapper\"><img decoding=\"async\" id=\"2301655\" loading=\"lazy\" src=\"https:\/\/static.dagospia.com\/img\/foto\/09-2026\/scott-mctominay-2-2301655_800_q50.webp\"><span class=\"img-title\">scott mctominay 2<\/span><\/a><a href=\"https:\/\/www.dagospia.com\/media-gallery\/dago-fotogallery-522001\/2190581\" class=\"float-right img-wrapper\"><img decoding=\"async\" id=\"2190581\" loading=\"lazy\" src=\"https:\/\/static.dagospia.com\/img\/foto\/10-2025\/napoli-inter-scott-mctominay-2190581_800_q50.webp\"><span class=\"img-title\">NAPOLI INTER &#8211; SCOTT MCTOMINAY<\/span><\/a><a href=\"https:\/\/www.dagospia.com\/media-gallery\/dago-fotogallery-522001\/2201648\" class=\"float-right img-wrapper\"><img decoding=\"async\" id=\"2201648\" loading=\"lazy\" src=\"https:\/\/static.dagospia.com\/img\/foto\/11-2025\/mctominay-scozia-danimarca-2201648_800_q50.webp\"><span class=\"img-title\">mctominay scozia danimarca<\/span><\/a><a href=\"https:\/\/www.dagospia.com\/media-gallery\/dago-fotogallery-522001\/2125019\" class=\"float-right img-wrapper\"><img decoding=\"async\" id=\"2125019\" loading=\"lazy\" src=\"https:\/\/static.dagospia.com\/img\/foto\/04-2025\/scott-mctominay-2125019_800_q50.webp\"><span class=\"img-title\">scott mctominay<\/span><\/a><a href=\"https:\/\/www.dagospia.com\/media-gallery\/dago-fotogallery-522001\/2156153\" class=\"float-left img-wrapper\"><img decoding=\"async\" id=\"2156153\" loading=\"lazy\" src=\"https:\/\/static.dagospia.com\/img\/foto\/07-2025\/kevin-de-bruyne-scott-mctominay-2156153_800_q50.webp\"><span class=\"img-title\">KEVIN DE BRUYNE SCOTT MCTOMINAY<\/span><\/a><a href=\"https:\/\/www.dagospia.com\/media-gallery\/dago-fotogallery-522001\/2135807\" class=\"float-left img-wrapper\"><img decoding=\"async\" id=\"2135807\" loading=\"lazy\" src=\"https:\/\/static.dagospia.com\/img\/foto\/05-2025\/scott-mctominay-2135807_800_q50.webp\"><span class=\"img-title\">scott mctominay<\/span><\/a><a href=\"https:\/\/www.dagospia.com\/media-gallery\/dago-fotogallery-522001\/2201649\" class=\"float-right img-wrapper\"><img decoding=\"async\" id=\"2201649\" loading=\"lazy\" src=\"https:\/\/static.dagospia.com\/img\/foto\/11-2025\/mctominay-scozia-danimarca-2201649_800_q50.webp\"><span class=\"img-title\">mctominay scozia danimarca<\/span><\/a><a href=\"https:\/\/www.dagospia.com\/media-gallery\/dago-fotogallery-522001\/2301656\" class=\"float-right img-wrapper\"><img decoding=\"async\" id=\"2301656\" loading=\"lazy\" src=\"https:\/\/static.dagospia.com\/img\/foto\/09-2026\/scott-mctominay-3-2301656_800_q50.webp\"><span class=\"img-title\">scott mctominay 3<\/span><\/a><a href=\"https:\/\/www.dagospia.com\/media-gallery\/dago-fotogallery-522001\/2301654\" class=\"float-right img-wrapper\"><img decoding=\"async\" id=\"2301654\" loading=\"lazy\" src=\"https:\/\/static.dagospia.com\/img\/foto\/09-2026\/scott-mctominay-1-2301654_800_q50.webp\"><span class=\"img-title\">scott mctominay 1<\/span><\/a><\/p>\n<p class=\"disable\">\u00a0<\/p>\n<\/div>\n<div class=\"share-section\">\n                Condividi  questo articolo<\/p>\n<div class=\"socials\"><a href=\"https:\/\/www.dagospia.com\/sport\/centrocampista-napoli-scott-mctominay-parla-dell-intervento-cardiaco-485574\"><img decoding=\"async\" src=\"https:\/\/static.dagospia.com\/img\/icons\/facebook.svg\" alt=\"Condividi su Facebook\"><\/a><a href=\"https:\/\/www.dagospia.com\/sport\/centrocampista-napoli-scott-mctominay-parla-dell-intervento-cardiaco-485574\"><img decoding=\"async\" src=\"https:\/\/static.dagospia.com\/img\/icons\/x-icon.png\" alt=\"Condividi su X\"><\/a><a href=\"https:\/\/www.dagospia.com\/sport\/centrocampista-napoli-scott-mctominay-parla-dell-intervento-cardiaco-485574\"><img decoding=\"async\" src=\"https:\/\/static.dagospia.com\/img\/icons\/whatsapp.svg\" alt=\"Condividi su Whatsapp\"><\/a><a href=\"https:\/\/www.dagospia.com\/sport\/centrocampista-napoli-scott-mctominay-parla-dell-intervento-cardiaco-485574\"><img decoding=\"async\" src=\"https:\/\/static.dagospia.com\/img\/icons\/mail.svg\" alt=\"Invia in email\"><\/a><\/div>\n<\/div>\n<\/article>\n<div class=\"content\">\n<p class=\"disable\"><strong>1 &#8211; SCOTT MCTOMINAY &#8211; IL CUORE MI DICE DI FERMARMI TORNO PI\u00d9 FORTE<\/strong><\/p>\n<p class=\"disable\"><strong>Estratto dell\u2019articolo di Monica Scozzafava per il \u201cCorriere della Sera\u201d<\/strong><\/p>\n<p class=\"disable\">\u00a0<\/p>\n<p class=\"disable\"><strong>Come sta, Scott?<\/strong><\/p>\n<p><a href=\"https:\/\/www.dagospia.com\/media-gallery\/dago-fotogallery-522001\/2301661\" class=\"float-right img-wrapper\"><img decoding=\"async\" id=\"2301661\" loading=\"lazy\" src=\"https:\/\/static.dagospia.com\/img\/foto\/09-2026\/scott-mctominay-8-2301661_800_q50.webp\"><span class=\"img-title\">scott mctominay 8<\/span><\/a><\/p>\n<p class=\"disable\">\u00abBene, grazie. Lei?\u00bb.<\/p>\n<p class=\"disable\">\u00a0<\/p>\n<p class=\"disable\">[\u2026] Scott McTominay ha appena saputo che dovr\u00e0 operarsi al cuore, e la sua tranquillit\u00e0 ci spiazza. Ci concede l\u2019intervista come se nulla stesse per accadere. Ha un\u2019aritmia benigna, riscontrata gi\u00e0 da qualche tempo, dovr\u00e0 sottoporsi a un intervento di ablazione per regolarizzare il battito cardiaco.<\/p>\n<p class=\"disable\">\u00a0<\/p>\n<p class=\"disable\"><strong>Preoccupato?<\/strong><\/p>\n<p class=\"disable\">\u00abNo, \u00e8 un problema che devo affrontare. L\u2019ho saputo ora dell\u2019operazione. Ma ci vedremo presto, prestissimo. Pi\u00f9 forte di prima\u00bb.<\/p>\n<p class=\"disable\">\u00a0<\/p>\n<p class=\"disable\">Lo scozzese rientrer\u00e0 dopo la sosta di campionato.<\/p>\n<p><a href=\"https:\/\/www.dagospia.com\/media-gallery\/dago-fotogallery-522001\/2301662\" class=\"float-left img-wrapper\"><img decoding=\"async\" id=\"2301662\" loading=\"lazy\" src=\"https:\/\/static.dagospia.com\/img\/foto\/09-2026\/scott-mctominay-9-2301662_800_q50.webp\"><span class=\"img-title\">scott mctominay 9<\/span><\/a><\/p>\n<p class=\"disable\">\u00a0<\/p>\n<p class=\"disable\"><strong>Alla vigilia di Inter e Arsenal non \u00e8 proprio una gran notizia.<\/strong><\/p>\n<p class=\"disable\">\u00abVero, vorrei sempre dare il mio contributo alla squadra, ma ci sono cose non prevedibili e non controllabili. I miei compagni saranno concentrati, l\u2019Inter non \u00e8 pi\u00f9 forte di noi\u00bb.<\/p>\n<p class=\"disable\">\u00a0<\/p>\n<p class=\"disable\"><strong>Le era successo anche al Mondiale di non star bene.<\/strong><\/p>\n<p class=\"disable\">\u00abS\u00ec ed \u00e8 stato molto pi\u00f9 difficile. Due giorni prima della prima partita sono stato male e non sapevo se avrei giocato o meno. \u00c8 stata dura prepararmi mentalmente. Poi, le temperature alte hanno reso la situazione ancora pi\u00f9 difficile. Guardando indietro, \u00e8 un grande rimpianto della mia carriera\u00bb.<\/p>\n<p class=\"disable\">\u00a0<\/p>\n<p class=\"disable\">[\u2026] <strong>L\u2019Inter arriva dopo la sconfitta col Como. Lei non ci sar\u00e0.<\/strong><\/p>\n<p class=\"disable\">\u00abPurtroppo. \u00c8 una partita importante, una sfida enorme. Dobbiamo arrivarci con la piena convinzione di poter andare l\u00ec e vincere. Li abbiamo gi\u00e0 battuti una volta quindi non vedo perch\u00e9 non dovremmo riuscirci di nuovo\u00bb.<\/p>\n<p class=\"disable\">\u00a0<\/p>\n<p><a href=\"https:\/\/www.dagospia.com\/media-gallery\/dago-fotogallery-522001\/2301659\" class=\"float-right img-wrapper\"><img decoding=\"async\" id=\"2301659\" loading=\"lazy\" src=\"https:\/\/static.dagospia.com\/img\/foto\/09-2026\/scott-mctominay-6-2301659_800_q50.webp\"><span class=\"img-title\">scott mctominay 6<\/span><\/a><\/p>\n<p class=\"disable\">[\u2026] <strong>Da Conte ad Allegri, che cosa \u00e8 cambiato.<\/strong><\/p>\n<p class=\"disable\">\u00abSono allenatori diversi. Conte era molto orientato sulla tattica e ci allenavamo molto. Ho vissuto due anni bellissimi con lui. \u00c8 straordinario, un vincente seriale. Solo il tempo dir\u00e0 come andr\u00e0 con il nuovo allenatore, ma finora \u00e8 una brava persona e ha buone idee tattiche. Abbiamo solo bisogno di tempo per metterle in pratica e giocare un po\u2019 meglio\u00bb.<\/p>\n<p class=\"disable\">\u00a0<\/p>\n<p class=\"disable\">[\u2026] <strong>Ha esordito in Premier con Mourinho, se la chiamasse per andare al Real Madrid, ci andrebbe?<\/strong><\/p>\n<p class=\"disable\">\u00abSe succedesse, ci penserei\u00bb.<\/p>\n<p class=\"disable\">\u00a0<\/p>\n<p><a href=\"https:\/\/www.dagospia.com\/media-gallery\/dago-fotogallery-522001\/2301660\" class=\"float-left img-wrapper\"><img decoding=\"async\" id=\"2301660\" loading=\"lazy\" src=\"https:\/\/static.dagospia.com\/img\/foto\/09-2026\/scott-mctominay-7-2301660_800_q50.webp\"><span class=\"img-title\">scott mctominay 7<\/span><\/a><\/p>\n<p class=\"disable\"><strong>Pizza, mare e sole: cosa preferisce?<\/strong><\/p>\n<p class=\"disable\">\u00abNon mangio la pizza, l\u2019ho provata una volta sola da quando sono a Napoli. Mi piace invece il mare. Ma in questo periodo la temperatura \u00e8 alta, se rimani troppo a lungo al sole puoi disidratarti e non fa bene al recupero quando ti alleni ogni singolo giorno\u00bb. [\u2026]<\/p>\n<p class=\"disable\">\u00a0<\/p>\n<p class=\"disable\"><strong>2 &#8211; MCTOMINAY, PARLA L&#8217;ESPERTO: &#8220;L&#8217;ARITMIA \u00c8 BENIGNA, IL CUORE SANO. ECCO QUANDO POTREBBE RIENTRARE&#8221;<\/strong><\/p>\n<p class=\"disable\"><strong>Estratto dell\u2019articolo di Matteo Nava per <a href=\"http:\/\/www.gazzetta.it\">www.gazzetta.it<\/a><\/strong><\/p>\n<p class=\"disable\">\u00a0<\/p>\n<p class=\"disable\">Per avere un\u2019idea precisa dell\u2019inconveniente che terr\u00e0 fuori dal campo Scott McTominay servono due ingredienti: il comunicato ufficiale del club, che parla di \u201clieve aritmia benigna\u201d e di \u201cablazione\u201d, e l\u2019analisi di un esperto quale il professor Daniele Andreini, professore ordinario di cardiologia dell&#8217;Universit\u00e0 degli Studi di Milano e responsabile dell\u2019unit\u00e0 operativa di cardiologia universitaria dell\u2019ospedale Galeazzi-Sant&#8217;Ambrogio di Milano.<\/p>\n<p class=\"disable\">\u00a0<\/p>\n<p><a href=\"https:\/\/www.dagospia.com\/media-gallery\/dago-fotogallery-522001\/2301658\" class=\"float-right img-wrapper\"><img decoding=\"async\" id=\"2301658\" loading=\"lazy\" src=\"https:\/\/static.dagospia.com\/img\/foto\/09-2026\/scott-mctominay-5-2301658_800_q50.webp\"><span class=\"img-title\">scott mctominay 5<\/span><\/a><\/p>\n<p class=\"disable\"><strong>Da dove si comincia, Professore?<\/strong><\/p>\n<p class=\"disable\">\u201cDal fatto che siamo in un campo di benignit\u00e0. Le aritmie atriali, soprattutto nei giovani, non conducono all&#8217;arresto cardiaco, quelle sono le aritmie ventricolari (come Eriksen e Bove). Le aritmie atriali non si manifestano in modo cos\u00ec catastrofico e quelle parossistiche, nello specifico, insorgono improvvisamente e sono molto veloci: la frequenza cardiaca aumenta improvvisamente dai 60-70 battiti al minuto (anche 40 in uno sportivo), a 200-220.<\/p>\n<p class=\"disable\">\u00a0<\/p>\n<p class=\"disable\">\u00c8 una sensazione fastidiosa di un battito cardiaco accelerato e\/o irregolare: pu\u00f2 succedere durante un esercizio fisico, ma anche assolutamente a riposo. Il battito poi di solito torna da solo nella normalit\u00e0: quando non avviene bisogna ricorrere ai farmaci o addirittura alla cardioversione, cio\u00e8 alla scossa elettrica per ripristinare un ritmo cardiaco regolare. Non \u00e8 la fibrillazione atriale, pi\u00f9 frequente nella popolazione generale e nell&#8217;anziano, ma rarissima negli atleti professionisti e nei giovani\u201d.<\/p>\n<p><a href=\"https:\/\/www.dagospia.com\/media-gallery\/dago-fotogallery-522001\/2301657\" class=\"float-left img-wrapper\"><img decoding=\"async\" id=\"2301657\" loading=\"lazy\" src=\"https:\/\/static.dagospia.com\/img\/foto\/09-2026\/scott-mctominay-4-2301657_800_q50.webp\"><span class=\"img-title\">scott mctominay 4<\/span><\/a><\/p>\n<p class=\"disable\">\u00a0<\/p>\n<p class=\"disable\"><strong>Ci sono gravi rischi?<\/strong><\/p>\n<p class=\"disable\">\u201cNo, per\u00f2 in un atleta non \u00e8 del tutto trascurabile. Si parla di ablazione, quindi della necessit\u00e0 di regolarizzare il battito. \u00c8 assolutamente mini-invasiva e molto sicura e consente di eradicare l\u2019aritmia. Normalmente questi soggetti hanno un cuore sano: \u00e8 solo il circuito, l&#8217;apparato elettrico del cuore che ha delle piccole imperfezioni, normalmente congenite\u201d.<\/p>\n<p class=\"disable\">\u00a0<\/p>\n<p class=\"disable\"><strong>Come funziona l\u2019ablazione?<\/strong><\/p>\n<p class=\"disable\">\u201cCon un catetere, una sonda, dall\u2019inguine all&#8217;interno del cuore di destra si va a indurre l\u2019aritmia con lo studio elettrofisiologico, quindi tramite dei farmaci, degli stimoli, e una volta che \u00e8 mappata e identificata molto bene la si eradica. [\u2026]<\/p>\n<p class=\"disable\">\u00a0<\/p>\n<p class=\"disable\">Lo stress fisico-emotivo spesso slatentizza questo tipo di situazioni: se l&#8217;hanno scoperto adesso e non durante la visa di idoneit\u00e0, probabilmente McTominay ha avuto qualche sintomo e sono riusciti a fargli un elettrocardiogramma mentre aveva l&#8217;episodio: non \u00e8 facile, perch\u00e9 spesso sono situazioni che si risolvono nel giro di pochi minuti e non si fa in tempo\u201d.<\/p>\n<p class=\"disable\">\u00a0<\/p>\n<p><a href=\"https:\/\/www.dagospia.com\/media-gallery\/dago-fotogallery-522001\/2201647\" class=\"float-right img-wrapper\"><img decoding=\"async\" id=\"2201647\" loading=\"lazy\" src=\"https:\/\/static.dagospia.com\/img\/foto\/11-2025\/mctominay-scozia-danimarca-2201647_800_q50.webp\"><span class=\"img-title\">mctominay scozia danimarca<\/span><\/a><\/p>\n<p class=\"disable\">[\u2026] <strong>Dopo l\u2019ablazione che tempi di recupero si possono stimare?<\/strong><\/p>\n<p class=\"disable\">\u201cA seconda del tipo di tachicardia sopraventricolare si prevede un ritorno all\u2019agonismo da 2 a 4 settimane verificando eco-cardio, holter e test da sforzo. Le prime settimane dopo l&#8217;intervento sono quelle pi\u00f9 delicate, anche per le recidive. Per\u00f2 io credo si possa ipotizzare un ritorno in campo entro il mese. [\u2026]\u201d<\/p>\n<p><a href=\"https:\/\/www.dagospia.com\/media-gallery\/dago-fotogallery-522001\/2203973\" class=\"float-right img-wrapper\"><img decoding=\"async\" id=\"2203973\" loading=\"lazy\" src=\"https:\/\/static.dagospia.com\/img\/foto\/11-2025\/mctominay-napoli-qarabag-2203973_800_q50.webp\"><span class=\"img-title\">mctominay napoli qarabag<\/span><\/a><a href=\"https:\/\/www.dagospia.com\/media-gallery\/dago-fotogallery-522001\/2301655\" class=\"float-right img-wrapper\"><img decoding=\"async\" id=\"2301655\" loading=\"lazy\" src=\"https:\/\/static.dagospia.com\/img\/foto\/09-2026\/scott-mctominay-2-2301655_800_q50.webp\"><span class=\"img-title\">scott mctominay 2<\/span><\/a><a href=\"https:\/\/www.dagospia.com\/media-gallery\/dago-fotogallery-522001\/2190581\" class=\"float-right img-wrapper\"><img decoding=\"async\" id=\"2190581\" loading=\"lazy\" src=\"https:\/\/static.dagospia.com\/img\/foto\/10-2025\/napoli-inter-scott-mctominay-2190581_800_q50.webp\"><span class=\"img-title\">NAPOLI INTER &#8211; SCOTT MCTOMINAY<\/span><\/a><a href=\"https:\/\/www.dagospia.com\/media-gallery\/dago-fotogallery-522001\/2201648\" class=\"float-right img-wrapper\"><img decoding=\"async\" id=\"2201648\" loading=\"lazy\" src=\"https:\/\/static.dagospia.com\/img\/foto\/11-2025\/mctominay-scozia-danimarca-2201648_800_q50.webp\"><span class=\"img-title\">mctominay scozia danimarca<\/span><\/a><a href=\"https:\/\/www.dagospia.com\/media-gallery\/dago-fotogallery-522001\/2125019\" class=\"float-right img-wrapper\"><img decoding=\"async\" id=\"2125019\" loading=\"lazy\" src=\"https:\/\/static.dagospia.com\/img\/foto\/04-2025\/scott-mctominay-2125019_800_q50.webp\"><span class=\"img-title\">scott mctominay<\/span><\/a><a href=\"https:\/\/www.dagospia.com\/media-gallery\/dago-fotogallery-522001\/2156153\" class=\"float-left img-wrapper\"><img decoding=\"async\" id=\"2156153\" loading=\"lazy\" src=\"https:\/\/static.dagospia.com\/img\/foto\/07-2025\/kevin-de-bruyne-scott-mctominay-2156153_800_q50.webp\"><span class=\"img-title\">KEVIN DE BRUYNE SCOTT MCTOMINAY<\/span><\/a><a href=\"https:\/\/www.dagospia.com\/media-gallery\/dago-fotogallery-522001\/2135807\" class=\"float-left img-wrapper\"><img decoding=\"async\" id=\"2135807\" loading=\"lazy\" src=\"https:\/\/static.dagospia.com\/img\/foto\/05-2025\/scott-mctominay-2135807_800_q50.webp\"><span class=\"img-title\">scott mctominay<\/span><\/a><a href=\"https:\/\/www.dagospia.com\/media-gallery\/dago-fotogallery-522001\/2201649\" class=\"float-right img-wrapper\"><img decoding=\"async\" id=\"2201649\" loading=\"lazy\" src=\"https:\/\/static.dagospia.com\/img\/foto\/11-2025\/mctominay-scozia-danimarca-2201649_800_q50.webp\"><span class=\"img-title\">mctominay scozia danimarca<\/span><\/a><a href=\"https:\/\/www.dagospia.com\/media-gallery\/dago-fotogallery-522001\/2301656\" class=\"float-right img-wrapper\"><img decoding=\"async\" id=\"2301656\" loading=\"lazy\" src=\"https:\/\/static.dagospia.com\/img\/foto\/09-2026\/scott-mctominay-3-2301656_800_q50.webp\"><span class=\"img-title\">scott mctominay 3<\/span><\/a><a href=\"https:\/\/www.dagospia.com\/media-gallery\/dago-fotogallery-522001\/2301654\" class=\"float-right img-wrapper\"><img decoding=\"async\" id=\"2301654\" loading=\"lazy\" src=\"https:\/\/static.dagospia.com\/img\/foto\/09-2026\/scott-mctominay-1-2301654_800_q50.webp\"><span class=\"img-title\">scott mctominay 1<\/span><\/a><\/p>\n<p class=\"disable\">\u00a0<\/p>\n<\/div>\n<article><a href=\"https:\/\/www.dagospia.com\/media-tv\/dagoreport-riunione-interlocutoria-qualche-piccola-apertura-caso-report-485651\"><\/p>\n<div class=\"img-wrapper\"><img decoding=\"async\" src=\"https:\/\/static.dagospia.com\/img\/patch\/09-2026\/rai-via-teulada-paolo-corsini-giulia-innocenzi-presutti-daniele-piervincenzi-dan-2301944_600_q50.webp\" alt=\"rai via teulada paolo corsini giulia innocenzi presutti daniele piervincenzi danilo procaccianti report sigfrido ranucci \" loading=\"lazy\"><time class=\"data-ora\">2 set 20:05<\/time><\/div>\n<div class=\"excerpt\">\n<p>DAGOREPORT \u2013 <span>RIUNIONE INTERLOCUTORIA MA CON QUALCHE PICCOLA APERTURA <\/span>TRA IL DIRETTORE DELL&#8217;APPROFONDIMENTO RAI, PAOLO CORSINI, E I MEMBRI DELLA SQUADRA DI \u201cREPORT\u201d: I GIORNALISTI <span>HANNO RIBADITO IL \u201cNO\u201d ALLA CONDUZIONE DI GIULIA PRESUTTI E DANIELE<\/span><span>PIERVINCENZI, MA SU QUEST\u2019ULTIMO LA POSIZIONE SAREBBE PI\u00d9 MORBIDA: <\/span>POTREBBE AVERE UN VIA LIBERA MAGARI COME CONDUTTORE DEL \u201cREPORT LAB\u201d, CON LA CONDUZIONE VERA E PROPRIA DA AFFIDARE A DUE \u201cSTORICI\u201d (CHE DIVENTEREBBERO TRE NEL CASO DI UN REINTEGRO DI RANUCCI DA PARTE DEL TRIBUNALE).\u00a0 SULLA PRESUTTI IL MURO RESTA GRANITICO \u2013 <span>PALAZZO CHIGI, INVECE, SAREBBE IRREMOVIBILE SUI DUE NOMI<\/span> \u2013 EPISODIO PITTORESCO NEL MEZZO DELLA RIUNIONE: UN GIORNALISTA DI UNA PRESTIGIOSA TESTATA DELLA RAI SAREBBE STATO <span>BECCATO A ORIGLIARE DA UN BAGNO VICINO ALLA SALA\u2026<\/span><\/p>\n<\/div>\n<p><\/a><\/article>\n<article><a href=\"https:\/\/www.dagospia.com\/politica\/dagoreport-grazie-trump-mondo-verso-de-americanizzazione-oggi-si-485332\"><\/p>\n<div class=\"img-wrapper\"><img decoding=\"async\" src=\"https:\/\/static.dagospia.com\/img\/patch\/09-2026\/trump-modi-xi-jinping-putin-2301524_600_q50.webp\" alt=\"trump modi xi jinping putin\" loading=\"lazy\"><time class=\"data-ora\">1 set 19:59<\/time><\/div>\n<div class=\"excerpt\">\n<p>DAGOREPORT \u2013<span> GRAZIE A TRUMP, IL DOLLARO RISCHIA DI DIVENTARE CARTA STRACCIA \u2013<\/span>\u00a0IL PIATTO FORTE AL SUMMIT IN KIRGHIZISTAN DI XI JINPING, VLADIMIR PUTIN E NARENDRA MODI, HA FATTO STRA-INCAZZARE IL CALIGOLA DELLA CASA BIANCA: SUL TAVOLO,\u00a0<span>IL PROGETTO DEI &#8221;BRICS&#8221; (BRASILE, RUSSIA, INDIA, CINA, SUDAFRICA) DI DAR VITA A UNA \u201cMONETA UNICA&#8221;, PER FAR FUORI IL DOLLARO NEGLI SCAMBI INTERNAZIONALI<\/span>\u00a0&#8211; CON UN DEBITO PUBBLICO MONSTRE DI 40MILA MILIARDI, LA DE-DOLLARIZZAZIONE SAREBBE LA FINE DELL&#8217;IMPERO AMERICANO: IL VERDONE&#8221; VIENE UTILIZZATO IN OLTRE L&#8217;80% DELLE TRANSAZIONI COMMERCIALI E IN PI\u00d9 DELLA MET\u00c0 DEI PAGAMENTI INTERNAZIONALI DELLE MATERIE PRIME, COME IL PETROLIO\u00a0&#8211; <span>LA DECISIONE E&#8217; NELLE MANI DELLA CINA: RINUNCERA&#8217; ALLO MONETA NAZIONALE, LO YUAN, PER DIVENTARE LA LOCOMOTIVA DEI &#8221;BRICS&#8221;?<\/span>\u00a0&#8211;\u00a0SUL MAGGIORE IMPEGNO A FAVORE DELL\u2019IRAN, PESANO I DUBBI\u00a0DI MODI (GLI USA SONO IL PRIMO PARTNER COMMERCIALE DELL\u2019INDIA)\u00a0&#8211; PROSSIMO ROUND: IL VERTICE DI XI JIN PING DEL 24 SETTEMBRE CON IL &#8220;DERAGLIATO MENTALE&#8221; DELLA CASA BIANCA&#8230;<\/p>\n<\/div>\n<p><\/a><\/article>\n<article><a href=\"https:\/\/www.dagospia.com\/politica\/elly-ascolta-gli-amici-i-big-pd-scesi-in-campo-cosi-pesantemente-per-485354\"><\/p>\n<div class=\"img-wrapper\"><img decoding=\"async\" src=\"https:\/\/static.dagospia.com\/img\/patch\/08-2026\/giuseppe-conte-elly-schlein-franceschini-bonaccini-nardella-2301098_600_q50.webp\" alt=\"giuseppe conte elly schlein franceschini bonaccini nardella\" loading=\"lazy\"><time class=\"data-ora\">31 ago 20:17<\/time><\/div>\n<div class=\"excerpt\">\n<p>DAGOREPORT &#8211; <span>ELLY, ASCOLTA GLI AMICI!<\/span> I CAPOCCIONI E LE MEZZECALZE DEL PD, CHE SONO SCESI COS\u00cc PESANTEMENTE IN CAMPO PER SCONGIURARE LA JATTURA DELLE PRIMARIE, NON CE L&#8217;HANNO CON TE, LO FANNO SOLO PER IL TUO BENE &#8211; CERTO, TEMONO (A RAGIONE) ANCHE PER LA LORO SOPRAVVIVENZA PARLAMENTARE: <span>SE ELLY, COME PROBABILE, PERDESSE AI GAZEBO IL DUELLO CON CONTE, TRASCINEREBBE IL PARTITO NEL BARATRO <\/span>&#8211; \u00c8 PER QUESTO CHE DA QUALCHE SETTIMANA SONO PARTITI GLI AVVERTIMENTI VIA STAMPA, ANCHE DI ESPONENTI PD NON OSTILI ALLA SCHLEIN COME DARIO NARDELLA, DI FARE UN PASSO INDIETRO \u2013 <span>LA TRAGEDIA \u00c8 CHE L\u2019AMBIZIOSA DUCETTA DEL NAZARENO, NONOSTANTE I SONDAGGI HORROR, SI VEDE GI\u00c0 A PALAZZO CHIGI, VALUTANDOLI COME ATTACCHI ALLA SUA LEADERSHIP<\/span>: \u201cLE INTERVISTE SULLE PRIMARIE? SONO SOLO ESERCIZI INTELLETTUALI, ALLA FESTA DELL\u2019UNITA\u2019 PARLO IO\u201d &#8211; SE ELLY CONTINUA COS\u00cc, RISCHIA CHE LA SUA PROSSIMA OCCUPAZIONE SARA&#8217; DI BALLARE SUI CARRI DEL GAY PRIDE&#8230;<\/p>\n<\/div>\n<p><\/a><\/article>\n<article><a href=\"https:\/\/www.dagospia.com\/politica\/l-ingaggio-fedorov-fa-incazzare-zelensky-mette-in-allarme-agenzie-485343\"><\/p>\n<div class=\"img-wrapper\"><img decoding=\"async\" src=\"https:\/\/static.dagospia.com\/img\/patch\/08-2026\/fedorov-musk-thiel-zelensky-crosetto-2301168_600_q50.webp\" alt=\"fedorov musk thiel zelensky crosetto\" loading=\"lazy\"><time class=\"data-ora\">31 ago 18:41<\/time><\/div>\n<div class=\"excerpt\">\n<p>DAGOREPORT &#8211; <span>A QUALCUNO NON PIACE &#8216;STO FEDOROV<\/span> &#8211;\u00a0PIU&#8217; CHE A INDIGNARE I NEURONI ALLA VODKA DI VANNACCI E DI TRAVAGLIO, L\u2019INGAGGIO DEL GOVERNO ITALIANO DELL&#8217;EX MINISTRO DELLA DIFESA UCRAINO<span> FA INCAZZARE ZELENSKY E METTE IN ALLARME LE AGENZIE DI INTELLIGENCE EUROPEE &#8211; <\/span>IL DINAMISMO DEL NOVELLO CONSULENTE DEL MINISTRO CROSETTO NON POTEVA NON FINIRE &#8220;ATTENZIONATO&#8221;, VISTO E CONFERMATO <span>IL RAPPORTO STRETTISSIMO CON L&#8217;EMINENZA GRIGIA DELLA TECNO-DESTRA PETER THIEL E CON IL CAVALIERE NERO DELLA GALASSIA MAGA, ELON MUSK<\/span> &#8211; \u00c8 STATO FEDOROV A OTTENERE LO SBLOCCO DEL SISTEMA STARLINK E A COLTIVARE RAPPORTI CON PALANTIR, CHE FORNISCE A KIEV I SOFTWARE PER LA DIFESA &#8211; <span>CHE STA COMBINANDO IN QUESTI GIORNI FEDOROV NEGLI STATI UNITI? <\/span>COSA VOGLIONO MUSK E THIEL DA LUI? LE ELEZIONI A KIEV, MAGARI PER SOSTITUIRE ZELENSKY E ARRIVARE A QUALUNQUE \u2018PACE\u2019\u201d?<\/p>\n<\/div>\n<p><\/a><\/article>\n<article><a href=\"https:\/\/www.dagospia.com\/politica\/flash-c-e-grande-perplessita-i-draghi-boys-per-presenza-andrea-485336\"><\/p>\n<div class=\"img-wrapper\"><img decoding=\"async\" src=\"https:\/\/static.dagospia.com\/img\/patch\/08-2026\/xavier-niel-draghi-pignataro-2301175_600_q50.webp\" alt=\"xavier niel draghi pignataro\" loading=\"lazy\"><time class=\"data-ora\">31 ago 18:19<\/time><\/div>\n<div class=\"excerpt\">\n<p>FLASH! \u2013 <span>I \u201cDRAGHI BOYS\u201d DEL POTERE ECONOMICO ITALIANO AVREBBERO ESPRESSO QUALCHE PERPLESSITA&#8217; ALL\u2019EX PREMIER<\/span> SULLA PRESENZA DEL MISTERIOSO MILIARDARIO <span>ANDREA PIGNATARO E DEL FONDATORE DI ILIAD, IL FRANCESE XAVIER NIEL, <\/span>CHE NEL 2004 FU CONDANNATO A DUE ANNI DI GALERA (CON LA CONDIZIONALE), NEL \u201cRHINE GROUP\u201d, IL THINK TANK FONDATO DA \u201cMARIOPIO\u201d PER DARE UNA SFERZATA ALL\u2019UNIONE EUROPEA, COMPOSTO DA 54 MANAGER, ECONOMISTI, ACCADEMICI E IMPRENDITORI TECNOLOGICI&#8230;.<\/p>\n<\/div>\n<p><\/a><\/article>\n<article><a href=\"https:\/\/www.dagospia.com\/politica\/quale-episodio-giulia-presutti-era-habitue-cefalu-bistro-dove-piu-e-485248\"><\/p>\n<div class=\"img-wrapper\"><img decoding=\"async\" src=\"https:\/\/static.dagospia.com\/img\/patch\/08-2026\/ranucci-presutti-cianfoni-floridia-2300757_600_q50.webp\" alt=\"ranucci presutti cianfoni floridia\" loading=\"lazy\"><time class=\"data-ora\">30 ago 19:14<\/time><\/div>\n<div class=\"excerpt\">\n<p>DAGOREPORT &#8211;<span>\u00a0MA QUALE &#8220;EPISODIO&#8221;! GIULIA PRESUTTI ERA UN HABITU\u00c8 DEL \u201cCEFAL\u00d9 BISTR\u00d2\u201d<\/span> DOVE PI\u00d9 VOLTE \u00c8 STATA VISTA INSIEME ALL\u2019AMICA LAURA CIANFONI, CHE A SUA VOLTA \u00c8 LEGATISSIMA A RANUCCI E CARISSIMA A LAVITOLA (COME \u00c8 TESTIMONIATO DALLE FOTO DI DAGOSPIA IN OCCASIONE DEL PREMIO COLALUCCI, SETTEMBRE 2020) &#8211; <span>NELLA DECISIONE DI SCEGLIERE GIULIA PRESUTTI, ACCREDITATA COME ESPRESSIONE DI M5S E AVS, <\/span>PER DARE UN CONTENTINO ALL\u2019OPPOSIZIONE, SAREBBE AVVENUTA UNA INTERLOCUZIONE TRA L\u2019AD RAI, GIAMPAOLO ROSSI, E L\u2019EX PRESIDENTE DELLA VIGILANZA RAI, LA GRILLINA BARBARA FLORIDIA, CHE AVREBBE DATO IL SUO PLACET &#8211; <span>ANCHE SULLA SCELTA DI PIERVINCENZI ALLA CONDUZIONE DI &#8220;REPORT&#8221;, CHE VA A BILANCIARE LA PRESUTTI DI SINISTRA, SI ADDENSANO ALCUNE DOMANDINE<\/span>: A PARTIRE DALLA PASSIONE PER IL RUGBY\u2026<\/p>\n<\/div>\n<p><\/a><\/article>\n<article><a href=\"https:\/\/www.dagospia.com\/cronache\/come-sta-alessandro-battista-condizioni-salute-dell-ex-deputato-485182\"><\/p>\n<div class=\"img-wrapper\"><img decoding=\"async\" src=\"https:\/\/static.dagospia.com\/img\/patch\/08-2026\/di-battista-grillo-di-maio-alessandro-2300529_600_q50.webp\" alt=\"di battista grillo di maio alessandro\" loading=\"lazy\"><\/div>\n<div class=\"excerpt\">COME STA ALESSANDRO DI BATTISTA? &#8211; LE CONDIZIONI DI SALUTE DELL&#8217;EX DEPUTATO DEL MOVIMENTO 5 STELLE,\u2026<\/div>\n<p><\/a><\/article>\n<article><a href=\"https:\/\/www.dagospia.com\/sport\/pennellone-frou-frou-mole-juve-acquistato-l-attaccante-nick-woltemade-485601\"><\/p>\n<div class=\"img-wrapper\"><img decoding=\"async\" src=\"https:\/\/static.dagospia.com\/img\/patch\/09-2026\/nick-woltemade-2301780_600_q50.webp\" alt loading=\"lazy\"><\/div>\n<div class=\"excerpt\">UN PENNELLONE &#8220;FROU FROU&#8221; SOTTO LA MOLE? \u2013 LA JUVE HA ACQUISTATO IN PRESTITO DAL NEWCASTLE\u2026<\/div>\n<p><\/a><\/article>\n<article><a href=\"https:\/\/www.dagospia.com\/cronache\/42enne-abusa-13enne-gip-scarcera-ha-capito-aver-sbagliato-era-485509\"><\/p>\n<div class=\"img-wrapper\"><img decoding=\"async\" src=\"https:\/\/static.dagospia.com\/img\/patch\/09-2026\/carlo-nordio-violenza-sessuale-2301509_600_q50.webp\" alt=\"carlo nordio violenza sessuale \" loading=\"lazy\"><\/div>\n<div class=\"excerpt\">QUESTI GIUDICI FANNO UN REGALO ALLA PROPAGANDA DEL GOVERNO! ALLA PERIFERIA DI TORINO UN 42ENNE\u2026<\/div>\n<p><\/a><\/article>\n<article><a href=\"https:\/\/www.dagospia.com\/media-tv\/pillole-gossip-leonardo-lini-noemi-bocchi-pitt-jolie-pamela-anderson-la-485460\"><\/p>\n<div class=\"img-wrapper\"><img decoding=\"async\" src=\"https:\/\/static.dagospia.com\/img\/patch\/09-2026\/pillole-avanti-gossip-2301347_600_q50.webp\" alt=\"pillole avanti gossip\" loading=\"lazy\"><\/div>\n<div class=\"excerpt\">AVANTI, C\u2019\u00c8 GOSSIP! SARA\u2019 IL BELLOCCIO LEONARDO LINI IL MAESTRO DI NOEMI BOCCHI A &#8220;BALLANDO CON LE\u2026<\/div>\n<p><\/a><\/article>\n<article><a href=\"https:\/\/www.dagospia.com\/media-tv\/gallina-vecchia-arrapa-ancora-riconoscete-bonissima-attrice-oggi-485609\"><\/p>\n<div class=\"img-wrapper\"><img decoding=\"async\" src=\"https:\/\/static.dagospia.com\/img\/patch\/09-2026\/salma-hayek-2301808_600_q50.webp\" alt=\"salma hayek \" loading=\"lazy\"><\/div>\n<div class=\"excerpt\">GALLINA VECCHIA\u2026 ARRAPA ANCORA! LA RICONOSCETE? \u2013 LA BONISSIMA ATTRICE OGGI COMPIE 60 ANNI, MA \u00c8\u2026<\/div>\n<p><\/a><\/article>\n<article><a href=\"https:\/\/www.dagospia.com\/media-tv\/dagoreport-riunione-interlocutoria-qualche-piccola-apertura-caso-report-485651\"><\/p>\n<div class=\"img-wrapper\"><img decoding=\"async\" src=\"https:\/\/static.dagospia.com\/img\/patch\/09-2026\/rai-via-teulada-paolo-corsini-giulia-innocenzi-presutti-daniele-piervincenzi-dan-2301944_600_q50.webp\" alt=\"rai via teulada paolo corsini giulia innocenzi presutti daniele piervincenzi danilo procaccianti report sigfrido ranucci \" loading=\"lazy\"><\/div>\n<div class=\"excerpt\">DAGOREPORT \u2013 RIUNIONE INTERLOCUTORIA MA CON QUALCHE PICCOLA APERTURA TRA IL DIRETTORE\u2026<\/div>\n<p><\/a><\/article>\n<article><a href=\"https:\/\/www.dagospia.com\/politica\/dagoreport-grazie-trump-mondo-verso-de-americanizzazione-oggi-si-485332\"><\/p>\n<div class=\"img-wrapper\"><img decoding=\"async\" src=\"https:\/\/static.dagospia.com\/img\/patch\/09-2026\/trump-modi-xi-jinping-putin-2301524_600_q50.webp\" alt=\"trump modi xi jinping putin\" loading=\"lazy\"><\/div>\n<div class=\"excerpt\">DAGOREPORT \u2013 GRAZIE A TRUMP, IL DOLLARO RISCHIA DI DIVENTARE CARTA STRACCIA \u2013\u00a0IL PIATTO FORTE AL\u2026<\/div>\n<p><\/a><\/article>\n<article><a href=\"https:\/\/www.dagospia.com\/politica\/elly-ascolta-gli-amici-i-big-pd-scesi-in-campo-cosi-pesantemente-per-485354\"><\/p>\n<div class=\"img-wrapper\"><img decoding=\"async\" src=\"https:\/\/static.dagospia.com\/img\/patch\/08-2026\/giuseppe-conte-elly-schlein-franceschini-bonaccini-nardella-2301098_600_q50.webp\" alt=\"giuseppe conte elly schlein franceschini bonaccini nardella\" loading=\"lazy\"><\/div>\n<div class=\"excerpt\">DAGOREPORT &#8211; ELLY, ASCOLTA GLI AMICI! I CAPOCCIONI E LE MEZZECALZE DEL PD, CHE SONO SCESI COS\u00cc\u2026<\/div>\n<p><\/a><\/article>\n<article><a href=\"https:\/\/www.dagospia.com\/politica\/l-ingaggio-fedorov-fa-incazzare-zelensky-mette-in-allarme-agenzie-485343\"><\/p>\n<div class=\"img-wrapper\"><img decoding=\"async\" src=\"https:\/\/static.dagospia.com\/img\/patch\/08-2026\/fedorov-musk-thiel-zelensky-crosetto-2301168_600_q50.webp\" alt=\"fedorov musk thiel zelensky crosetto\" loading=\"lazy\"><\/div>\n<div class=\"excerpt\">DAGOREPORT &#8211; A QUALCUNO NON PIACE &#8216;STO FEDOROV &#8211;\u00a0PIU&#8217; CHE A INDIGNARE I NEURONI ALLA VODKA DI\u2026<\/div>\n<p><\/a><\/article>\n<article><a href=\"https:\/\/www.dagospia.com\/politica\/flash-c-e-grande-perplessita-i-draghi-boys-per-presenza-andrea-485336\"><\/p>\n<div class=\"img-wrapper\"><img decoding=\"async\" src=\"https:\/\/static.dagospia.com\/img\/patch\/08-2026\/xavier-niel-draghi-pignataro-2301175_600_q50.webp\" alt=\"xavier niel draghi pignataro\" loading=\"lazy\"><\/div>\n<div class=\"excerpt\">FLASH! \u2013 I \u201cDRAGHI BOYS\u201d DEL POTERE ECONOMICO ITALIANO AVREBBERO ESPRESSO QUALCHE PERPLESSITA&#8217;\u2026<\/div>\n<p><\/a><\/article>\n<article><a href=\"https:\/\/www.dagospia.com\/politica\/quale-episodio-giulia-presutti-era-habitue-cefalu-bistro-dove-piu-e-485248\"><\/p>\n<div class=\"img-wrapper\"><img decoding=\"async\" src=\"https:\/\/static.dagospia.com\/img\/patch\/08-2026\/ranucci-presutti-cianfoni-floridia-2300757_600_q50.webp\" alt=\"ranucci presutti cianfoni floridia\" loading=\"lazy\"><\/div>\n<div class=\"excerpt\">DAGOREPORT &#8211;\u00a0MA QUALE &#8220;EPISODIO&#8221;! GIULIA PRESUTTI ERA UN HABITU\u00c8 DEL \u201cCEFAL\u00d9 BISTR\u00d2\u201d DOVE PI\u00d9 VOLTE\u2026<\/div>\n<p><\/a><\/article>\n<article><a href=\"https:\/\/www.dagospia.com\/politica\/risiko-s-ingrossa-l-apertura-assicurazioni-generali-valutare-l-offerta-484996\"><\/p>\n<div class=\"img-wrapper\"><img decoding=\"async\" src=\"https:\/\/static.dagospia.com\/img\/patch\/08-2026\/generali-philippe-donnet-luigi-lovaglio-carlo-messina-2292458_600_q50.webp\" alt=\"generali philippe donnet luigi lovaglio carlo messina \" loading=\"lazy\"><\/div>\n<div class=\"excerpt\">DAGOREPORT &#8211; IL RISIKO S&#8217;INGROSSA! L\u2019APERTURA DI ASSICURAZIONI GENERALI A VALUTARE L&#8217;OFFERTA\u201d DI\u2026<\/div>\n<p><\/a><\/article>\n<article><a href=\"https:\/\/www.dagospia.com\/cronache\/voluto-trump-t-attacchi-scorta-i-leader-silicon-valley-484985\"><\/p>\n<div class=\"img-wrapper\"><img decoding=\"async\" src=\"https:\/\/static.dagospia.com\/img\/patch\/08-2026\/mark-zuckerberg-proteste-2299936_600_q50.webp\" alt=\"mark zuckerberg proteste \" loading=\"lazy\"><\/div>\n<div class=\"excerpt\">HAI VOLUTO TRUMP? E ORA T\u2019ATTACCHI ALLA SCORTA! \u2013 I LEADER DELLA SILICON VALLEY SONO OSSESSIONATI\u2026<\/div>\n<p><\/a><\/article>\n<article><a href=\"https:\/\/www.dagospia.com\/politica\/flash-giorgia-meloni-manda-armi-sottobanco-all-ucraina-per-non-spaccare-484982\"><\/p>\n<div class=\"img-wrapper\"><img decoding=\"async\" src=\"https:\/\/static.dagospia.com\/img\/patch\/08-2026\/giorgia-meloni-volodymyr-zelensky-mario-draghi-2299913_600_q50.webp\" alt=\"giorgia meloni volodymyr zelensky mario draghi \" loading=\"lazy\"><\/div>\n<div class=\"excerpt\">FLASH \u2013 GIORGIA MELONI MANDA LE ARMI SOTTOBANCO ALL\u2019UCRAINA PER NON SPACCARE LA SUA MAGGIORANZA. IL\u2026<\/div>\n<p><\/a><\/article>\n<article><a href=\"https:\/\/www.dagospia.com\/politica\/qual-era-scopo-blitz-capo-cia-mosca-i-beninformati-washington-484881\"><\/p>\n<div class=\"img-wrapper\"><img decoding=\"async\" src=\"https:\/\/static.dagospia.com\/img\/patch\/12-2025\/vladimir-putin-donald-trump-volodymyr-zelensky-2214409_600_q50.webp\" alt=\"vladimir putin donald trump volodymyr zelensky\" loading=\"lazy\"><\/div>\n<div class=\"excerpt\">FLASH! \u2013 QUANDO LE COSE GIRANO SUL PEGGIO, INTERVENGONO I SERVIZI SEGRETI &#8211;\u00a0IL BENINFORMATO\u00a0CAPO\u2026<\/div>\n<p><\/a><\/article>\n<article><a href=\"https:\/\/www.dagospia.com\/cafonal\/cafonalino-roma-proiezione-documentario-marco-bellocchio-marco-travaglio-485081\"><\/p>\n<div class=\"img-wrapper\"><img decoding=\"async\" src=\"https:\/\/static.dagospia.com\/img\/patch\/08-2026\/2026bellocchio-anteprima-film-di-marco-bellocchio-2300339_600_q50.webp\" alt=\"2026bellocchio anteprima film di marco bellocchio\" loading=\"lazy\"><\/div>\n<div class=\"excerpt\">CAFONALINO! AL CINEMA QUATTRO FONTANE DI ROMA LA PROIEZIONE SPECIALE DEL DOCUMENTARIO \u201cMARCO\u2026<\/div>\n<p><\/a><\/article>\n<article><a href=\"https:\/\/www.dagospia.com\/cafonal\/cafonal-show-ranucci-cerveteri-freni-ho-fatto-scoop-nazionali-484807\"><\/p>\n<div class=\"img-wrapper\"><img decoding=\"async\" src=\"https:\/\/static.dagospia.com\/img\/patch\/08-2026\/2026ranucci-sigfrido-ranucci-2299409_600_q50.webp\" alt=\"2026ranucci sigfrido ranucci\" loading=\"lazy\"><\/div>\n<div class=\"excerpt\">SIGFRIDO, IL MASANIELLO DE NOANTRI \u2013 RANUCCI HA PERSO OGNI FRENO E, ALLA PRESENTAZIONE DEL SUO\u2026<\/div>\n<p><\/a><\/article>\n<article><a href=\"https:\/\/www.dagospia.com\/cafonal\/funeralino-l-ultimo-saluto-mitico-produttore-cinematografico-fulvio-484127\"><\/p>\n<div class=\"img-wrapper\"><img decoding=\"async\" src=\"https:\/\/static.dagospia.com\/img\/patch\/08-2026\/2026lucisano-2297424_600_q50.webp\" alt=\"2026lucisano\" loading=\"lazy\"><\/div>\n<div class=\"excerpt\">FUNERALINO \u2013 NELLA CALLARA ROMANA D\u2019AGOSTO, L\u2019ULTIMO SALUTO AL MITICO PRODUTTORE CINEMATOGRAFICO\u2026<\/div>\n<p><\/a><\/article>\n<article><a href=\"https:\/\/www.dagospia.com\/cafonal\/cafonalino-pizza-riformista-matteo-renzi-raduna-i-suoi-prima-delle-480816\"><\/p>\n<div class=\"img-wrapper\"><img decoding=\"async\" src=\"https:\/\/static.dagospia.com\/img\/patch\/07-2026\/2026kraken-matteo-renzi-2286047_600_q50.webp\" alt=\"2026kraken matteo renzi \" loading=\"lazy\"><\/div>\n<div class=\"excerpt\">CAFONALINO DELLA PIZZA RIFORMISTA \u2013 RENZI RADUNA I SUOI PRIMA DELLE VACANZE ESTIVE AL SATYRUS DI\u2026<\/div>\n<p><\/a><\/article>\n<article><a href=\"https:\/\/www.dagospia.com\/cafonal\/cafonalino-moreno-party-roma-manuela-moreno-festeggia-i-60-anni-480777\"><\/p>\n<div class=\"img-wrapper\"><img decoding=\"async\" src=\"https:\/\/static.dagospia.com\/img\/patch\/07-2026\/manuela-moreno-festa-60-anni-2285871_600_q50.webp\" alt=\"manuela moreno festa 60 anni \" loading=\"lazy\"><\/div>\n<div class=\"excerpt\">CAFONALINO! NO MORENO, NO PARTY \u2013 A ROMA, AL LOVE BAR DI PONTE MILVIO, MANUELA MORENO, CONDUTTRICE\u2026<\/div>\n<p><\/a><\/article>\n<article><a href=\"https:\/\/www.dagospia.com\/cafonal\/cafonalino-firenze-tevere-direttori-redattori-forchettoni-scrocconi-480745\"><\/p>\n<div class=\"img-wrapper\"><img decoding=\"async\" src=\"https:\/\/static.dagospia.com\/img\/patch\/07-2026\/2026agno-marco-agnoletti-2285763_600_q50.webp\" alt=\"2026agno marco agnoletti \" loading=\"lazy\"><\/div>\n<div class=\"excerpt\">CAFONALINO DEGLI AGNOLETTI IN BRODO &#8211; DIRETTORI, REDATTORI, FORCHETTONI E SCROCCONI SFIDANO\u2026<\/div>\n<p><\/a><\/article>\n<p>[analyse_source url=&#8221;https:\/\/www.dagospia.com\/sport\/centrocampista-napoli-scott-mctominay-parla-dell-intervento-cardiaco-485574&#8243;]<\/p>\n","protected":false},"excerpt":{"rendered":"<p>[analyse_image type=&#8221;featured&#8221; src=&#8221;https:\/\/static.dagospia.com\/img\/patch\/09-2026\/scott-mctominay-8-2301669_600_q50.webp&#8221;] 2 set 2026 14:43 \u201cL\u2019ARITIMIA AL CUORE? NON SONO PREOCCUPATO, \u00c8 UN PROBLEMA CHE DEVO AFFRONTARE. TORNER\u00d2 PRESTO\u201d \u2013 IL CENTROCAMPISTA DEL NAPOLI, SCOTT MCTOMINAY, PARLA DELL\u2019INTERVENTO CARDIACO A CUI DEVE SOTTOPORSI, CHE LO COSTRINGER\u00c0 A SALTARE I BIG MATCH CONTRO INTER E ARSENAL: \u201cCI SONO COSE NON PREVEDIBILI E NON CONTROLLABILI. [&hellip;]<\/p>\n","protected":false},"author":1,"featured_media":0,"comment_status":"open","ping_status":"","sticky":false,"template":"","format":"standard","meta":{"footnotes":""},"categories":[87],"tags":[226,149],"class_list":["post-2125845","post","type-post","status-publish","format-standard","hentry","category-italy","tag-crawlmanager","tag-dagospia-com"],"_links":{"self":[{"href":"https:\/\/analyse.optim.biz\/index.php?rest_route=\/wp\/v2\/posts\/2125845","targetHints":{"allow":["GET"]}}],"collection":[{"href":"https:\/\/analyse.optim.biz\/index.php?rest_route=\/wp\/v2\/posts"}],"about":[{"href":"https:\/\/analyse.optim.biz\/index.php?rest_route=\/wp\/v2\/types\/post"}],"author":[{"embeddable":true,"href":"https:\/\/analyse.optim.biz\/index.php?rest_route=\/wp\/v2\/users\/1"}],"replies":[{"embeddable":true,"href":"https:\/\/analyse.optim.biz\/index.php?rest_route=%2Fwp%2Fv2%2Fcomments&post=2125845"}],"version-history":[{"count":0,"href":"https:\/\/analyse.optim.biz\/index.php?rest_route=\/wp\/v2\/posts\/2125845\/revisions"}],"wp:attachment":[{"href":"https:\/\/analyse.optim.biz\/index.php?rest_route=%2Fwp%2Fv2%2Fmedia&parent=2125845"}],"wp:term":[{"taxonomy":"category","embeddable":true,"href":"https:\/\/analyse.optim.biz\/index.php?rest_route=%2Fwp%2Fv2%2Fcategories&post=2125845"},{"taxonomy":"post_tag","embeddable":true,"href":"https:\/\/analyse.optim.biz\/index.php?rest_route=%2Fwp%2Fv2%2Ftags&post=2125845"}],"curies":[{"name":"wp","href":"https:\/\/api.w.org\/{rel}","templated":true}]}}