{"id":2125843,"date":"2026-09-02T11:55:00","date_gmt":"2026-09-02T08:55:00","guid":{"rendered":"https:\/\/analyse.optim.biz\/?p=2125843"},"modified":"2026-09-02T11:55:00","modified_gmt":"2026-09-02T08:55:00","slug":"11-state-ale-ue-cer-limitarea-dreptului-de-veto-in-politica-externa-romania-se-numara-printre-semnatare","status":"publish","type":"post","link":"https:\/\/analyse.optim.biz\/?p=2125843","title":{"rendered":"11 state ale UE cer limitarea dreptului de veto \u00een politica extern\u0103. Rom\u00e2nia se num\u0103r\u0103 printre semnatare"},"content":{"rendered":"<p>[analyse_image type=&#8221;featured&#8221; src=&#8221;https:\/\/radiogoldfm.ro\/wp-content\/uploads\/2026\/09\/Consiliul_UE_290425-768&#215;432-1.jpghttps:\/\/radiogoldfm.ro\/wp-content\/uploads\/2026\/09\/Consiliul_UE_290425-768&#215;432-1.jpg&#8221;]<\/p>\n<div class=\"qt-the-content\">\n<p>Un grup de 11 state membre ale Uniunii Europene cere reducerea utiliz\u0103rii dreptului de veto \u00een politica extern\u0103 \u0219i trecerea, \u00een anumite situa\u021bii, de la regula unanimit\u0103\u021bii la votul cu majoritate calificat\u0103. Rom\u00e2nia se num\u0103r\u0103 printre \u021b\u0103rile care sus\u021bin ini\u021biativa.<\/p>\n<p>Austria, Belgia, Germania, Danemarca, Spania, Luxemburg, \u021a\u0103rile de Jos, Rom\u00e2nia, Finlanda, Fran\u021ba \u0219i Suedia au transmis o scrisoare \u00cenaltului Reprezentant al UE pentru Afaceri Externe, Kaja Kallas, \u00een care cer ca blocajele provocate de veto s\u0103 fie dep\u0103\u0219ite mai u\u0219or.<\/p>\n<p>Potrivit documentului, consultat de Euronews, cele 11 state sus\u021bin c\u0103 \u201eobstruc\u021bionarea prin veto\u201d a paralizat \u00een ultimii ani, \u00een mai multe r\u00e2nduri, politica extern\u0103 a Uniunii.<\/p>\n<p>Semnatarii precizeaz\u0103 c\u0103 vor continua s\u0103 urm\u0103reasc\u0103 ob\u021binerea consensului acolo unde este posibil, dar avertizeaz\u0103 c\u0103 aceast\u0103 cultur\u0103 a consensului nu trebuie s\u0103 \u00eempiedice capacitatea UE de a ac\u021biona.<\/p>\n<p>\u00cen prezent, deciziile importante de politic\u0103 extern\u0103 sunt adoptate, de regul\u0103, \u00een unanimitate. Asta \u00eenseamn\u0103 c\u0103 un singur stat membru poate bloca o decizie sus\u021binut\u0103 de celelalte 26 de \u021b\u0103ri.<\/p>\n<p>Subiectul a devenit unul sensibil \u00een ultimii ani, inclusiv pe fondul numeroaselor dispute cu Ungaria \u00een perioada \u00een care Viktor Orban s-a aflat la putere. Budapesta a folosit \u00een repetate r\u00e2nduri dreptul de veto sau amenin\u021barea cu veto pentru a bloca sau \u00eent\u00e2rzia decizii europene.<\/p>\n<p>Printre principalele direc\u021bii propuse de cele 11 state se num\u0103r\u0103 respectarea principiilor cooper\u0103rii loiale \u0219i solidarit\u0103\u021bii reciproce, recurgerea mai frecvent\u0103 la ab\u021binerea constructiv\u0103 \u00een locul veto-ului, evitarea condi\u021bion\u0103rii deciziilor de politic\u0103 extern\u0103 de alte dosare, precum \u0219i analizarea mecanismelor prev\u0103zute de tratatele UE pentru trecerea la votul cu majoritate calificat\u0103. De asemenea, statele cer ca eventualele blocaje \u00eempotriva unei astfel de tranzi\u021bii s\u0103 fie justificate prin motive temeinice.<\/p>\n<p>Semnatarii sus\u021bin c\u0103 baza juridic\u0103 pentru aceste mecanisme exist\u0103 deja \u0219i c\u0103 aplicarea lor depinde de voin\u021ba politic\u0103 a statelor membre.<\/p>\n<p>Ideea trecerii de la unanimitate la majoritate calificat\u0103 este discutat\u0103 de mai mult timp la Bruxelles \u0219i a revenit puternic \u00een aten\u021bie dup\u0103 declan\u0219area r\u0103zboiului Rusiei \u00eempotriva Ucrainei.<\/p>\n<p>Schimbarea nu ar trebui s\u0103 se produc\u0103 neap\u0103rat simultan \u00een toate domeniile politicii externe, ci ar putea fi introdus\u0103 treptat, pentru anumite tipuri de decizii.<\/p>\n<p>Sus\u021bin\u0103torii reformei spun c\u0103 aceasta ar accelera procesul decizional \u0219i ar preveni blocarea unor dosare majore de c\u0103tre un singur stat. Oponen\u021bii avertizeaz\u0103 \u00eens\u0103 c\u0103 eliminarea unanimit\u0103\u021bii ar putea afecta legitimitatea democratic\u0103 \u0219i ar diminua capacitatea statelor mai mici de a-\u0219i proteja interesele.<\/p>\n<p>Exist\u0103 \u00eens\u0103 \u0219i un obstacol major, noteaz\u0103 publica\u021bia. Pentru trecerea la votul cu majoritate calificat\u0103, statele UE trebuie, \u00een anumite cazuri, s\u0103 aprobe mai \u00eent\u00e2i schimbarea \u00een unanimitate. Asta \u00eenseamn\u0103 c\u0103 \u021b\u0103rile care se opun reformei ar putea bloca chiar mecanismul menit s\u0103 limiteze veto-ul.<\/p>\n<p><em><strong>surs\u0103: <a href=\"https:\/\/ziua.md\/11-state-ale-ue-cer-limitarea-dreptului-de-veto-in-politica-externa-romania-se-numara-printre-semnatare\/\">ziua.md<\/a><\/strong><\/em><\/p>\n<div class=\"tagcloud qt-spacer-m\"><span class=\"qt-title\">Tagged as <\/span><a href=\"https:\/\/radiogoldfm.ro\/tag\/drept-de-veto\/\" rel=\"tag\">drept de veto<\/a><a href=\"https:\/\/radiogoldfm.ro\/tag\/gold-fm\/\" rel=\"tag\">GOLD FM<\/a><a href=\"https:\/\/radiogoldfm.ro\/tag\/romania\/\" rel=\"tag\">romania<\/a><a href=\"https:\/\/radiogoldfm.ro\/tag\/ue\/\" rel=\"tag\">UE<\/a><a href=\"https:\/\/radiogoldfm.ro\/tag\/uniunea-europeana\/\" rel=\"tag\">uniunea europeana<\/a><\/div>\n<div class=\"qt-post-author qt-card\">\n<div class=\"row\">\n<div class=\"qt-post-author-data col s10 m7 l7\">\n<h6>Profil<\/h6>\n<h4><a href=\"https:\/\/radiogoldfm.ro\/11-state-ale-ue-cer-limitarea-dreptului-de-veto-in-politica-externa-romania-se-numara-printre-semnatare\/#author_page\">Gold FM Radio<\/a><\/h4>\n<\/div>\n<div class=\"qt-post-author-link col s12 m3 l4 \"><a href=\"https:\/\/radiogoldfm.ro\/author\/gold-fm\/\" class=\"qt-btn qt-btn-large qt-btn-primary aligncenter\">Arhiva postari<\/a><\/div>\n<\/div>\n<\/div>\n<\/div>\n<p>[analyse_source url=&#8221;https:\/\/radiogoldfm.ro\/11-state-ale-ue-cer-limitarea-dreptului-de-veto-in-politica-externa-romania-se-numara-printre-semnatare\/&#8221;]<\/p>\n","protected":false},"excerpt":{"rendered":"<p>[analyse_image type=&#8221;featured&#8221; src=&#8221;https:\/\/radiogoldfm.ro\/wp-content\/uploads\/2026\/09\/Consiliul_UE_290425-768&#215;432-1.jpghttps:\/\/radiogoldfm.ro\/wp-content\/uploads\/2026\/09\/Consiliul_UE_290425-768&#215;432-1.jpg&#8221;] Un grup de 11 state membre ale Uniunii Europene cere reducerea utiliz\u0103rii dreptului de veto \u00een politica extern\u0103 \u0219i trecerea, \u00een anumite situa\u021bii, de la regula unanimit\u0103\u021bii la votul cu majoritate calificat\u0103. Rom\u00e2nia se num\u0103r\u0103 printre \u021b\u0103rile care sus\u021bin ini\u021biativa. Austria, Belgia, Germania, Danemarca, Spania, Luxemburg, \u021a\u0103rile de Jos, Rom\u00e2nia, Finlanda, Fran\u021ba [&hellip;]<\/p>\n","protected":false},"author":1,"featured_media":0,"comment_status":"open","ping_status":"","sticky":false,"template":"","format":"standard","meta":{"footnotes":""},"categories":[89],"tags":[226,96],"class_list":["post-2125843","post","type-post","status-publish","format-standard","hentry","category-romania","tag-crawlmanager","tag-radiogoldfm-ro"],"_links":{"self":[{"href":"https:\/\/analyse.optim.biz\/index.php?rest_route=\/wp\/v2\/posts\/2125843","targetHints":{"allow":["GET"]}}],"collection":[{"href":"https:\/\/analyse.optim.biz\/index.php?rest_route=\/wp\/v2\/posts"}],"about":[{"href":"https:\/\/analyse.optim.biz\/index.php?rest_route=\/wp\/v2\/types\/post"}],"author":[{"embeddable":true,"href":"https:\/\/analyse.optim.biz\/index.php?rest_route=\/wp\/v2\/users\/1"}],"replies":[{"embeddable":true,"href":"https:\/\/analyse.optim.biz\/index.php?rest_route=%2Fwp%2Fv2%2Fcomments&post=2125843"}],"version-history":[{"count":0,"href":"https:\/\/analyse.optim.biz\/index.php?rest_route=\/wp\/v2\/posts\/2125843\/revisions"}],"wp:attachment":[{"href":"https:\/\/analyse.optim.biz\/index.php?rest_route=%2Fwp%2Fv2%2Fmedia&parent=2125843"}],"wp:term":[{"taxonomy":"category","embeddable":true,"href":"https:\/\/analyse.optim.biz\/index.php?rest_route=%2Fwp%2Fv2%2Fcategories&post=2125843"},{"taxonomy":"post_tag","embeddable":true,"href":"https:\/\/analyse.optim.biz\/index.php?rest_route=%2Fwp%2Fv2%2Ftags&post=2125843"}],"curies":[{"name":"wp","href":"https:\/\/api.w.org\/{rel}","templated":true}]}}