{"id":2125842,"date":"2026-09-01T16:25:00","date_gmt":"2026-09-01T13:25:00","guid":{"rendered":"https:\/\/analyse.optim.biz\/?p=2125842"},"modified":"2026-09-01T16:25:00","modified_gmt":"2026-09-01T13:25:00","slug":"franta-fiica-lui-brigitte-macron-intr-o-relatie-oficiala-cu-un-student-cu-20-de-ani-mai-tanar","status":"publish","type":"post","link":"https:\/\/analyse.optim.biz\/?p=2125842","title":{"rendered":"Fran\u021ba: Fiica lui Brigitte Macron \u00eentr-o\u00a0rela\u021bie oficial\u0103 cu un student cu 20 de ani mai t\u00e2n\u0103r"},"content":{"rendered":"<p>[analyse_image type=&#8221;featured&#8221; src=&#8221;https:\/\/radiogoldfm.ro\/wp-content\/uploads\/2026\/09\/franta-fiica-lui-brigitte-macron-e-intr-o-relatie-oficiala-cu-un-student-cu-20-de-ani-mai-tanar-84377.jpghttps:\/\/radiogoldfm.ro\/wp-content\/uploads\/2026\/09\/franta-fiica-lui-brigitte-macron-e-intr-o-relatie-oficiala-cu-un-student-cu-20-de-ani-mai-tanar-84377.jpg&#8221;]<\/p>\n<div class=\"qt-the-content\">\n<p><strong>Tiphaine Auzi\u00e8re, fiica cea mic\u0103 a Primei Doamne a Fran\u021bei, Brigitte Macron, a st\u00e2rnit\u00a0aten\u021bia presei interna\u021bionale dup\u0103 ce \u0219i-a oficializat rela\u021bia cu un student de 22 de ani. La 42 de ani, avocata francez\u0103 pare s\u0103 calce pe urmele mamei sale, ignor\u00e2nd conven\u021biile sociale \u0219i diferen\u021bele de v\u00e2rst\u0103. Povestea lor de dragoste, \u00eenceput\u0103 pe plajele din nordul Fran\u021bei \u0219i confirmat\u0103 recent printr-o vacan\u021b\u0103 la Amsterdam, readuce \u00een prim-plan un subiect extrem de dezb\u0103tut \u00een societatea francez\u0103: libertatea de a iubire dincolo de privirile celor din jur, scrie<a href=\"https:\/\/madame.lefigaro.fr\/celebrites\/actu-people\/tiphaine-auziere-officialise-son-histoire-d-amour-avec-un-etudiant-en-ecole-de-commerce-de-20-ans-son-cadet-20260831\" target=\"_blank\" rel=\"noreferrer noopener\">\u00a0Le Figaro<\/a><\/strong><\/p>\n<p>Cea mai mic\u0103 fiic\u0103 a lui Brigitte Macron a distribuit pe contul ei de Instagram un videoclip din vacan\u021ba sa \u00een \u021a\u0103rile de Jos. Ea s-a bucurat de aceast\u0103 sejur al\u0103turi de noul ei partener, un anume Antoine Lecomte.<\/p>\n<p>Tiphaine Auzi\u00e8re a petrecut o vacan\u021b\u0103 sub semnul iubirii. Fiica cea mic\u0103 a lui Brigitte Macron tocmai a dezv\u0103luit pe Instagram un videoclip care rezum\u0103 sejurul s\u0103u la Amsterdam. \u00cens\u0103 nu a plecat singur\u0103. Dup\u0103 cum se poate vedea \u00een imagini, femeia de 42 de ani a fost \u00eenso\u021bit\u0103 de un anume Antoine Lecomte, care pare s\u0103 fie noul ei iubit. Pentru a ajunge \u00een \u021a\u0103rile de Jos, cei doi au c\u0103l\u0103torit la bordul unei rulote (van amenajat). Apoi s-au cazat la Amsterdam, la Faralda Hotel, un loc insolit amenajat \u00eentr-o fost\u0103 macara portuar\u0103 de 50 de metri \u00een\u0103l\u021bime, \u00een inima \u0219antierului naval NDSM. \u00cen videoclip, cei doi \u00eendr\u0103gosti\u021bi alterneaz\u0103 plimb\u0103rile prin ora\u0219 cu vizitarea unor expozi\u021bii. \u201e48h in dam with Madam\u201d, a scris t\u00e2n\u0103rul \u00een descrierea post\u0103rii.<\/p>\n<p>Conform publica\u021biei\u00a0<em>Gala<\/em>, avocata \u00een v\u00e2rst\u0103 de 42 de ani s-ar fi desp\u0103r\u021bit de Cyril Hanouna \u00een luna mai. Ea l-ar fi cunoscut pe Antoine Lecomte \u00een timpul vacan\u021bei sale la Le Touquet. T\u00e2n\u0103rul de 22 de ani, originar din Lille, profit\u0103 regulat de aceast\u0103 regiune din nordul Fran\u021bei pentru a practica un sport de care este pasionat: kitesurfingul. Pe contul s\u0103u de Instagram, el nu ezit\u0103 s\u0103 le arate urm\u0103ritorilor imagini \u0219i videoclipuri cu performan\u021bele sale sportive. Instructor de kitesurf \u0219i atlet, Antoine Lecomte este totodat\u0103 student la \u0219coala de afaceri Neoma Business School \u0219i fondator al Mission Kiteboarding, un brand francez de echipamente pentru kitesurf. De altfel, Tiphaine Auzi\u00e8re pare s\u0103 fi profitat de aceast\u0103 \u00eent\u00e2lnire pentru a lua c\u00e2teva lec\u021bii cu noul ei partener, a\u0219a cum o demonstreaz\u0103 o fotografie publicat\u0103 pe contul ei de Instagram.<\/p>\n<p><strong>\u201eO eviden\u021b\u0103\u201d<\/strong><\/p>\n<p>\u00cenainte ca Tiphaine Auzi\u00e8re s\u0103 \u00ee\u0219i oficializeze rela\u021bia pe Instagram, revista\u00a0<em>Gala<\/em>\u00a0fusese cea care dezv\u0103luise informa\u021bia, pe 19 august. \u201e\u00centre ei a fost o eviden\u021b\u0103 de la bun \u00eenceput\u201d, a declarat un apropiat pentru revist\u0103. \u201eAu multe lucruri \u00een comun: dragostea pentru Le Touquet \u0219i senza\u021bii tari, dar \u0219i pentru c\u0103l\u0103torii \u0219i antreprenoriat.\u201d Ambi\u021biile t\u00e2n\u0103rului pare s\u0103 \u00eei fi pl\u0103cut rapid celei care conduce propriul cabinet,\u00a0<em>Challenges Avocat<\/em>. \u201e\u00ce\u0219i ofer\u0103 sfaturi reciproc \u0219i \u00ee\u0219i imagineaz\u0103 proiecte \u00een doi pe plan profesional. Tiphaine \u00eel va \u00eenso\u021bi cur\u00e2nd pe Antoine \u00een Asia, unde el \u00ee\u0219i dezvolt\u0103 afacerea \u0219i unde a ie\u0219it pe locul al treilea la o competi\u021bie de kitesurf \u00een 2025\u201d, a mai ad\u0103ugat aceea\u0219i surs\u0103 pentru\u00a0<em>Gala<\/em>.<\/p>\n<p>De\u0219i diferen\u021ba de v\u00e2rst\u0103 dintre ei \u2013 20 de ani \u2013 risc\u0103 s\u0103 st\u00e2rne\u0219te multe discu\u021bii, cuplul nu pare s\u0103 fie afectat. \u201eAntoine este un aventurier care nu se teme de nimic, \u00een timp ce Tiphaine seam\u0103n\u0103 foarte mult cu mama ei\u201d, a afirmat un apropiat. \u201eLa fel ca Brigitte, ea \u00ee\u0219i ascult\u0103 doar inima \u0219i nu \u00eei pas\u0103 de gura lumii. Doar p\u0103rerea familiei este important\u0103 pentru ea.\u201d Astfel, cei doi nu s-au temut s\u0103 \u00ee\u0219i fac\u0103 public\u0103 povestea de dragoste.<\/p>\n<p><strong><em>surs\u0103: <a href=\"https:\/\/madame.lefigaro.fr\/celebrites\/actu-people\/tiphaine-auziere-officialise-son-histoire-d-amour-avec-un-etudiant-en-ecole-de-commerce-de-20-ans-son-cadet-20260831\" target=\"_blank\" rel=\"noreferrer noopener\">Le Figaro<\/a><\/em><\/strong><\/p>\n<div class=\"tagcloud qt-spacer-m\"><span class=\"qt-title\">Tagged as <\/span><a href=\"https:\/\/radiogoldfm.ro\/tag\/franta\/\" rel=\"tag\">franta<\/a><a href=\"https:\/\/radiogoldfm.ro\/tag\/gold-fm\/\" rel=\"tag\">GOLD FM<\/a><a href=\"https:\/\/radiogoldfm.ro\/tag\/romania\/\" rel=\"tag\">romania<\/a><\/div>\n<div class=\"qt-post-author qt-card\">\n<div class=\"row\">\n<div class=\"qt-post-author-data col s10 m7 l7\">\n<h6>Profil<\/h6>\n<h4><a href=\"https:\/\/radiogoldfm.ro\/franta-fiica-lui-brigitte-macron-intr-o-relatie-oficiala-cu-un-student-cu-20-de-ani-mai-tanar\/#author_page\">Gold FM Radio<\/a><\/h4>\n<\/div>\n<div class=\"qt-post-author-link col s12 m3 l4 \"><a href=\"https:\/\/radiogoldfm.ro\/author\/gold-fm\/\" class=\"qt-btn qt-btn-large qt-btn-primary aligncenter\">Arhiva postari<\/a><\/div>\n<\/div>\n<\/div>\n<\/div>\n<p>[analyse_source url=&#8221;https:\/\/radiogoldfm.ro\/franta-fiica-lui-brigitte-macron-intr-o-relatie-oficiala-cu-un-student-cu-20-de-ani-mai-tanar\/&#8221;]<\/p>\n","protected":false},"excerpt":{"rendered":"<p>[analyse_image type=&#8221;featured&#8221; src=&#8221;https:\/\/radiogoldfm.ro\/wp-content\/uploads\/2026\/09\/franta-fiica-lui-brigitte-macron-e-intr-o-relatie-oficiala-cu-un-student-cu-20-de-ani-mai-tanar-84377.jpghttps:\/\/radiogoldfm.ro\/wp-content\/uploads\/2026\/09\/franta-fiica-lui-brigitte-macron-e-intr-o-relatie-oficiala-cu-un-student-cu-20-de-ani-mai-tanar-84377.jpg&#8221;] Tiphaine Auzi\u00e8re, fiica cea mic\u0103 a Primei Doamne a Fran\u021bei, Brigitte Macron, a st\u00e2rnit\u00a0aten\u021bia presei interna\u021bionale dup\u0103 ce \u0219i-a oficializat rela\u021bia cu un student de 22 de ani. La 42 de ani, avocata francez\u0103 pare s\u0103 calce pe urmele mamei sale, ignor\u00e2nd conven\u021biile sociale \u0219i diferen\u021bele de v\u00e2rst\u0103. Povestea lor de dragoste, [&hellip;]<\/p>\n","protected":false},"author":1,"featured_media":0,"comment_status":"open","ping_status":"","sticky":false,"template":"","format":"standard","meta":{"footnotes":""},"categories":[89],"tags":[226,96],"class_list":["post-2125842","post","type-post","status-publish","format-standard","hentry","category-romania","tag-crawlmanager","tag-radiogoldfm-ro"],"_links":{"self":[{"href":"https:\/\/analyse.optim.biz\/index.php?rest_route=\/wp\/v2\/posts\/2125842","targetHints":{"allow":["GET"]}}],"collection":[{"href":"https:\/\/analyse.optim.biz\/index.php?rest_route=\/wp\/v2\/posts"}],"about":[{"href":"https:\/\/analyse.optim.biz\/index.php?rest_route=\/wp\/v2\/types\/post"}],"author":[{"embeddable":true,"href":"https:\/\/analyse.optim.biz\/index.php?rest_route=\/wp\/v2\/users\/1"}],"replies":[{"embeddable":true,"href":"https:\/\/analyse.optim.biz\/index.php?rest_route=%2Fwp%2Fv2%2Fcomments&post=2125842"}],"version-history":[{"count":0,"href":"https:\/\/analyse.optim.biz\/index.php?rest_route=\/wp\/v2\/posts\/2125842\/revisions"}],"wp:attachment":[{"href":"https:\/\/analyse.optim.biz\/index.php?rest_route=%2Fwp%2Fv2%2Fmedia&parent=2125842"}],"wp:term":[{"taxonomy":"category","embeddable":true,"href":"https:\/\/analyse.optim.biz\/index.php?rest_route=%2Fwp%2Fv2%2Fcategories&post=2125842"},{"taxonomy":"post_tag","embeddable":true,"href":"https:\/\/analyse.optim.biz\/index.php?rest_route=%2Fwp%2Fv2%2Ftags&post=2125842"}],"curies":[{"name":"wp","href":"https:\/\/api.w.org\/{rel}","templated":true}]}}