{"id":2125840,"date":"2026-09-01T14:55:00","date_gmt":"2026-09-01T11:55:00","guid":{"rendered":"https:\/\/analyse.optim.biz\/?p=2125840"},"modified":"2026-09-01T14:55:00","modified_gmt":"2026-09-01T11:55:00","slug":"germania-propune-un-plan-ue-pentru-a-ocoli-dreptul-de-veto-al-statelor-membre","status":"publish","type":"post","link":"https:\/\/analyse.optim.biz\/?p=2125840","title":{"rendered":"Germania propune un plan UE pentru a ocoli dreptul de veto al statelor membre"},"content":{"rendered":"<p>[analyse_image type=&#8221;featured&#8221; src=&#8221;https:\/\/radiogoldfm.ro\/wp-content\/uploads\/2026\/09\/germania-propune-un-plan-ue-pentru-a-ocoli-dreptul-de-veto-al-statelor-membre-84378.jpghttps:\/\/radiogoldfm.ro\/wp-content\/uploads\/2026\/09\/germania-propune-un-plan-ue-pentru-a-ocoli-dreptul-de-veto-al-statelor-membre-84378.jpg&#8221;]<\/p>\n<div class=\"qt-the-content\">\n<p><strong>Un grup de state membre ale Uniunii Europene, condus de Germania, propune o reform\u0103 strategic\u0103 a procesului de luare a deciziilor de politic\u0103 extern\u0103 la Bruxelles, menit\u0103 s\u0103 previn\u0103 blocajele cauzate de veto-ul unei singure \u021b\u0103ri. Planul adresat \u0219efei diploma\u021biei europene, Kaja Kallas, \u00eendeamn\u0103 guvernele s\u0103 recurg\u0103 mai degrab\u0103 la ab\u021bineri constructive \u0219i la votul cu majoritate calificat\u0103, limit\u00e2nd totodat\u0103 posibilitatea de a invoca motive de politic\u0103 na\u021bional\u0103 pentru a bloca ini\u021biativele comune, scrie\u00a0<a href=\"https:\/\/www.euractiv.com\/news\/germans-pitch-eu-plan-to-circumvent-national-vetoes\/\" target=\"_blank\" rel=\"noreferrer noopener\">Euractiv<\/a><\/strong><\/p>\n<p>Odat\u0103 cu dispari\u021bia veto-ului lui Viktor Orb\u00e1n, un grup de \u021b\u0103ri din UE a propus un plan pentru a preveni pe viitor blocarea deciziilor de la Bruxelles de c\u0103tre o singur\u0103 \u021bar\u0103.<\/p>\n<p>Germania conduce demersul pentru o utilizare mai larg\u0103 a ab\u021binerilor \u0219i o interpretare mai creativ\u0103 a tratatelor UE, potrivit unei ciorne a scrisorii adresate Kajei Kallas, consultat\u0103 de Euractiv.<\/p>\n<p>Berlinul pledeaz\u0103 de mult timp pentru abolirea principiului prin care toate deciziile de politic\u0103 extern\u0103, cum ar fi sanc\u021biunile \u00eempotriva Rusiei, trebuie adoptate \u00een unanimitate de toate cele 27 de state. Acest lucru le irit\u0103 pe \u021b\u0103rile mai mici, care v\u0103d \u00een unanimitate o posibil\u0103 colac de salvare.<\/p>\n<p>\u201eTrebuie s\u0103 ne asigur\u0103m, de asemenea, c\u0103 aceast\u0103 cultur\u0103 a consensului stimuleaz\u0103 ac\u021biunea comun\u0103, \u00een loc s\u0103 o \u00eempiedice, altfel vom avea legitimitate, dar nu vom avea for\u021b\u0103\u201d, se arat\u0103 \u00een scrisoarea german\u0103, sus\u021binut\u0103 \u0219i de Olanda, Luxemburg \u0219i Fran\u021ba.<\/p>\n<p>Scrisoarea, care urmeaz\u0103 s\u0103 fie trimis\u0103 Kajei Kallas \u00eenaintea reuniunii mini\u0219trilor de externe de miercuri, de la Wicklow, propune o utilizare mai frecvent\u0103 a ab\u021binerilor constructive, a procedurilor existente cu majoritate calificat\u0103 \u0219i limite mai stricte pentru guvernele care invoc\u0103 obiec\u021bii legate de politica na\u021bional\u0103.<\/p>\n<p>Apelurile de a solicita doar o majoritate calificat\u0103 pentru adoptarea deciziilor de politic\u0103 extern\u0103 au luat amploare pe m\u0103sur\u0103 ce guvernele UE se confrunt\u0103 cu un mediu geopolitic tot mai instabil, al\u0103turi de un num\u0103r tot mai mare de cazuri \u00een care \u021b\u0103ri individuale s-au folosit de dreptul de veto pentru a bloca sau \u00eent\u00e2rzia deciziile UE.<\/p>\n<p>S\u0103pt\u0103m\u00e2na trecut\u0103, Slovenia a \u00eempiedicat UE s\u0103 emit\u0103 o declara\u021bie comun\u0103 prin care se critica decizia guvernului israelian de a diviza Cisiordania prin construirea de colonii \u00een zona E1, a\u0219a cum este definit\u0103 de dreptul interna\u021bional.<\/p>\n<p>Ungaria, sub conducerea lui Orb\u00e1n, \u0219i-a folosit \u00een repetate r\u00e2nduri p\u00e2rghiile asupra deciziilor UE pentru a ob\u021bine concesii, inclusiv garan\u021bii privind oleoductul Drujba. Sub P\u00e9ter Magyar, Budapesta a blocat, de asemenea, progresele Ucrainei \u00een procesul de extindere.<\/p>\n<p>Acolo unde se aplic\u0103 votul cu majoritate calificat\u0103 (QMV) pentru o decizie de politic\u0103 extern\u0103, \u021b\u0103rile recunosc c\u0103 guvernele se pot opune din \u201emotive vitale \u0219i explicite de politic\u0103 na\u021bional\u0103\u201d, dar cer ca aceste obiec\u021bii s\u0103 fie clar justificate.<\/p>\n<p>\u021a\u0103rile ar trebui s\u0103 evite s\u0103 condi\u021bioneze chestiuni \u201ef\u0103r\u0103 o leg\u0103tur\u0103 substan\u021bial\u0103 \u00eentre ele\u201d, se men\u021bioneaz\u0103 \u00een scrisoare, \u0219i ar trebui s\u0103 \u00ee\u0219i exprime \u00eengrijor\u0103rile suficient de devreme pentru a permite timp pentru consult\u0103ri \u0219i compromis.<\/p>\n<p><em><strong>surs\u0103: <a href=\"https:\/\/www.euractiv.com\/news\/germans-pitch-eu-plan-to-circumvent-national-vetoes\/\" target=\"_blank\" rel=\"noreferrer noopener\">Euractiv<\/a><\/strong><\/em><\/p>\n<div class=\"tagcloud qt-spacer-m\"><span class=\"qt-title\">Tagged as <\/span><a href=\"https:\/\/radiogoldfm.ro\/tag\/europa\/\" rel=\"tag\">europa<\/a><a href=\"https:\/\/radiogoldfm.ro\/tag\/germania\/\" rel=\"tag\">Germania<\/a><a href=\"https:\/\/radiogoldfm.ro\/tag\/gold-fm\/\" rel=\"tag\">GOLD FM<\/a><a href=\"https:\/\/radiogoldfm.ro\/tag\/romania\/\" rel=\"tag\">romania<\/a><\/div>\n<div class=\"qt-post-author qt-card\">\n<div class=\"row\">\n<div class=\"qt-post-author-data col s10 m7 l7\">\n<h6>Profil<\/h6>\n<h4><a href=\"https:\/\/radiogoldfm.ro\/germania-propune-un-plan-ue-pentru-a-ocoli-dreptul-de-veto-al-statelor-membre\/#author_page\">Gold FM Radio<\/a><\/h4>\n<\/div>\n<div class=\"qt-post-author-link col s12 m3 l4 \"><a href=\"https:\/\/radiogoldfm.ro\/author\/gold-fm\/\" class=\"qt-btn qt-btn-large qt-btn-primary aligncenter\">Arhiva postari<\/a><\/div>\n<\/div>\n<\/div>\n<\/div>\n<p>[analyse_source url=&#8221;https:\/\/radiogoldfm.ro\/germania-propune-un-plan-ue-pentru-a-ocoli-dreptul-de-veto-al-statelor-membre\/&#8221;]<\/p>\n","protected":false},"excerpt":{"rendered":"<p>[analyse_image type=&#8221;featured&#8221; src=&#8221;https:\/\/radiogoldfm.ro\/wp-content\/uploads\/2026\/09\/germania-propune-un-plan-ue-pentru-a-ocoli-dreptul-de-veto-al-statelor-membre-84378.jpghttps:\/\/radiogoldfm.ro\/wp-content\/uploads\/2026\/09\/germania-propune-un-plan-ue-pentru-a-ocoli-dreptul-de-veto-al-statelor-membre-84378.jpg&#8221;] Un grup de state membre ale Uniunii Europene, condus de Germania, propune o reform\u0103 strategic\u0103 a procesului de luare a deciziilor de politic\u0103 extern\u0103 la Bruxelles, menit\u0103 s\u0103 previn\u0103 blocajele cauzate de veto-ul unei singure \u021b\u0103ri. Planul adresat \u0219efei diploma\u021biei europene, Kaja Kallas, \u00eendeamn\u0103 guvernele s\u0103 recurg\u0103 mai degrab\u0103 la ab\u021bineri constructive [&hellip;]<\/p>\n","protected":false},"author":1,"featured_media":0,"comment_status":"open","ping_status":"","sticky":false,"template":"","format":"standard","meta":{"footnotes":""},"categories":[89],"tags":[226,96],"class_list":["post-2125840","post","type-post","status-publish","format-standard","hentry","category-romania","tag-crawlmanager","tag-radiogoldfm-ro"],"_links":{"self":[{"href":"https:\/\/analyse.optim.biz\/index.php?rest_route=\/wp\/v2\/posts\/2125840","targetHints":{"allow":["GET"]}}],"collection":[{"href":"https:\/\/analyse.optim.biz\/index.php?rest_route=\/wp\/v2\/posts"}],"about":[{"href":"https:\/\/analyse.optim.biz\/index.php?rest_route=\/wp\/v2\/types\/post"}],"author":[{"embeddable":true,"href":"https:\/\/analyse.optim.biz\/index.php?rest_route=\/wp\/v2\/users\/1"}],"replies":[{"embeddable":true,"href":"https:\/\/analyse.optim.biz\/index.php?rest_route=%2Fwp%2Fv2%2Fcomments&post=2125840"}],"version-history":[{"count":0,"href":"https:\/\/analyse.optim.biz\/index.php?rest_route=\/wp\/v2\/posts\/2125840\/revisions"}],"wp:attachment":[{"href":"https:\/\/analyse.optim.biz\/index.php?rest_route=%2Fwp%2Fv2%2Fmedia&parent=2125840"}],"wp:term":[{"taxonomy":"category","embeddable":true,"href":"https:\/\/analyse.optim.biz\/index.php?rest_route=%2Fwp%2Fv2%2Fcategories&post=2125840"},{"taxonomy":"post_tag","embeddable":true,"href":"https:\/\/analyse.optim.biz\/index.php?rest_route=%2Fwp%2Fv2%2Ftags&post=2125840"}],"curies":[{"name":"wp","href":"https:\/\/api.w.org\/{rel}","templated":true}]}}