{"id":2125839,"date":"2026-09-01T13:55:00","date_gmt":"2026-09-01T10:55:00","guid":{"rendered":"https:\/\/analyse.optim.biz\/?p=2125839"},"modified":"2026-09-01T13:55:00","modified_gmt":"2026-09-01T10:55:00","slug":"ucraina-majoreaza-cu-inca-20-salariile-cadrelor-didactice-dupa-cresterea-de-30-de-la-inceputul-anului","status":"publish","type":"post","link":"https:\/\/analyse.optim.biz\/?p=2125839","title":{"rendered":"Ucraina majoreaz\u0103 cu \u00eenc\u0103 20% salariile cadrelor didactice, dup\u0103 cre\u0219terea de 30% de la \u00eenceputul anului"},"content":{"rendered":"<p>[analyse_image type=&#8221;featured&#8221; src=&#8221;https:\/\/radiogoldfm.ro\/wp-content\/uploads\/2026\/09\/profesori_scoala_310826-768&#215;513-1.jpghttps:\/\/radiogoldfm.ro\/wp-content\/uploads\/2026\/09\/profesori_scoala_310826-768&#215;513-1.jpg&#8221;]<\/p>\n<div class=\"qt-the-content\">\n<p>Salariile angaja\u021bilor din sistemul educa\u021bional din Ucraina vor cre\u0219te cu \u00eenc\u0103 20% \u00eencep\u00e2nd cu 1 septembrie 2026. Majorarea vine dup\u0103 o cre\u0219tere de 30% aplicat\u0103 la \u00eenceputul acestui an,\u00a0<a href=\"https:\/\/t.me\/Koretskyi_official\/367\">a anun\u021bat<\/a>\u00a0premierul ucrainean Serghei Kore\u021bki.<\/p>\n<p>Potrivit \u0219efului Guvernului de la Kiev, vor fi majorate cu 20% salariile de baz\u0103 ale angaja\u021bilor din \u00eenv\u0103\u021b\u0103m\u00e2nt \u0219i din sistemul universitar, \u00een func\u021bie de care sunt calculate majoritatea sporurilor \u0219i indemniza\u021biilor.<\/p>\n<p>\u00cen paralel, autorit\u0103\u021bile ucrainene modific\u0103 sistemul de remunerare din educa\u021bie. De la 1 septembrie, Ucraina renun\u021b\u0103 la grila tarifar\u0103 unic\u0103 \u0219i trece la un mecanism \u00een care salariul de baz\u0103 va depinde de func\u021bia ocupat\u0103 \u0219i de o valoare de referin\u021b\u0103. \u00cen prezent, aceasta este stabilit\u0103 \u00een raport cu salariul mediu din economia ucrainean\u0103.<\/p>\n<p>Noul sistem va fi aplicat \u00een \u0219coli, institu\u021bii de \u00eenv\u0103\u021b\u0103m\u00e2nt superior, centre de resurse pentru educa\u021bia incluziv\u0103 \u0219i institu\u021biile de \u00eenv\u0103\u021b\u0103m\u00e2nt de stat.<\/p>\n<p>\u00cen cazul gr\u0103dini\u021belor, institu\u021biilor extra\u0219colare, \u0219colilor profesionale \u0219i institu\u021biilor de \u00eenv\u0103\u021b\u0103m\u00e2nt profesional preuniversitar, autorit\u0103\u021bilor locale li se recomand\u0103 s\u0103 aplice, de asemenea, majorarea salariilor cu 20% de la 1 septembrie 2026.<\/p>\n<p>Totodat\u0103, va fi men\u021binut sporul de 2.600 de grivne pentru profesorii care predau cu prezen\u021b\u0103 fizic\u0103 \u00een zonele din apropierea frontului.<\/p>\n<p>O m\u0103sur\u0103 suplimentar\u0103 \u00eei vizeaz\u0103 pe profesorii din colegiile care preg\u0103tesc speciali\u0219ti pentru industria de ap\u0103rare, sectorul energetic, construc\u021bia de ma\u0219ini \u0219i prelucrarea metalelor. Ace\u0219tia vor beneficia de un spor suplimentar de 10% din salariul de baz\u0103.<\/p>\n<p><em><strong>surs\u0103: ziua.md<\/strong><\/em><\/p>\n<div class=\"tagcloud qt-spacer-m\"><span class=\"qt-title\">Tagged as <\/span><a href=\"https:\/\/radiogoldfm.ro\/tag\/gold-fm\/\" rel=\"tag\">GOLD FM<\/a><a href=\"https:\/\/radiogoldfm.ro\/tag\/profesori\/\" rel=\"tag\">profesori<\/a><a href=\"https:\/\/radiogoldfm.ro\/tag\/romania\/\" rel=\"tag\">romania<\/a><a href=\"https:\/\/radiogoldfm.ro\/tag\/salarii\/\" rel=\"tag\">salarii<\/a><a href=\"https:\/\/radiogoldfm.ro\/tag\/salariu\/\" rel=\"tag\">salariu<\/a><a href=\"https:\/\/radiogoldfm.ro\/tag\/ucraina\/\" rel=\"tag\">ucraina<\/a><\/div>\n<div class=\"qt-post-author qt-card\">\n<div class=\"row\">\n<div class=\"qt-post-author-data col s10 m7 l7\">\n<h6>Profil<\/h6>\n<h4><a href=\"https:\/\/radiogoldfm.ro\/ucraina-majoreaza-cu-inca-20-salariile-cadrelor-didactice-dupa-cresterea-de-30-de-la-inceputul-anului\/#author_page\">Gold FM Radio<\/a><\/h4>\n<\/div>\n<div class=\"qt-post-author-link col s12 m3 l4 \"><a href=\"https:\/\/radiogoldfm.ro\/author\/gold-fm\/\" class=\"qt-btn qt-btn-large qt-btn-primary aligncenter\">Arhiva postari<\/a><\/div>\n<\/div>\n<\/div>\n<\/div>\n<p>[analyse_source url=&#8221;https:\/\/radiogoldfm.ro\/ucraina-majoreaza-cu-inca-20-salariile-cadrelor-didactice-dupa-cresterea-de-30-de-la-inceputul-anului\/&#8221;]<\/p>\n","protected":false},"excerpt":{"rendered":"<p>[analyse_image type=&#8221;featured&#8221; src=&#8221;https:\/\/radiogoldfm.ro\/wp-content\/uploads\/2026\/09\/profesori_scoala_310826-768&#215;513-1.jpghttps:\/\/radiogoldfm.ro\/wp-content\/uploads\/2026\/09\/profesori_scoala_310826-768&#215;513-1.jpg&#8221;] Salariile angaja\u021bilor din sistemul educa\u021bional din Ucraina vor cre\u0219te cu \u00eenc\u0103 20% \u00eencep\u00e2nd cu 1 septembrie 2026. Majorarea vine dup\u0103 o cre\u0219tere de 30% aplicat\u0103 la \u00eenceputul acestui an,\u00a0a anun\u021bat\u00a0premierul ucrainean Serghei Kore\u021bki. Potrivit \u0219efului Guvernului de la Kiev, vor fi majorate cu 20% salariile de baz\u0103 ale angaja\u021bilor din \u00eenv\u0103\u021b\u0103m\u00e2nt \u0219i [&hellip;]<\/p>\n","protected":false},"author":1,"featured_media":0,"comment_status":"open","ping_status":"","sticky":false,"template":"","format":"standard","meta":{"footnotes":""},"categories":[89],"tags":[226,96],"class_list":["post-2125839","post","type-post","status-publish","format-standard","hentry","category-romania","tag-crawlmanager","tag-radiogoldfm-ro"],"_links":{"self":[{"href":"https:\/\/analyse.optim.biz\/index.php?rest_route=\/wp\/v2\/posts\/2125839","targetHints":{"allow":["GET"]}}],"collection":[{"href":"https:\/\/analyse.optim.biz\/index.php?rest_route=\/wp\/v2\/posts"}],"about":[{"href":"https:\/\/analyse.optim.biz\/index.php?rest_route=\/wp\/v2\/types\/post"}],"author":[{"embeddable":true,"href":"https:\/\/analyse.optim.biz\/index.php?rest_route=\/wp\/v2\/users\/1"}],"replies":[{"embeddable":true,"href":"https:\/\/analyse.optim.biz\/index.php?rest_route=%2Fwp%2Fv2%2Fcomments&post=2125839"}],"version-history":[{"count":0,"href":"https:\/\/analyse.optim.biz\/index.php?rest_route=\/wp\/v2\/posts\/2125839\/revisions"}],"wp:attachment":[{"href":"https:\/\/analyse.optim.biz\/index.php?rest_route=%2Fwp%2Fv2%2Fmedia&parent=2125839"}],"wp:term":[{"taxonomy":"category","embeddable":true,"href":"https:\/\/analyse.optim.biz\/index.php?rest_route=%2Fwp%2Fv2%2Fcategories&post=2125839"},{"taxonomy":"post_tag","embeddable":true,"href":"https:\/\/analyse.optim.biz\/index.php?rest_route=%2Fwp%2Fv2%2Ftags&post=2125839"}],"curies":[{"name":"wp","href":"https:\/\/api.w.org\/{rel}","templated":true}]}}