{"id":2125835,"date":"2026-09-03T05:18:23","date_gmt":"2026-09-03T02:18:23","guid":{"rendered":"https:\/\/analyse.optim.biz\/?p=2125835"},"modified":"2026-09-03T05:18:23","modified_gmt":"2026-09-03T02:18:23","slug":"mohammad-murad-actiune-extraordinara-invita-la-mare-pe-cheltuiala-sa-3000-de-pensionari-pentru-5-zile","status":"publish","type":"post","link":"https:\/\/analyse.optim.biz\/?p=2125835","title":{"rendered":"Mohammad Murad, ac\u021biune extraordinar\u0103! Invit\u0103 la mare pe cheltuiala sa 3000 de pensionari pentru 5 zile"},"content":{"rendered":"<p>[analyse_image type=&#8221;featured&#8221; src=&#8221;https:\/\/solidnews.ro\/wp-content\/uploads\/2026\/09\/Screenshot-2026-09-03-002227.png&#8221;]<\/p>\n<div class=\"td_block_wrap tdb_single_content tdi_120 td-pb-border-top td_block_template_1 td-post-content tagdiv-type\" data-td-block-uid=\"tdi_120\">\n<div class=\"tdb-block-inner td-fix-index\">\n<p>Am avut \u00eentotdeauna un respect profund pentru oamenii \u00een v\u00e2rst\u0103. Orice cuv\u00e2nt venit din partea lor l-am privit ca pe o lumin\u0103 care ne poate ajuta \u00een via\u021b\u0103. Sunt oamenii c\u0103rora le dator\u0103m, \u00eentr-un fel sau altul, ceea ce suntem ast\u0103zi.<\/p>\n<p>Pentru mine a fost \u00eentotdeauna o mare bucurie s\u0103 pot \u00eentoarce p\u0103rin\u021bilor mei m\u0103car o parte din ceea ce ei mi-au oferit.<\/p>\n<p>Exist\u0103 un g\u00e2nd care mi-a r\u0103mas \u00een suflet:<\/p>\n<p>\u201ePoate c\u0103 p\u0103rin\u021bii t\u0103i nu \u021bi-au oferit tot ce \u021bi-ai fi dorit, dar fii convins c\u0103 \u021bi-au oferit tot ce au putut.\u201d<\/p>\n<p>De aceea, da\u021bi-mi voie s\u0103 fac un gest pentru p\u0103rin\u021bii \u0219i bunicii no\u0219tri.<\/p>\n<p>Pun la dispozi\u021bie 3.000 de locuri de cazare pe litoralul rom\u00e2nesc pentru pensionarii cu pensii de p\u00e2n\u0103 la 3.000 de lei.<\/p>\n<p>\u00cei invit s\u0103 petreac\u0103 5 zile gratuit la mare, cu cazare \u0219i 3 mese pe zi incluse.<\/p>\n<p>Vreau ca pentru 5 zile s\u0103 lase grijile acas\u0103 \u0219i s\u0103 se bucure de mare, de lini\u0219te \u0219i de respectul pe care \u00eel merit\u0103 dup\u0103 o via\u021b\u0103 de munc\u0103.<\/p>\n<p>\u0218i trebuie s\u0103 v\u0103 m\u0103rturisesc ceva.<\/p>\n<p>Ideea aceasta nu este a mea. Este a mamei mele.<\/p>\n<p>Poate c\u0103 \u0219i la aceast\u0103 v\u00e2rst\u0103 mama continu\u0103 s\u0103 m\u0103 \u00eenve\u021be cea mai important\u0103 lec\u021bie: s\u0103 nu uit niciodat\u0103 de ceilal\u021bi.<\/p>\n<p>Te iubesc, mama!<\/p>\n<p>Pentru detalii suplimentare \u0219i rezerv\u0103ri apela\u021bi la numerele de telefon: 0341 994 si 0737 532 553, \u00eencep\u00e2nd de M\u00c2INE, 3 septembrie 2026.<\/p>\n<blockquote class=\"instagram-media\" data-instgrm-captioned data-instgrm-permalink=\"https:\/\/www.instagram.com\/p\/DcygLRNM5zJ\/?utm_source=ig_embed&amp;utm_campaign=loading\" data-instgrm-version=\"14\">\n<div>\n<p>\u00a0<\/p>\n<div>\n<div>View this post on Instagram<\/div>\n<\/div>\n<p>\u00a0<\/p>\n<p><a href=\"https:\/\/www.instagram.com\/p\/DcygLRNM5zJ\/?utm_source=ig_embed&amp;utm_campaign=loading\" target=\"_blank\" rel=\"noopener\">A post shared by Mohammad Murad (@mohammad_murad_ph)<\/a><\/p>\n<\/div>\n<\/blockquote>\n<script async src=\"https:\/\/www.instagram.com\/embed.js\"><\/script><\/div>\n<\/div>\n<div class=\"td_block_wrap tdb_single_content tdi_120 td-pb-border-top td_block_template_1 td-post-content tagdiv-type\" data-td-block-uid=\"tdi_120\">\n<div class=\"tdb-block-inner td-fix-index\">\n<p>Am avut \u00eentotdeauna un respect profund pentru oamenii \u00een v\u00e2rst\u0103. Orice cuv\u00e2nt venit din partea lor l-am privit ca pe o lumin\u0103 care ne poate ajuta \u00een via\u021b\u0103. Sunt oamenii c\u0103rora le dator\u0103m, \u00eentr-un fel sau altul, ceea ce suntem ast\u0103zi.<\/p>\n<p>Pentru mine a fost \u00eentotdeauna o mare bucurie s\u0103 pot \u00eentoarce p\u0103rin\u021bilor mei m\u0103car o parte din ceea ce ei mi-au oferit.<\/p>\n<p>Exist\u0103 un g\u00e2nd care mi-a r\u0103mas \u00een suflet:<\/p>\n<p>\u201ePoate c\u0103 p\u0103rin\u021bii t\u0103i nu \u021bi-au oferit tot ce \u021bi-ai fi dorit, dar fii convins c\u0103 \u021bi-au oferit tot ce au putut.\u201d<\/p>\n<p>De aceea, da\u021bi-mi voie s\u0103 fac un gest pentru p\u0103rin\u021bii \u0219i bunicii no\u0219tri.<\/p>\n<p>Pun la dispozi\u021bie 3.000 de locuri de cazare pe litoralul rom\u00e2nesc pentru pensionarii cu pensii de p\u00e2n\u0103 la 3.000 de lei.<\/p>\n<p>\u00cei invit s\u0103 petreac\u0103 5 zile gratuit la mare, cu cazare \u0219i 3 mese pe zi incluse.<\/p>\n<p>Vreau ca pentru 5 zile s\u0103 lase grijile acas\u0103 \u0219i s\u0103 se bucure de mare, de lini\u0219te \u0219i de respectul pe care \u00eel merit\u0103 dup\u0103 o via\u021b\u0103 de munc\u0103.<\/p>\n<p>\u0218i trebuie s\u0103 v\u0103 m\u0103rturisesc ceva.<\/p>\n<p>Ideea aceasta nu este a mea. Este a mamei mele.<\/p>\n<p>Poate c\u0103 \u0219i la aceast\u0103 v\u00e2rst\u0103 mama continu\u0103 s\u0103 m\u0103 \u00eenve\u021be cea mai important\u0103 lec\u021bie: s\u0103 nu uit niciodat\u0103 de ceilal\u021bi.<\/p>\n<p>Te iubesc, mama!<\/p>\n<p>Pentru detalii suplimentare \u0219i rezerv\u0103ri apela\u021bi la numerele de telefon: 0341 994 si 0737 532 553, \u00eencep\u00e2nd de M\u00c2INE, 3 septembrie 2026.<\/p>\n<blockquote class=\"instagram-media\" data-instgrm-captioned data-instgrm-permalink=\"https:\/\/www.instagram.com\/p\/DcygLRNM5zJ\/?utm_source=ig_embed&amp;utm_campaign=loading\" data-instgrm-version=\"14\">\n<div>\n<p>\u00a0<\/p>\n<div>\n<div>View this post on Instagram<\/div>\n<\/div>\n<p>\u00a0<\/p>\n<p><a href=\"https:\/\/www.instagram.com\/p\/DcygLRNM5zJ\/?utm_source=ig_embed&amp;utm_campaign=loading\" target=\"_blank\" rel=\"noopener\">A post shared by Mohammad Murad (@mohammad_murad_ph)<\/a><\/p>\n<\/div>\n<\/blockquote>\n<script async src=\"https:\/\/www.instagram.com\/embed.js\"><\/script><\/div>\n<\/div>\n<p>[analyse_source url=&#8221;https:\/\/solidnews.ro\/mohammad-murad-actiune-extraordinara-invita-la-mare-pe-cheltuiala-sa-3000-de-pensionari-pentru-5-zile\/&#8221;]<\/p>\n","protected":false},"excerpt":{"rendered":"<p>[analyse_image type=&#8221;featured&#8221; src=&#8221;https:\/\/solidnews.ro\/wp-content\/uploads\/2026\/09\/Screenshot-2026-09-03-002227.png&#8221;] Am avut \u00eentotdeauna un respect profund pentru oamenii \u00een v\u00e2rst\u0103. Orice cuv\u00e2nt venit din partea lor l-am privit ca pe o lumin\u0103 care ne poate ajuta \u00een via\u021b\u0103. Sunt oamenii c\u0103rora le dator\u0103m, \u00eentr-un fel sau altul, ceea ce suntem ast\u0103zi. Pentru mine a fost \u00eentotdeauna o mare bucurie s\u0103 pot \u00eentoarce [&hellip;]<\/p>\n","protected":false},"author":1,"featured_media":0,"comment_status":"open","ping_status":"","sticky":false,"template":"","format":"standard","meta":{"footnotes":""},"categories":[89],"tags":[226,97],"class_list":["post-2125835","post","type-post","status-publish","format-standard","hentry","category-romania","tag-crawlmanager","tag-solidnews-ro"],"_links":{"self":[{"href":"https:\/\/analyse.optim.biz\/index.php?rest_route=\/wp\/v2\/posts\/2125835","targetHints":{"allow":["GET"]}}],"collection":[{"href":"https:\/\/analyse.optim.biz\/index.php?rest_route=\/wp\/v2\/posts"}],"about":[{"href":"https:\/\/analyse.optim.biz\/index.php?rest_route=\/wp\/v2\/types\/post"}],"author":[{"embeddable":true,"href":"https:\/\/analyse.optim.biz\/index.php?rest_route=\/wp\/v2\/users\/1"}],"replies":[{"embeddable":true,"href":"https:\/\/analyse.optim.biz\/index.php?rest_route=%2Fwp%2Fv2%2Fcomments&post=2125835"}],"version-history":[{"count":0,"href":"https:\/\/analyse.optim.biz\/index.php?rest_route=\/wp\/v2\/posts\/2125835\/revisions"}],"wp:attachment":[{"href":"https:\/\/analyse.optim.biz\/index.php?rest_route=%2Fwp%2Fv2%2Fmedia&parent=2125835"}],"wp:term":[{"taxonomy":"category","embeddable":true,"href":"https:\/\/analyse.optim.biz\/index.php?rest_route=%2Fwp%2Fv2%2Fcategories&post=2125835"},{"taxonomy":"post_tag","embeddable":true,"href":"https:\/\/analyse.optim.biz\/index.php?rest_route=%2Fwp%2Fv2%2Ftags&post=2125835"}],"curies":[{"name":"wp","href":"https:\/\/api.w.org\/{rel}","templated":true}]}}