{"id":2125818,"date":"2026-09-01T15:19:57","date_gmt":"2026-09-01T12:19:57","guid":{"rendered":"https:\/\/analyse.optim.biz\/?p=2125818"},"modified":"2026-09-01T15:19:57","modified_gmt":"2026-09-01T12:19:57","slug":"schimbare-la-varful-inspectoratului-scolar-buzau-o-noua-echipa-de-conducere-numita-de-ministerul-educatiei","status":"publish","type":"post","link":"https:\/\/analyse.optim.biz\/?p=2125818","title":{"rendered":"Schimbare la v\u00e2rful Inspectoratului \u0218colar Buz\u0103u. O nou\u0103 echip\u0103 de conducere, numit\u0103 de Ministerul Educa\u021biei"},"content":{"rendered":"<p>[analyse_image type=&#8221;featured&#8221; src=&#8221;https:\/\/stiridebuzau.ro\/wp-content\/uploads\/2026\/09\/trio-isj.jpg&#8221;]<\/p>\n<div class=\"elementor-element elementor-element-22c955c elementor-widget elementor-widget-theme-post-content\" data-id=\"22c955c\" data-element_type=\"widget\" data-widget_type=\"theme-post-content.default\">\n<div class=\"elementor-widget-container\">\n<p class=\"PDq2pG_selectionAnchorContainer\" data-start=\"114\" data-end=\"342\"><strong>Schimbare de conducere la Inspectoratul \u0218colar Jude\u021bean Buz\u0103u, chiar \u00eenainte de \u00eenceperea noului an \u0219colar. De la 1 septembrie, institu\u021bia are o nou\u0103 echip\u0103 de conducere, numit\u0103 prin ordin al ministrului Educa\u021biei \u0219i Cercet\u0103rii.<\/strong><\/p>\n<p data-start=\"344\" data-end=\"604\">Func\u021bia de inspector \u0219colar general este preluat\u0103 de <strong data-start=\"397\" data-end=\"422\">profesoara Gina Manea<\/strong>. \u00cen echipa de conducere intr\u0103 \u0219i <strong data-start=\"456\" data-end=\"495\">profesoara Felicia Elena Bo\u0219codeal\u0103<\/strong>, care va ocupa func\u021bia de inspector \u0219colar general adjunct \u0219i va coordona domeniul Management institu\u021bional.<\/p>\n<p data-start=\"606\" data-end=\"771\">Cel de-al doilea post de inspector \u0219colar general adjunct va fi ocupat de <strong data-start=\"680\" data-end=\"712\">profesoara Liliana \u0218erb\u0103nic\u0103<\/strong>, responsabil\u0103 de domeniul Curriculum \u0219i inspec\u021bie \u0219colar\u0103.<\/p>\n<p data-start=\"773\" data-end=\"1072\">Numirile sunt f\u0103cute prin deta\u0219are \u00een interesul \u00eenv\u0103\u021b\u0103m\u00e2ntului \u0219i sunt valabile p\u00e2n\u0103 la organizarea concursurilor de c\u0103tre Ministerul Educa\u021biei \u0219i Cercet\u0103rii, dar nu mai t\u00e2rziu de finalul anului \u0219colar 2026-2027. Persoanele numite \u00ee\u0219i p\u0103streaz\u0103, \u00een aceast\u0103 perioad\u0103, catedrele pe care sunt titulare.<\/p>\n<p data-start=\"1074\" data-end=\"1382\">Noua conducere \u00ee\u0219i \u00eencepe mandatul \u00eentr-o perioad\u0103 aglomerat\u0103, cu doar c\u00e2teva zile \u00eenainte de debutul anului \u0219colar. Potrivit Inspectoratului \u0218colar, una dintre priorit\u0103\u021bi este preg\u0103tirea \u00eenceperii cursurilor \u0219i asigurarea condi\u021biilor necesare pentru desf\u0103\u0219urarea procesului educa\u021bional \u00een \u0219colile din jude\u021b.<\/p>\n<p data-start=\"1384\" data-end=\"1577\" data-is-last-node data-is-only-node>Reprezentan\u021bii ISJ Buz\u0103u anun\u021b\u0103, totodat\u0103, c\u0103 vor continua colaborarea cu presa \u0219i comunitatea local\u0103 \u0219i promit o informare \u201ecorect\u0103, complet\u0103 \u0219i prompt\u0103\u201d cu privire la activitatea institu\u021biei.<\/p>\n<\/div>\n<\/div>\n<div class=\"elementor-element elementor-element-22c955c elementor-widget elementor-widget-theme-post-content\" data-id=\"22c955c\" data-element_type=\"widget\" data-widget_type=\"theme-post-content.default\">\n<div class=\"elementor-widget-container\">\n<p class=\"PDq2pG_selectionAnchorContainer\" data-start=\"114\" data-end=\"342\"><strong>Schimbare de conducere la Inspectoratul \u0218colar Jude\u021bean Buz\u0103u, chiar \u00eenainte de \u00eenceperea noului an \u0219colar. De la 1 septembrie, institu\u021bia are o nou\u0103 echip\u0103 de conducere, numit\u0103 prin ordin al ministrului Educa\u021biei \u0219i Cercet\u0103rii.<\/strong><\/p>\n<p data-start=\"344\" data-end=\"604\">Func\u021bia de inspector \u0219colar general este preluat\u0103 de <strong data-start=\"397\" data-end=\"422\">profesoara Gina Manea<\/strong>. \u00cen echipa de conducere intr\u0103 \u0219i <strong data-start=\"456\" data-end=\"495\">profesoara Felicia Elena Bo\u0219codeal\u0103<\/strong>, care va ocupa func\u021bia de inspector \u0219colar general adjunct \u0219i va coordona domeniul Management institu\u021bional.<\/p>\n<p data-start=\"606\" data-end=\"771\">Cel de-al doilea post de inspector \u0219colar general adjunct va fi ocupat de <strong data-start=\"680\" data-end=\"712\">profesoara Liliana \u0218erb\u0103nic\u0103<\/strong>, responsabil\u0103 de domeniul Curriculum \u0219i inspec\u021bie \u0219colar\u0103.<\/p>\n<p data-start=\"773\" data-end=\"1072\">Numirile sunt f\u0103cute prin deta\u0219are \u00een interesul \u00eenv\u0103\u021b\u0103m\u00e2ntului \u0219i sunt valabile p\u00e2n\u0103 la organizarea concursurilor de c\u0103tre Ministerul Educa\u021biei \u0219i Cercet\u0103rii, dar nu mai t\u00e2rziu de finalul anului \u0219colar 2026-2027. Persoanele numite \u00ee\u0219i p\u0103streaz\u0103, \u00een aceast\u0103 perioad\u0103, catedrele pe care sunt titulare.<\/p>\n<p data-start=\"1074\" data-end=\"1382\">Noua conducere \u00ee\u0219i \u00eencepe mandatul \u00eentr-o perioad\u0103 aglomerat\u0103, cu doar c\u00e2teva zile \u00eenainte de debutul anului \u0219colar. Potrivit Inspectoratului \u0218colar, una dintre priorit\u0103\u021bi este preg\u0103tirea \u00eenceperii cursurilor \u0219i asigurarea condi\u021biilor necesare pentru desf\u0103\u0219urarea procesului educa\u021bional \u00een \u0219colile din jude\u021b.<\/p>\n<p data-start=\"1384\" data-end=\"1577\" data-is-last-node data-is-only-node>Reprezentan\u021bii ISJ Buz\u0103u anun\u021b\u0103, totodat\u0103, c\u0103 vor continua colaborarea cu presa \u0219i comunitatea local\u0103 \u0219i promit o informare \u201ecorect\u0103, complet\u0103 \u0219i prompt\u0103\u201d cu privire la activitatea institu\u021biei.<\/p>\n<\/div>\n<\/div>\n<p>[analyse_source url=&#8221;https:\/\/stiridebuzau.ro\/schimbare-la-varful-inspectoratului-scolar-buzau-o-noua-echipa-de-conducere-numita-de-ministerul-educatiei\/&#8221;]<\/p>\n","protected":false},"excerpt":{"rendered":"<p>[analyse_image type=&#8221;featured&#8221; src=&#8221;https:\/\/stiridebuzau.ro\/wp-content\/uploads\/2026\/09\/trio-isj.jpg&#8221;] Schimbare de conducere la Inspectoratul \u0218colar Jude\u021bean Buz\u0103u, chiar \u00eenainte de \u00eenceperea noului an \u0219colar. De la 1 septembrie, institu\u021bia are o nou\u0103 echip\u0103 de conducere, numit\u0103 prin ordin al ministrului Educa\u021biei \u0219i Cercet\u0103rii. Func\u021bia de inspector \u0219colar general este preluat\u0103 de profesoara Gina Manea. \u00cen echipa de conducere intr\u0103 \u0219i profesoara [&hellip;]<\/p>\n","protected":false},"author":1,"featured_media":0,"comment_status":"open","ping_status":"","sticky":false,"template":"","format":"standard","meta":{"footnotes":""},"categories":[2],"tags":[226,117],"class_list":["post-2125818","post","type-post","status-publish","format-standard","hentry","category-politics","tag-crawlmanager","tag-stiridebuzau-ro"],"_links":{"self":[{"href":"https:\/\/analyse.optim.biz\/index.php?rest_route=\/wp\/v2\/posts\/2125818","targetHints":{"allow":["GET"]}}],"collection":[{"href":"https:\/\/analyse.optim.biz\/index.php?rest_route=\/wp\/v2\/posts"}],"about":[{"href":"https:\/\/analyse.optim.biz\/index.php?rest_route=\/wp\/v2\/types\/post"}],"author":[{"embeddable":true,"href":"https:\/\/analyse.optim.biz\/index.php?rest_route=\/wp\/v2\/users\/1"}],"replies":[{"embeddable":true,"href":"https:\/\/analyse.optim.biz\/index.php?rest_route=%2Fwp%2Fv2%2Fcomments&post=2125818"}],"version-history":[{"count":0,"href":"https:\/\/analyse.optim.biz\/index.php?rest_route=\/wp\/v2\/posts\/2125818\/revisions"}],"wp:attachment":[{"href":"https:\/\/analyse.optim.biz\/index.php?rest_route=%2Fwp%2Fv2%2Fmedia&parent=2125818"}],"wp:term":[{"taxonomy":"category","embeddable":true,"href":"https:\/\/analyse.optim.biz\/index.php?rest_route=%2Fwp%2Fv2%2Fcategories&post=2125818"},{"taxonomy":"post_tag","embeddable":true,"href":"https:\/\/analyse.optim.biz\/index.php?rest_route=%2Fwp%2Fv2%2Ftags&post=2125818"}],"curies":[{"name":"wp","href":"https:\/\/api.w.org\/{rel}","templated":true}]}}