{"id":2125813,"date":"2026-09-01T11:25:46","date_gmt":"2026-09-01T08:25:46","guid":{"rendered":"https:\/\/analyse.optim.biz\/?p=2125813"},"modified":"2026-09-01T11:25:46","modified_gmt":"2026-09-01T08:25:46","slug":"vertijul-simptomul-care-nu-trebuie-ignorat-ameteala-poate-ascunde-probleme-serioase","status":"publish","type":"post","link":"https:\/\/analyse.optim.biz\/?p=2125813","title":{"rendered":"Vertijul, simptomul care nu trebuie ignorat. Ame\u021beala poate ascunde probleme serioase"},"content":{"rendered":"<p>[analyse_image type=&#8221;featured&#8221; src=&#8221;https:\/\/stiridebuzau.ro\/wp-content\/uploads\/2026\/09\/WhatsApp-Image-2026-08-27-at-09.11.18.jpeg&#8221;]<\/p>\n<div class=\"elementor-element elementor-element-22c955c elementor-widget elementor-widget-theme-post-content\" data-id=\"22c955c\" data-element_type=\"widget\" data-widget_type=\"theme-post-content.default\">\n<div class=\"elementor-widget-container\">\n<p><strong>Senza\u021bia c\u0103 totul se \u00eenv\u00e2rte, pierderea echilibrului \u0219i st\u0103rile de grea\u021b\u0103 sunt simptome care \u00eei trimit tot mai des pe buzoieni la Unitatea de Primiri Urgen\u021be a Spitalului Jude\u021bean Buz\u0103u. Vertijul poate ap\u0103rea at\u00e2t la tineri, c\u00e2t \u0219i la persoanele \u00een v\u00e2rst\u0103 \u0219i, \u00een unele cazuri, poate ascunde o problem\u0103 de s\u0103n\u0103tate care necesit\u0103 investiga\u021bii.<\/strong><\/p>\n<p>Simona Vlad, medic specialist ORL \u00een cadrul Spitalului Jude\u021bean de Urgen\u021b\u0103 Buz\u0103u, atrage aten\u021bia c\u0103 vertijul nu este o boal\u0103 \u00een sine, ci un simptom care poate avea cauze diferite.<\/p>\n<p>Pentru identificarea cauzei, medicii recomand\u0103 un consult de specialitate, la ORL sau Neurologie. \u00cen func\u021bie de simptome, pot fi necesare teste vestibulare, audiogram\u0103 sau investiga\u021bii imagistice, precum RMN-ul ori CT-ul.<\/p>\n<p>Tratamentul este stabilit \u00een func\u021bie de cauza vertijului. Medicii recomand\u0103 respectarea tratamentului prescris, hidratare corespunz\u0103toare \u0219i un program suficient de somn. De asemenea, este indicat\u0103 limitarea alcoolului \u0219i a cafelei, precum \u0219i \u021binerea sub control a factorilor de risc cardiovascular.<\/p>\n<\/div>\n<\/div>\n<div class=\"elementor-element elementor-element-22c955c elementor-widget elementor-widget-theme-post-content\" data-id=\"22c955c\" data-element_type=\"widget\" data-widget_type=\"theme-post-content.default\">\n<div class=\"elementor-widget-container\">\n<p><strong>Senza\u021bia c\u0103 totul se \u00eenv\u00e2rte, pierderea echilibrului \u0219i st\u0103rile de grea\u021b\u0103 sunt simptome care \u00eei trimit tot mai des pe buzoieni la Unitatea de Primiri Urgen\u021be a Spitalului Jude\u021bean Buz\u0103u. Vertijul poate ap\u0103rea at\u00e2t la tineri, c\u00e2t \u0219i la persoanele \u00een v\u00e2rst\u0103 \u0219i, \u00een unele cazuri, poate ascunde o problem\u0103 de s\u0103n\u0103tate care necesit\u0103 investiga\u021bii.<\/strong><\/p>\n<p>Simona Vlad, medic specialist ORL \u00een cadrul Spitalului Jude\u021bean de Urgen\u021b\u0103 Buz\u0103u, atrage aten\u021bia c\u0103 vertijul nu este o boal\u0103 \u00een sine, ci un simptom care poate avea cauze diferite.<\/p>\n<p>Pentru identificarea cauzei, medicii recomand\u0103 un consult de specialitate, la ORL sau Neurologie. \u00cen func\u021bie de simptome, pot fi necesare teste vestibulare, audiogram\u0103 sau investiga\u021bii imagistice, precum RMN-ul ori CT-ul.<\/p>\n<p>Tratamentul este stabilit \u00een func\u021bie de cauza vertijului. Medicii recomand\u0103 respectarea tratamentului prescris, hidratare corespunz\u0103toare \u0219i un program suficient de somn. De asemenea, este indicat\u0103 limitarea alcoolului \u0219i a cafelei, precum \u0219i \u021binerea sub control a factorilor de risc cardiovascular.<\/p>\n<\/div>\n<\/div>\n<p>[analyse_source url=&#8221;https:\/\/stiridebuzau.ro\/vertijul-simptomul-care-nu-trebuie-ignorat-ameteala-poate-ascunde-probleme-serioase\/&#8221;]<\/p>\n","protected":false},"excerpt":{"rendered":"<p>[analyse_image type=&#8221;featured&#8221; src=&#8221;https:\/\/stiridebuzau.ro\/wp-content\/uploads\/2026\/09\/WhatsApp-Image-2026-08-27-at-09.11.18.jpeg&#8221;] Senza\u021bia c\u0103 totul se \u00eenv\u00e2rte, pierderea echilibrului \u0219i st\u0103rile de grea\u021b\u0103 sunt simptome care \u00eei trimit tot mai des pe buzoieni la Unitatea de Primiri Urgen\u021be a Spitalului Jude\u021bean Buz\u0103u. Vertijul poate ap\u0103rea at\u00e2t la tineri, c\u00e2t \u0219i la persoanele \u00een v\u00e2rst\u0103 \u0219i, \u00een unele cazuri, poate ascunde o problem\u0103 de s\u0103n\u0103tate [&hellip;]<\/p>\n","protected":false},"author":1,"featured_media":0,"comment_status":"open","ping_status":"","sticky":false,"template":"","format":"standard","meta":{"footnotes":""},"categories":[2],"tags":[226,117],"class_list":["post-2125813","post","type-post","status-publish","format-standard","hentry","category-politics","tag-crawlmanager","tag-stiridebuzau-ro"],"_links":{"self":[{"href":"https:\/\/analyse.optim.biz\/index.php?rest_route=\/wp\/v2\/posts\/2125813","targetHints":{"allow":["GET"]}}],"collection":[{"href":"https:\/\/analyse.optim.biz\/index.php?rest_route=\/wp\/v2\/posts"}],"about":[{"href":"https:\/\/analyse.optim.biz\/index.php?rest_route=\/wp\/v2\/types\/post"}],"author":[{"embeddable":true,"href":"https:\/\/analyse.optim.biz\/index.php?rest_route=\/wp\/v2\/users\/1"}],"replies":[{"embeddable":true,"href":"https:\/\/analyse.optim.biz\/index.php?rest_route=%2Fwp%2Fv2%2Fcomments&post=2125813"}],"version-history":[{"count":0,"href":"https:\/\/analyse.optim.biz\/index.php?rest_route=\/wp\/v2\/posts\/2125813\/revisions"}],"wp:attachment":[{"href":"https:\/\/analyse.optim.biz\/index.php?rest_route=%2Fwp%2Fv2%2Fmedia&parent=2125813"}],"wp:term":[{"taxonomy":"category","embeddable":true,"href":"https:\/\/analyse.optim.biz\/index.php?rest_route=%2Fwp%2Fv2%2Fcategories&post=2125813"},{"taxonomy":"post_tag","embeddable":true,"href":"https:\/\/analyse.optim.biz\/index.php?rest_route=%2Fwp%2Fv2%2Ftags&post=2125813"}],"curies":[{"name":"wp","href":"https:\/\/api.w.org\/{rel}","templated":true}]}}