{"id":2125804,"date":"2026-09-02T15:15:00","date_gmt":"2026-09-02T12:15:00","guid":{"rendered":"https:\/\/analyse.optim.biz\/?p=2125804"},"modified":"2026-09-02T15:15:00","modified_gmt":"2026-09-02T12:15:00","slug":"politistii-buzoieni-revin-in-scoli-un-nou-mini-poligon-rutier-va-fi-amenajat-in-parcul-tineretului","status":"publish","type":"post","link":"https:\/\/analyse.optim.biz\/?p=2125804","title":{"rendered":"Poli\u021bi\u0219tii buzoieni revin \u00een \u0219coli. Un nou mini-poligon rutier va fi amenajat \u00een Parcul Tineretului"},"content":{"rendered":"<p>[analyse_image type=&#8221;featured&#8221; src=&#8221;https:\/\/www.campusbuzau.ro\/wp-content\/uploads\/2026\/09\/mini-poligon-crang.jpghttps:\/\/www.campusbuzau.ro\/wp-content\/uploads\/2026\/09\/mini-poligon-crang.jpg&#8221;]<\/p>\n<div class=\"entry-content\">\n<p><strong><em><mark class=\"has-inline-color has-maincolor-color\">Odat\u0103 cu \u00eenceperea noului an \u0219colar, poli\u021bi\u0219tii buzoieni de la Serviciul Rutier, precum \u0219i cei de la Prevenire, anun\u021b\u0103 c\u0103 vor relua vizitele \u00een \u0219coli \u0219i gr\u0103dini\u021be. Prevenirea evenimentelor rutiere \u00een care sunt implica\u021bi copii \u0219i adolescen\u021bi r\u0103m\u00e2ne unul dintre principalele obiective ale conducerii Serviciului Rutier Buz\u0103u.<\/mark><\/em><\/strong><\/p>\n<p>\u00cen condi\u021biile \u00een care tot mai mul\u021bi copii utilizeaz\u0103 trotinete electrice, vehicule ce prezint\u0103 un risc major pentru posesorii acestora, \u00eent\u00e2lnirile poli\u021bi\u0219tilor cu elevii se vor axa, de acum \u00eenainte, \u0219i pe aceast\u0103 tem\u0103.<\/p>\n<p>\u00cen acela\u0219i context, poli\u021bi\u0219tii de la Serviciul Rutier Buz\u0103u au \u00een plan s\u0103 amenajeze un al doilea parc rutier dedicat copiilor, dup\u0103 modelul celui din Parcul Cr\u00e2ng, inaugurat \u00een 2014. De data aceasta, noul mini-poligon \u0219coal\u0103 va fi amenajat \u00een Parcul Tineretului din municipiu.<\/p>\n<p>Mini-poligonul rutier din Parcul Cr\u00e2ng, inaugurat \u00een urm\u0103 cu 12 ani, este un proiect \u00een premier\u0103 la nivel na\u021bional, bazat pe un parteneriat \u00eentre Inspectoratul de Poli\u021bie Jude\u021bean, Prim\u0103ria municipiului Buz\u0103u \u0219i Inspectoratul \u0218colar Jude\u021bean.<\/p>\n<figure class=\"wp-block-embed is-type-video is-provider-youtube wp-block-embed-youtube wp-embed-aspect-16-9 wp-has-aspect-ratio\">\n<div class=\"wp-block-embed__wrapper\">\n<iframe loading=\"lazy\" title=\"POLI\u0162I\u015eTII BUZOIENI REVIN IN \u015eCOLI\" width=\"500\" height=\"281\" src=\"https:\/\/www.youtube.com\/embed\/QBDn935rH20?feature=oembed\" frameborder allow=\"accelerometer; autoplay; clipboard-write; encrypted-media; gyroscope; picture-in-picture; web-share\" referrerpolicy=\"strict-origin-when-cross-origin\" allowfullscreen><\/iframe>\n<\/div>\n<\/figure>\n<\/div>\n<p>[analyse_source url=&#8221;https:\/\/www.campusbuzau.ro\/politistii-buzoieni-revin-in-scoli-un-nou-mini-poligon-rutier-va-fi-amenajat-in-parcul-tineretului\/&#8221;]<\/p>\n","protected":false},"excerpt":{"rendered":"<p>[analyse_image type=&#8221;featured&#8221; src=&#8221;https:\/\/www.campusbuzau.ro\/wp-content\/uploads\/2026\/09\/mini-poligon-crang.jpghttps:\/\/www.campusbuzau.ro\/wp-content\/uploads\/2026\/09\/mini-poligon-crang.jpg&#8221;] Odat\u0103 cu \u00eenceperea noului an \u0219colar, poli\u021bi\u0219tii buzoieni de la Serviciul Rutier, precum \u0219i cei de la Prevenire, anun\u021b\u0103 c\u0103 vor relua vizitele \u00een \u0219coli \u0219i gr\u0103dini\u021be. Prevenirea evenimentelor rutiere \u00een care sunt implica\u021bi copii \u0219i adolescen\u021bi r\u0103m\u00e2ne unul dintre principalele obiective ale conducerii Serviciului Rutier Buz\u0103u. \u00cen condi\u021biile \u00een care tot [&hellip;]<\/p>\n","protected":false},"author":1,"featured_media":0,"comment_status":"open","ping_status":"","sticky":false,"template":"","format":"standard","meta":{"footnotes":""},"categories":[2],"tags":[118,226],"class_list":["post-2125804","post","type-post","status-publish","format-standard","hentry","category-politics","tag-campusbuzau-ro","tag-crawlmanager"],"_links":{"self":[{"href":"https:\/\/analyse.optim.biz\/index.php?rest_route=\/wp\/v2\/posts\/2125804","targetHints":{"allow":["GET"]}}],"collection":[{"href":"https:\/\/analyse.optim.biz\/index.php?rest_route=\/wp\/v2\/posts"}],"about":[{"href":"https:\/\/analyse.optim.biz\/index.php?rest_route=\/wp\/v2\/types\/post"}],"author":[{"embeddable":true,"href":"https:\/\/analyse.optim.biz\/index.php?rest_route=\/wp\/v2\/users\/1"}],"replies":[{"embeddable":true,"href":"https:\/\/analyse.optim.biz\/index.php?rest_route=%2Fwp%2Fv2%2Fcomments&post=2125804"}],"version-history":[{"count":0,"href":"https:\/\/analyse.optim.biz\/index.php?rest_route=\/wp\/v2\/posts\/2125804\/revisions"}],"wp:attachment":[{"href":"https:\/\/analyse.optim.biz\/index.php?rest_route=%2Fwp%2Fv2%2Fmedia&parent=2125804"}],"wp:term":[{"taxonomy":"category","embeddable":true,"href":"https:\/\/analyse.optim.biz\/index.php?rest_route=%2Fwp%2Fv2%2Fcategories&post=2125804"},{"taxonomy":"post_tag","embeddable":true,"href":"https:\/\/analyse.optim.biz\/index.php?rest_route=%2Fwp%2Fv2%2Ftags&post=2125804"}],"curies":[{"name":"wp","href":"https:\/\/api.w.org\/{rel}","templated":true}]}}