{"id":2125799,"date":"2026-09-03T06:27:41","date_gmt":"2026-09-03T03:27:41","guid":{"rendered":"https:\/\/analyse.optim.biz\/?p=2125799"},"modified":"2026-09-03T06:27:41","modified_gmt":"2026-09-03T03:27:41","slug":"pericol-pentru-crescatorii-de-ovine-din-buzau-medicii-veterinari-au-o-noua-suspiciune-de-variola-judetul-inclus-in-zona-de-restrictii","status":"publish","type":"post","link":"https:\/\/analyse.optim.biz\/?p=2125799","title":{"rendered":"Pericol pentru cresc\u0103torii de ovine din Buz\u0103u! Medicii veterinari au o nou\u0103 suspiciune de variol\u0103. Jude\u021bul, inclus \u00een zona de restric\u021bii"},"content":{"rendered":"<p>[analyse_image type=&#8221;featured&#8221; src=&#8221;https:\/\/sansanews.ro\/wp-content\/uploads\/2026\/09\/594139.jpghttps:\/\/sansanews.ro\/wp-content\/uploads\/2026\/09\/594139.jpg&#8221;]<\/p>\n<div class=\"entry-content herald-entry-content\">\n<div class=\"herald-ad herald-ad-above-single\"><a href=\"https:\/\/buzau.21k.ro\/\"><img loading=\"lazy\" decoding=\"async\" src=\"https:\/\/sansanews.ro\/wp-content\/uploads\/2026\/08\/300x300-k21.gif\" alt width=\"300\" height=\"300\" class=\"aligncenter size-full wp-image-124436\"><\/a><\/div>\n<p>Buz\u0103ul a\u0219teapt\u0103 rezultatele analizelor de laborator care vor confirma sau infirma existen\u021ba unui nou focar de variol\u0103 ovin\u0103 \u0219i caprin\u0103. Potrivit surselor \u0218ansaNews, probele au fost recoltate de la animale din Luciu. Dac\u0103 rezultatele analizelor vor confirma prezen\u021ba virusului, acesta ar fi al doilea focar de variol\u0103 ovin\u0103 \u0219i caprin\u0103 din jude\u021bul Buz\u0103u, dup\u0103 cel de la Padina, confirmat \u00een aceast\u0103 var\u0103. \u00cen cazul focarului de la Padina au fost afectate aproximativ 1.600 de animale. Detalii <a href=\"https:\/\/sansanews.ro\/s-a-confirmat-focarul-de-variola-din-ferma-de-oi-si-capre-de-la-padina-masuri-restrictive-dure\/\">AICI.<\/a><\/p>\n<p>\u00centre timp, toate prim\u0103riile din jude\u021b au primit o informare<br \/>\nprin care au fost anun\u021bate c\u0103\u00a0Buz\u0103ul a fost inclus \u00een zona de restric\u021bii, \u201d\u00een<br \/>\ncontextul evolu\u021biei epidemiologice a variolei ovine \u0219i caprine \u0219i a pestei<br \/>\nmicilor rumeg\u0103toare la nivel national\u201d. O astfel de adres\u0103 a fost transmis\u0103 \u0219i<br \/>\nPrim\u0103riei Municipiului Buz\u0103u. Potrivit acestui document, m\u0103surile sunt<br \/>\ninstituite \u201epentru protejarea efectivelor de animale \u0219i prevenirea pagubelor<br \/>\neconomice\u201d.<\/p>\n<blockquote class=\"wp-block-quote\">\n<p>\u201dPrin Decizia de punere \u00een aplicare (UE) 2026\/1956 a Comisiei Europene, jude\u021bul Buz\u0103u este inclus \u00een zona de restric\u021bie (Anexa I \u2013 Lista B)\u201d, este scris \u00een adres\u0103.<\/p>\n<\/blockquote>\n<p>Restric\u021biile vizeaz\u0103 pe de o parte,\u00a0circula\u021bia ovinelor<br \/>\n\u0219i caprinelor de pe teritoriul Rom\u00e2niei c\u0103tre alte state membre ale Uniunii<br \/>\nEuropene sau c\u0103tre \u021b\u0103ri ter\u021be, aceast\u0103 mi\u0219care fiind strict interzis\u0103 p\u00e2n\u0103 la<br \/>\ndata de 31 decembrie 2026, iar pe de alt\u0103 parte m\u0103suri impuse \u00een perioada<br \/>\naugust-octombrie. Iat\u0103 ce con\u021bine adresa: <\/p>\n<ul>\n<li>Interdic\u021bie total\u0103 de export:\u00a0Este strict interzis\u0103 circula\u021bia ovinelor \u0219i caprinelor de pe teritoriul Rom\u00e2niei c\u0103tre alte state membre UE sau \u021b\u0103ri ter\u021be p\u00e2n\u0103 la data de\u00a031 decembrie 2026.<\/li>\n<\/ul>\n<ul>\n<li>Restric\u021bii zone severe (29.08.2026 \u2013 17.10.2026):\u00a0\u00cen aceast\u0103 perioad\u0103, se interzice mi\u0219carea animalelor \u0219i a produselor ob\u021binute de la acestea \u00een interiorul, dinspre \u0219i spre zona de restric\u021bie.\u00a0Excep\u021bie:\u00a0Se pot acorda derog\u0103ri exclusiv pentru transportul direct c\u0103tre abatoare autorizate \u00een vederea sacrific\u0103rii imediate \u0219i proces\u0103rii termice.<\/li>\n<\/ul>\n<ul>\n<li>Regim post-restric\u021bie (18.10.2026 \u2013 15.11.2026):\u00a0Dup\u0103 aceast\u0103 dat\u0103, jude\u021bul va trece \u00een Anexa II, fiind interzis\u0103 doar ie\u0219irea animalelor \u00een afara zonei de restric\u021bie, iar mi\u0219c\u0103rile interne \u00eentre exploata\u021bii \u0219i abatoare vor fi permise doar cu avizul DSVSA.<\/li>\n<\/ul>\n<p>Totodat\u0103, cresc\u0103torii trebuie s\u0103 respecte m\u0103surile de biosecuritate impuse \u00een exploata\u021bii, respectiv limitarea accesului persoanelor neautorizate \u0219i al vehiculelor str\u0103ine, dezinfec\u021bia corespunz\u0103toare la intrarea \u0219i ie\u0219irea din exploata\u021bii, precum \u0219i controlul strict al surselor de animale.<\/p>\n<p>Deocamdat\u0103, la Luciu este vorba despre o suspiciune, iar rezultatele analizelor sunt cele care vor l\u0103muri dac\u0103 jude\u021bul Buz\u0103u are sau nu un nou focar de variol\u0103 ovin\u0103 \u0219i caprin\u0103. P\u00e2n\u0103 \u00een prezent, \u00een Rom\u00e2nia au fost confirmate 13 focare de variol\u0103 la ovine \u00een jude\u021be precum Mure\u0219, Buz\u0103u, Ia\u0219i, Br\u0103ila.<\/p>\n<div class=\"meta-tags\"><span>Etichete<\/span><a href=\"https:\/\/sansanews.ro\/tag\/dsv-buzau\/\" rel=\"tag\">dsv buzau<\/a><a href=\"https:\/\/sansanews.ro\/tag\/suspiciune-focar-variola-ovine\/\" rel=\"tag\">suspiciune focar variola ovine<\/a><a href=\"https:\/\/sansanews.ro\/tag\/variola-la-ovine\/\" rel=\"tag\">variola la ovine<\/a><\/div>\n<div class=\"herald-share-content\">\n<div class=\"meks_ess rectangle no-labels outline\"><a class=\"meks_ess-item socicon-facebook\" data-url=\"http:\/\/www.facebook.com\/sharer\/sharer.php?u=https%3A%2F%2Fsansanews.ro%2Fpericol-pentru-crescatorii-de-ovine-din-buzau-medicii-veterinari-au-o-noua-suspiciune-de-variola-judetul-inclus-in-zona-de-restrictii%2F&amp;t=Pericol%20pentru%20cresc%C4%83torii%20de%20ovine%20din%20Buz%C4%83u%21%20Medicii%20veterinari%20au%20o%20nou%C4%83%20suspiciune%20de%20variol%C4%83.%20Jude%C8%9Bul%2C%20inclus%20%C3%AEn%20zona%20de%20restric%C8%9Bii\"><span>Facebook<\/span><\/a><a href=\"https:\/\/api.whatsapp.com\/send?text=Pericol%20pentru%20cresc%C4%83torii%20de%20ovine%20din%20Buz%C4%83u%21%20Medicii%20veterinari%20au%20o%20nou%C4%83%20suspiciune%20de%20variol%C4%83.%20Jude%C8%9Bul%2C%20inclus%20%C3%AEn%20zona%20de%20restric%C8%9Bii%20https%3A%2F%2Fsansanews.ro%2Fpericol-pentru-crescatorii-de-ovine-din-buzau-medicii-veterinari-au-o-noua-suspiciune-de-variola-judetul-inclus-in-zona-de-restrictii%2F\" class=\"meks_ess-item socicon-whatsapp prevent-share-popup\"><span>WhatsApp<\/span><\/a><a class=\"meks_ess-item socicon-twitter\" data-url=\"http:\/\/twitter.com\/intent\/tweet?url=https%3A%2F%2Fsansanews.ro%2Fpericol-pentru-crescatorii-de-ovine-din-buzau-medicii-veterinari-au-o-noua-suspiciune-de-variola-judetul-inclus-in-zona-de-restrictii%2F&amp;text=Pericol%20pentru%20cresc%C4%83torii%20de%20ovine%20din%20Buz%C4%83u%21%20Medicii%20veterinari%20au%20o%20nou%C4%83%20suspiciune%20de%20variol%C4%83.%20Jude%C8%9Bul%2C%20inclus%20%C3%AEn%20zona%20de%20restric%C8%9Bii\"><span>Twitter<\/span><\/a><a class=\"meks_ess-item socicon-pinterest\" data-url=\"http:\/\/pinterest.com\/pin\/create\/button\/?url=https%3A%2F%2Fsansanews.ro%2Fpericol-pentru-crescatorii-de-ovine-din-buzau-medicii-veterinari-au-o-noua-suspiciune-de-variola-judetul-inclus-in-zona-de-restrictii%2F&amp;media=https%3A%2F%2Fsansanews.ro%2Fwp-content%2Fuploads%2F2026%2F09%2F594139.jpg&amp;description=Pericol%20pentru%20cresc%C4%83torii%20de%20ovine%20din%20Buz%C4%83u%21%20Medicii%20veterinari%20au%20o%20nou%C4%83%20suspiciune%20de%20variol%C4%83.%20Jude%C8%9Bul%2C%20inclus%20%C3%AEn%20zona%20de%20restric%C8%9Bii\"><span>Pinterest<\/span><\/a><\/div>\n<\/div>\n<\/div>\n<div class=\"entry-content herald-entry-content\">\n<div class=\"herald-ad herald-ad-above-single\"><a href=\"https:\/\/buzau.21k.ro\/\"><img loading=\"lazy\" decoding=\"async\" src=\"https:\/\/sansanews.ro\/wp-content\/uploads\/2026\/08\/300x300-k21.gif\" alt width=\"300\" height=\"300\" class=\"aligncenter size-full wp-image-124436\"><\/a><\/div>\n<p>Buz\u0103ul a\u0219teapt\u0103 rezultatele analizelor de laborator care vor confirma sau infirma existen\u021ba unui nou focar de variol\u0103 ovin\u0103 \u0219i caprin\u0103. Potrivit surselor \u0218ansaNews, probele au fost recoltate de la animale din Luciu. Dac\u0103 rezultatele analizelor vor confirma prezen\u021ba virusului, acesta ar fi al doilea focar de variol\u0103 ovin\u0103 \u0219i caprin\u0103 din jude\u021bul Buz\u0103u, dup\u0103 cel de la Padina, confirmat \u00een aceast\u0103 var\u0103. \u00cen cazul focarului de la Padina au fost afectate aproximativ 1.600 de animale. Detalii <a href=\"https:\/\/sansanews.ro\/s-a-confirmat-focarul-de-variola-din-ferma-de-oi-si-capre-de-la-padina-masuri-restrictive-dure\/\">AICI.<\/a><\/p>\n<p>\u00centre timp, toate prim\u0103riile din jude\u021b au primit o informare<br \/>\nprin care au fost anun\u021bate c\u0103\u00a0Buz\u0103ul a fost inclus \u00een zona de restric\u021bii, \u201d\u00een<br \/>\ncontextul evolu\u021biei epidemiologice a variolei ovine \u0219i caprine \u0219i a pestei<br \/>\nmicilor rumeg\u0103toare la nivel national\u201d. O astfel de adres\u0103 a fost transmis\u0103 \u0219i<br \/>\nPrim\u0103riei Municipiului Buz\u0103u. Potrivit acestui document, m\u0103surile sunt<br \/>\ninstituite \u201epentru protejarea efectivelor de animale \u0219i prevenirea pagubelor<br \/>\neconomice\u201d.<\/p>\n<blockquote class=\"wp-block-quote\">\n<p>\u201dPrin Decizia de punere \u00een aplicare (UE) 2026\/1956 a Comisiei Europene, jude\u021bul Buz\u0103u este inclus \u00een zona de restric\u021bie (Anexa I \u2013 Lista B)\u201d, este scris \u00een adres\u0103.<\/p>\n<\/blockquote>\n<p>Restric\u021biile vizeaz\u0103 pe de o parte,\u00a0circula\u021bia ovinelor<br \/>\n\u0219i caprinelor de pe teritoriul Rom\u00e2niei c\u0103tre alte state membre ale Uniunii<br \/>\nEuropene sau c\u0103tre \u021b\u0103ri ter\u021be, aceast\u0103 mi\u0219care fiind strict interzis\u0103 p\u00e2n\u0103 la<br \/>\ndata de 31 decembrie 2026, iar pe de alt\u0103 parte m\u0103suri impuse \u00een perioada<br \/>\naugust-octombrie. Iat\u0103 ce con\u021bine adresa: <\/p>\n<ul>\n<li>Interdic\u021bie total\u0103 de export:\u00a0Este strict interzis\u0103 circula\u021bia ovinelor \u0219i caprinelor de pe teritoriul Rom\u00e2niei c\u0103tre alte state membre UE sau \u021b\u0103ri ter\u021be p\u00e2n\u0103 la data de\u00a031 decembrie 2026.<\/li>\n<\/ul>\n<ul>\n<li>Restric\u021bii zone severe (29.08.2026 \u2013 17.10.2026):\u00a0\u00cen aceast\u0103 perioad\u0103, se interzice mi\u0219carea animalelor \u0219i a produselor ob\u021binute de la acestea \u00een interiorul, dinspre \u0219i spre zona de restric\u021bie.\u00a0Excep\u021bie:\u00a0Se pot acorda derog\u0103ri exclusiv pentru transportul direct c\u0103tre abatoare autorizate \u00een vederea sacrific\u0103rii imediate \u0219i proces\u0103rii termice.<\/li>\n<\/ul>\n<ul>\n<li>Regim post-restric\u021bie (18.10.2026 \u2013 15.11.2026):\u00a0Dup\u0103 aceast\u0103 dat\u0103, jude\u021bul va trece \u00een Anexa II, fiind interzis\u0103 doar ie\u0219irea animalelor \u00een afara zonei de restric\u021bie, iar mi\u0219c\u0103rile interne \u00eentre exploata\u021bii \u0219i abatoare vor fi permise doar cu avizul DSVSA.<\/li>\n<\/ul>\n<p>Totodat\u0103, cresc\u0103torii trebuie s\u0103 respecte m\u0103surile de biosecuritate impuse \u00een exploata\u021bii, respectiv limitarea accesului persoanelor neautorizate \u0219i al vehiculelor str\u0103ine, dezinfec\u021bia corespunz\u0103toare la intrarea \u0219i ie\u0219irea din exploata\u021bii, precum \u0219i controlul strict al surselor de animale.<\/p>\n<p>Deocamdat\u0103, la Luciu este vorba despre o suspiciune, iar rezultatele analizelor sunt cele care vor l\u0103muri dac\u0103 jude\u021bul Buz\u0103u are sau nu un nou focar de variol\u0103 ovin\u0103 \u0219i caprin\u0103. P\u00e2n\u0103 \u00een prezent, \u00een Rom\u00e2nia au fost confirmate 13 focare de variol\u0103 la ovine \u00een jude\u021be precum Mure\u0219, Buz\u0103u, Ia\u0219i, Br\u0103ila.<\/p>\n<div class=\"meta-tags\"><span>Etichete<\/span><a href=\"https:\/\/sansanews.ro\/tag\/dsv-buzau\/\" rel=\"tag\">dsv buzau<\/a><a href=\"https:\/\/sansanews.ro\/tag\/suspiciune-focar-variola-ovine\/\" rel=\"tag\">suspiciune focar variola ovine<\/a><a href=\"https:\/\/sansanews.ro\/tag\/variola-la-ovine\/\" rel=\"tag\">variola la ovine<\/a><\/div>\n<div class=\"herald-share-content\">\n<div class=\"meks_ess rectangle no-labels outline\"><a class=\"meks_ess-item socicon-facebook\" data-url=\"http:\/\/www.facebook.com\/sharer\/sharer.php?u=https%3A%2F%2Fsansanews.ro%2Fpericol-pentru-crescatorii-de-ovine-din-buzau-medicii-veterinari-au-o-noua-suspiciune-de-variola-judetul-inclus-in-zona-de-restrictii%2F&amp;t=Pericol%20pentru%20cresc%C4%83torii%20de%20ovine%20din%20Buz%C4%83u%21%20Medicii%20veterinari%20au%20o%20nou%C4%83%20suspiciune%20de%20variol%C4%83.%20Jude%C8%9Bul%2C%20inclus%20%C3%AEn%20zona%20de%20restric%C8%9Bii\"><span>Facebook<\/span><\/a><a href=\"https:\/\/api.whatsapp.com\/send?text=Pericol%20pentru%20cresc%C4%83torii%20de%20ovine%20din%20Buz%C4%83u%21%20Medicii%20veterinari%20au%20o%20nou%C4%83%20suspiciune%20de%20variol%C4%83.%20Jude%C8%9Bul%2C%20inclus%20%C3%AEn%20zona%20de%20restric%C8%9Bii%20https%3A%2F%2Fsansanews.ro%2Fpericol-pentru-crescatorii-de-ovine-din-buzau-medicii-veterinari-au-o-noua-suspiciune-de-variola-judetul-inclus-in-zona-de-restrictii%2F\" class=\"meks_ess-item socicon-whatsapp prevent-share-popup\"><span>WhatsApp<\/span><\/a><a class=\"meks_ess-item socicon-twitter\" data-url=\"http:\/\/twitter.com\/intent\/tweet?url=https%3A%2F%2Fsansanews.ro%2Fpericol-pentru-crescatorii-de-ovine-din-buzau-medicii-veterinari-au-o-noua-suspiciune-de-variola-judetul-inclus-in-zona-de-restrictii%2F&amp;text=Pericol%20pentru%20cresc%C4%83torii%20de%20ovine%20din%20Buz%C4%83u%21%20Medicii%20veterinari%20au%20o%20nou%C4%83%20suspiciune%20de%20variol%C4%83.%20Jude%C8%9Bul%2C%20inclus%20%C3%AEn%20zona%20de%20restric%C8%9Bii\"><span>Twitter<\/span><\/a><a class=\"meks_ess-item socicon-pinterest\" data-url=\"http:\/\/pinterest.com\/pin\/create\/button\/?url=https%3A%2F%2Fsansanews.ro%2Fpericol-pentru-crescatorii-de-ovine-din-buzau-medicii-veterinari-au-o-noua-suspiciune-de-variola-judetul-inclus-in-zona-de-restrictii%2F&amp;media=https%3A%2F%2Fsansanews.ro%2Fwp-content%2Fuploads%2F2026%2F09%2F594139.jpg&amp;description=Pericol%20pentru%20cresc%C4%83torii%20de%20ovine%20din%20Buz%C4%83u%21%20Medicii%20veterinari%20au%20o%20nou%C4%83%20suspiciune%20de%20variol%C4%83.%20Jude%C8%9Bul%2C%20inclus%20%C3%AEn%20zona%20de%20restric%C8%9Bii\"><span>Pinterest<\/span><\/a><\/div>\n<\/div>\n<\/div>\n<p>[analyse_source url=&#8221;https:\/\/sansanews.ro\/pericol-pentru-crescatorii-de-ovine-din-buzau-medicii-veterinari-au-o-noua-suspiciune-de-variola-judetul-inclus-in-zona-de-restrictii\/&#8221;]<\/p>\n","protected":false},"excerpt":{"rendered":"<p>[analyse_image type=&#8221;featured&#8221; src=&#8221;https:\/\/sansanews.ro\/wp-content\/uploads\/2026\/09\/594139.jpghttps:\/\/sansanews.ro\/wp-content\/uploads\/2026\/09\/594139.jpg&#8221;] Buz\u0103ul a\u0219teapt\u0103 rezultatele analizelor de laborator care vor confirma sau infirma existen\u021ba unui nou focar de variol\u0103 ovin\u0103 \u0219i caprin\u0103. Potrivit surselor \u0218ansaNews, probele au fost recoltate de la animale din Luciu. Dac\u0103 rezultatele analizelor vor confirma prezen\u021ba virusului, acesta ar fi al doilea focar de variol\u0103 ovin\u0103 \u0219i caprin\u0103 din jude\u021bul [&hellip;]<\/p>\n","protected":false},"author":1,"featured_media":0,"comment_status":"open","ping_status":"","sticky":false,"template":"","format":"standard","meta":{"footnotes":""},"categories":[2],"tags":[226,51],"class_list":["post-2125799","post","type-post","status-publish","format-standard","hentry","category-politics","tag-crawlmanager","tag-sansanews-ro"],"_links":{"self":[{"href":"https:\/\/analyse.optim.biz\/index.php?rest_route=\/wp\/v2\/posts\/2125799","targetHints":{"allow":["GET"]}}],"collection":[{"href":"https:\/\/analyse.optim.biz\/index.php?rest_route=\/wp\/v2\/posts"}],"about":[{"href":"https:\/\/analyse.optim.biz\/index.php?rest_route=\/wp\/v2\/types\/post"}],"author":[{"embeddable":true,"href":"https:\/\/analyse.optim.biz\/index.php?rest_route=\/wp\/v2\/users\/1"}],"replies":[{"embeddable":true,"href":"https:\/\/analyse.optim.biz\/index.php?rest_route=%2Fwp%2Fv2%2Fcomments&post=2125799"}],"version-history":[{"count":0,"href":"https:\/\/analyse.optim.biz\/index.php?rest_route=\/wp\/v2\/posts\/2125799\/revisions"}],"wp:attachment":[{"href":"https:\/\/analyse.optim.biz\/index.php?rest_route=%2Fwp%2Fv2%2Fmedia&parent=2125799"}],"wp:term":[{"taxonomy":"category","embeddable":true,"href":"https:\/\/analyse.optim.biz\/index.php?rest_route=%2Fwp%2Fv2%2Fcategories&post=2125799"},{"taxonomy":"post_tag","embeddable":true,"href":"https:\/\/analyse.optim.biz\/index.php?rest_route=%2Fwp%2Fv2%2Ftags&post=2125799"}],"curies":[{"name":"wp","href":"https:\/\/api.w.org\/{rel}","templated":true}]}}