{"id":2125796,"date":"2026-09-02T18:36:25","date_gmt":"2026-09-02T15:36:25","guid":{"rendered":"https:\/\/analyse.optim.biz\/?p=2125796"},"modified":"2026-09-02T18:36:25","modified_gmt":"2026-09-02T15:36:25","slug":"memoriul-de-la-hasdeu-semnat-de-27-de-profesori-niciunul-nu-a-raspuns-intrebarilor-privind-acuzatiile-la","status":"publish","type":"post","link":"https:\/\/analyse.optim.biz\/?p=2125796","title":{"rendered":"Memoriul de la Hasdeu, semnat de 27 de profesori. Niciunul nu a r\u0103spuns \u00eentreb\u0103rilor privind acuza\u021biile la"},"content":{"rendered":"<p>[analyse_image type=&#8221;featured&#8221; src=&#8221;https:\/\/stiridinsursebuzau.ro\/wp-content\/uploads\/2026\/09\/Design-fara-titlu-1.png&#8221;]<\/p>\n<article class=\"page-content-single small single\">\n<div id=\"stiri-1031613877\" class=\"stiri-inainte-de-continut-14 stiri-entity-placement\"><a href=\"https:\/\/www.shoppingcitybuzau.ro\/\" aria-label=\"NEPI_Buzau_Card Colac_1274x158\"><img decoding=\"async\" loading=\"lazy\" src=\"https:\/\/stiridinsursebuzau.ro\/wp-content\/uploads\/2026\/08\/NEPI_Buzau_Card-Colac_1274x158.jpg\" alt width=\"1274\" height=\"158\"><\/a><\/div>\n<div id=\"stiri-1633792753\" class=\"stiri-inainte-de-continut-3 stiri-entity-placement\"><a href=\"https:\/\/buzau.21k.ro\/\" aria-label=\"900\u00d7200\"><img decoding=\"async\" loading=\"lazy\" src=\"https:\/\/stiridinsursebuzau.ro\/wp-content\/uploads\/2026\/07\/900x200.gif\" alt width=\"900\" height=\"200\"><\/a><\/div>\n<p class=\"wp-block-paragraph\"><strong>Memoriul transmis Inspectoratului \u0218colar Jude\u021bean Buz\u0103u prin care mai multe cadre didactice de la Colegiul Na\u021bional \u201eB. P. Hasdeu\u201d solicit\u0103 reanalizarea oportunit\u0103\u021bii numirii profesoarei Anca Florea \u00een func\u021bia de director adjunct poart\u0103 27 de semn\u0103turi, \u0219i nu 40, a\u0219a cum s-a vehiculat ini\u021bial \u00een spa\u021biul online. Informa\u021bia a fost confirmat\u0103 de reprezentan\u021bii ISJ Buz\u0103u. \u00cen acela\u0219i timp, niciunul dintre profesorii indica\u021bi drept semnatari nu a r\u0103spuns, p\u00e2n\u0103 la aceast\u0103 or\u0103, \u00eentreb\u0103rilor transmise pentru clarificarea acuza\u021biilor \u0219i a \u00eemprejur\u0103rilor \u00een care documentul a fost semnat.<\/strong><\/p>\n<p class=\"wp-block-paragraph\">Mioara S\u00eengeorzan, inspector pentru management institu\u021bional \u0219i asigurarea calit\u0103\u021bii \u00een cadrul Inspectoratului \u0218colar Jude\u021bean Buz\u0103u, a confirmat pentru <a href=\"https:\/\/liberinbuzau.ro\/memoriul-de-la-colegiul-hasdeu-fara-asumare-publica-din-partea-semnatarilor\/\" target=\"_blank\" rel=\"noopener\">liberinbuzau.ro<\/a> c\u0103 documentul ajuns la institu\u021bie este format din dou\u0103 pagini.<\/p>\n<p class=\"wp-block-paragraph\">Prima pagin\u0103 con\u021bine textul memoriului, iar cea de-a doua lista peten\u021bilor \u0219i semn\u0103turile acestora.<\/p>\n<figure class=\"wp-block-image size-large\"><img loading=\"lazy\" decoding=\"async\" width=\"745\" height=\"1024\" src=\"https:\/\/stiridinsursebuzau.ro\/wp-content\/uploads\/2026\/09\/DOCUMENT-hasdeu-745x1024.jpg\" alt class=\"wp-image-48678\"><\/figure>\n<p class=\"wp-block-paragraph\">La finalul documentului este indicat\u0103, pentru transmiterea r\u0103spunsului ISJ Buz\u0103u, adresa de e-mail a profesoarei Elena Viorica N\u0103st\u0103soiu, ceea ce o plaseaz\u0103 \u00een postura de persoan\u0103 de contact indicat\u0103 \u00een memoriu pentru coresponden\u021ba cu Inspectoratul.<\/p>\n<h2 class=\"wp-block-heading\">Ce reclam\u0103 profesorii \u00een memoriu<\/h2>\n<figure class=\"wp-block-image size-large\"><img decoding=\"async\" loading=\"lazy\" width=\"711\" height=\"1024\" src=\"https:\/\/stiridinsursebuzau.ro\/wp-content\/uploads\/2026\/09\/WhatsApp-Image-2026-09-02-at-21.32.53-711x1024.jpeg\" alt class=\"wp-image-48679\"><\/figure>\n<p class=\"wp-block-paragraph\">\u00cen document sunt invocate tensiuni \u0219i conflicte \u00een interiorul colectivului profesoral, precum \u0219i existen\u021ba unui climat organiza\u021bional despre care semnatarii sus\u021bin c\u0103 ar fi caracterizat de lips\u0103 de respect, colaborare \u0219i \u00eencredere.<\/p>\n<p class=\"wp-block-paragraph\">Autorii memoriului fac referire \u0219i la anumite post\u0103ri publicate pe re\u021belele de socializare \u0219i ridic\u0103 semne de \u00eentrebare inclusiv \u00een leg\u0103tur\u0103 cu examenul de admitere \u00een clasa a V-a.<\/p>\n<p class=\"wp-block-paragraph\">Aceste afirma\u021bii reprezint\u0103 pozi\u021bia semnatarilor memoriului \u0219i, \u00een lipsa unor constat\u0103ri oficiale sau a unor dovezi prezentate public, nu pot fi considerate prin ele \u00eensele fapte demonstrate.<\/p>\n<p class=\"wp-block-paragraph\">Cei 27 de profesori ale c\u0103ror nume apar pe lista transmis\u0103 Inspectoratului sunt:<\/p>\n<p class=\"wp-block-paragraph\"><strong>Martin Elena Liliana, N\u0103st\u0103soiu Elena, Tarara Gheorghe, Mocanu Madi, Preda Tudor Ana, Olteanu Cristina, Matiu Gabriela, Ioni\u021b\u0103 Gabriel, Raicu Viorica, Mih\u0103lcescu C\u0103t\u0103lin, Trifan Otilia, \u021a\u00eerlea Violeta, Amaric\u0103i Mihaela, \u021a\u00eerlea Marius, Fr\u0103\u021bil\u0103 Constantin, Iona\u0219cu Marian, Ursachi Sanda, Pascu Daniela, Ursache Cornel, Gaitanovici Viviana, M\u00e2ndru\u021b\u0103 T\u0103n\u0103sescu Virginia, Popescu Sebastian, Voicu Amalia, Petro\u0219el Andreea, Ghi\u021b\u0103 Lumini\u021ba, Trocaru Maria \u0219i Trocaru Dana.<\/strong><\/p>\n<h2 class=\"wp-block-heading\">27 de \u00eentreb\u0103ri transmise profesorilor. Niciun r\u0103spuns<\/h2>\n<p class=\"wp-block-paragraph\">Dup\u0103 apari\u021bia memoriului \u00een spa\u021biul public, profesorilor indica\u021bi drept semnatari le-au fost transmise, prin intermediul secretariatului Colegiului Na\u021bional \u201eB. P. Hasdeu\u201d, 27 de \u00eentreb\u0103ri.<\/p>\n<p class=\"wp-block-paragraph\">Clarific\u0103rile solicitate au vizat, printre altele, data \u0219i \u00eemprejur\u0103rile \u00een care documentul a fost semnat, cine le-a prezentat profesorilor memoriul, dac\u0103 ace\u0219tia l-au citit integral \u00eenainte de semnare \u0219i care sunt situa\u021biile concrete pe care \u00ee\u0219i bazeaz\u0103 acuza\u021biile.<\/p>\n<p class=\"wp-block-paragraph\">Profesorii au fost \u00eentreba\u021bi \u0219i dac\u0103 au verificat personal informa\u021biile din document, dac\u0103 au fost martori direc\u021bi ai situa\u021biilor reclamate ori dac\u0103 au avut anterior conflicte profesionale sau interese legate de ocuparea func\u021biei de director adjunct.<\/p>\n<p class=\"wp-block-paragraph\">Alte \u00eentreb\u0103ri au vizat traseul documentului dup\u0103 transmiterea c\u0103tre Inspectoratul \u0218colar Jude\u021bean \u0219i \u00eemprejur\u0103rile \u00een care acesta a ajuns \u00een pres\u0103 sau la persoane din afara institu\u021biei.<\/p>\n<p class=\"wp-block-paragraph\"><strong>P\u00e2n\u0103 la publicarea acestui articol, niciunul dintre cei 27 de profesori indica\u021bi drept semnatari nu a transmis un r\u0103spuns.<\/strong><\/p>\n<p class=\"wp-block-paragraph\">Lipsa unui r\u0103spuns nu dovede\u0219te c\u0103 afirma\u021biile din memoriu sunt false. \u00cen acela\u0219i timp, \u00eens\u0103, las\u0103 neclarificate elemente importante privind baza factual\u0103 a acuza\u021biilor, \u00eemprejur\u0103rile semn\u0103rii documentului \u0219i asumarea public\u0103 a con\u021binutului s\u0103u.<\/p>\n<h2 class=\"wp-block-heading\">Anca Florea a reac\u021bionat public<\/h2>\n<figure class=\"wp-block-image size-full\"><img decoding=\"async\" loading=\"lazy\" width=\"1024\" height=\"683\" src=\"https:\/\/stiridinsursebuzau.ro\/wp-content\/uploads\/2025\/05\/anca-florea.jpeg\" alt class=\"wp-image-44134\"><\/figure>\n<p class=\"wp-block-paragraph\">Dup\u0103 ce existen\u021ba memoriului a devenit public\u0103, profesoara <a href=\"https:\/\/stiridinsursebuzau.ro\/anca-florea-directoare-adjuncta-la-colegiul-hasdeu-din-buzau-nu-elevul-faulteaza-sistemul-ci-sistemul-permite-scurtcircuitari\/\">Anca Florea<\/a> a publicat pe pagina sa de Facebook o pozi\u021bie referitoare la situa\u021bia creat\u0103.<\/p>\n<p class=\"wp-block-paragraph\">Inspectoratul \u0218colar Jude\u021bean Buz\u0103u, institu\u021bia c\u0103reia \u00eei este adresat documentul \u0219i care urmeaz\u0103 s\u0103 analizeze solicitarea profesorilor, nu prezentase \u00eens\u0103, p\u00e2n\u0103 la momentul redact\u0103rii materialului, o pozi\u021bie public\u0103 detaliat\u0103 asupra con\u021binutului memoriului.<\/p>\n<h2 class=\"wp-block-heading\">Al doilea episod: scrisoarea Gabrielei Matiu<\/h2>\n<p class=\"wp-block-paragraph\">Conflictul nu s-a oprit \u00eens\u0103 la memoriul transmis Inspectoratului.<\/p>\n<p class=\"wp-block-paragraph\">Ulterior, pe grupul intern de WhatsApp al profesorilor de la Colegiul Na\u021bional \u201e<a href=\"https:\/\/stiridinsursebuzau.ro\/ana-simionescu-smreciu-din-buzau-performanta-remarcabila-la-bacalaureat\/\">B. P. Hasdeu<\/a>\u201d a fost distribuit\u0103 o scrisoare semnat\u0103 de profesoara de limba \u0219i literatura rom\u00e2n\u0103 Gabriela Matiu.<\/p>\n<p class=\"wp-block-paragraph\">Textul a ajuns ulterior \u00een spa\u021biul public \u0219i a fost publicat integral de Gazeta Buzoian\u0103.<\/p>\n<p class=\"wp-block-paragraph\">Scrisoarea are un caracter profund polemic \u0219i con\u021bine at\u00e2t critici referitoare la activitatea \u0219i comportamentul profesional al Anc\u0103i Florea, c\u00e2t \u0219i aprecieri personale privind modul \u00een care aceasta s-ar raporta la colegi \u0219i la o eventual\u0103 func\u021bie de conducere.<\/p>\n<p class=\"wp-block-paragraph\">Sunt invocate presupuse rela\u021bii tensionate \u00een interiorul colectivului, lipsa colabor\u0103rii, reac\u021biile publice ale profesoarei \u0219i un stil managerial pe care autoarea \u00eel consider\u0103 lipsit de empatie.<\/p>\n<p class=\"wp-block-paragraph\">Dincolo de fondul criticilor, tonul scrisorii dep\u0103\u0219e\u0219te \u00een mai multe pasaje registrul unei simple dezbateri administrative sau profesionale, incluz\u00e2nd formul\u0103ri \u0219i judec\u0103\u021bi personale. Tocmai din acest motiv este important\u0103 delimitarea opiniilor \u0219i acuza\u021biilor formulate \u00een scrisoare de eventualele fapte care pot fi probate sau confirmate institu\u021bional.<\/p>\n<h2 class=\"wp-block-heading\">Doar nou\u0103 dintre semnatarii memoriului apar \u0219i al\u0103turi de scrisoarea lui Matiu<\/h2>\n<p class=\"wp-block-paragraph\">Un alt aspect care atrage aten\u021bia este c\u0103 grupul ini\u021bial de 27 de semnatari nu se reg\u0103se\u0219te \u00een aceea\u0219i formul\u0103 \u00een jurul celei de-a doua scrisori.<\/p>\n<p class=\"wp-block-paragraph\">Potrivit listei disponibile, dintre cei 27 de profesori care apar pe memoriul adresat ISJ Buz\u0103u, <strong>nou\u0103<\/strong> se reg\u0103sesc \u0219i \u00een asociere cu scrisoarea Gabrielei Matiu:<\/p>\n<p class=\"wp-block-paragraph\"><strong>Elena N\u0103st\u0103soiu, Daniela Pascu, Virginia T\u0103n\u0103sescu M\u00e2ndru\u021b\u0103, Elena Liliana Martin, Viorica Raicu, Marius \u021a\u00eerlea, Violeta \u021a\u00eerlea, Madi Mocanu \u0219i Viviana Gaitanovici.<\/strong><\/p>\n<p class=\"wp-block-paragraph\">Diferen\u021ba este semnificativ\u0103: memoriul c\u0103tre Inspectorat are 27 de semnatari, \u00een timp ce noul demers polemic nu pare s\u0103 beneficieze de aceea\u0219i sus\u021binere.<\/p>\n<p class=\"wp-block-paragraph\">Deocamdat\u0103 nu se poate stabili dac\u0103 profesorii care nu apar al\u0103turi de cea de-a doua scrisoare s-au delimitat de con\u021binutul acesteia sau pur \u0219i simplu nu au dorit s\u0103 se asocieze unui nou demers.<\/p>\n<h2 class=\"wp-block-heading\">Multe acuza\u021bii, pu\u021bine explica\u021bii publice<\/h2>\n<p class=\"wp-block-paragraph\">Situa\u021bia de la Colegiul Na\u021bional \u201eB. P. Hasdeu\u201d a dep\u0103\u0219it \u00eentre timp cadrul unei simple dispute privind numirea unui director adjunct.<\/p>\n<p class=\"wp-block-paragraph\">Un memoriu trimis Inspectoratului a ajuns \u00een pres\u0103, o scrisoare distribuit\u0103 pe un grup intern de WhatsApp a devenit, la r\u00e2ndul s\u0103u, public\u0103, iar acuza\u021biile profesionale au fost \u00eenso\u021bite de atacuri \u0219i replici personale.<\/p>\n<p class=\"wp-block-paragraph\">\u00cen tot acest timp, o \u00eentrebare esen\u021bial\u0103 r\u0103m\u00e2ne f\u0103r\u0103 r\u0103spuns: <strong>care sunt faptele concrete \u0219i verificabile care stau la baza acuza\u021biilor?<\/strong><\/p>\n<p class=\"wp-block-paragraph\">Cei 27 de profesori care apar pe documentul transmis Inspectoratului au avut posibilitatea de a explica public ce au semnat, \u00een ce condi\u021bii au f\u0103cut-o \u0219i care sunt situa\u021biile pe care le reclam\u0103.<\/p>\n<p class=\"wp-block-paragraph\">P\u00e2n\u0103 acum, nu au f\u0103cut-o.<\/p>\n<p class=\"wp-block-paragraph\">T\u0103cerea lor nu poate fi interpretat\u0103 ca o retragere a semn\u0103turilor \u0219i nici ca o dovad\u0103 c\u0103 acuza\u021biile ar fi neadev\u0103rate. Dar men\u021bine neclarit\u0103\u021bile privind asumarea documentului, baza factual\u0103 a afirma\u021biilor \u0219i traseul prin care un demers adresat unei institu\u021bii publice a ajuns ulterior \u00een spa\u021biul mediatic.<\/p>\n<p class=\"wp-block-paragraph\"><strong>P\u00e2n\u0103 la publicarea acestui material, niciunul dintre profesorii indica\u021bi drept semnatari ai memoriului nu a r\u0103spuns \u00eentreb\u0103rilor transmise pentru clarificarea autenticit\u0103\u021bii documentului, a \u00eemprejur\u0103rilor semn\u0103rii \u0219i a afirma\u021biilor cuprinse \u00een acesta.<\/strong><\/p>\n<p class=\"wp-block-paragraph\"><strong>Profesorii men\u021biona\u021bi, Anca Florea, conducerea Colegiului Na\u021bional \u201eB. P. Hasdeu\u201d \u0219i Inspectoratul \u0218colar Jude\u021bean Buz\u0103u sunt invita\u021bi s\u0103 transmit\u0103 puncte de vedere \u0219i documente relevante. Pozi\u021biile acestora vor fi publicate cu respectarea dreptului la replic\u0103.<\/strong><\/p>\n<div class=\"post-views content-post post-48675 entry-meta load-static\" data-pvc-type=\"post\" data-pvc-id=\"48675\"><span class=\"post-views-label\">Vizualiz\u0103ri \u0219tire:<\/span><span class=\"post-views-count\">2.216<\/span><\/div>\n<div id=\"stiri-3326185712\" class=\"stiri-dupa-continut-2 stiri-entity-placement\"><a href=\"https:\/\/rapidservicebuzau.ro\/\" aria-label=\"RAPID SUPER SERVICE\"><img decoding=\"async\" loading=\"lazy\" src=\"https:\/\/stiridinsursebuzau.ro\/wp-content\/uploads\/2026\/02\/ChatGPT-Image-10-feb.-2026-22_24_01.png\" alt width=\"1536\" height=\"1024\"><\/a><\/div>\n<div id=\"stiri-2848131018\" class=\"stiri-dupa-continut_2 stiri-entity-placement\"><a href=\"https:\/\/www.facebook.com\/profile.php?id=61564932526740\" aria-label=\"Glamour Pizza &quot;la patrat&quot;\"><img decoding=\"async\" loading=\"lazy\" src=\"https:\/\/stiridinsursebuzau.ro\/wp-content\/uploads\/2026\/02\/ChatGPT-Image-10-feb.-2026-21_57_13.png\" alt=\"Glamour Pizza &quot;la patrat&quot;\" width=\"1536\" height=\"1024\"><\/a><\/div>\n<div id=\"stiri-4047322229\" class=\"stiri-dupa-continut_3 stiri-entity-placement\"><a href=\"https:\/\/www.facebook.com\/profile.php?id=61573613380169&amp;locale=ro_RO\" aria-label=\"ChatGPT Image 10 feb. 2026, 22_10_50\"><img decoding=\"async\" loading=\"lazy\" src=\"https:\/\/stiridinsursebuzau.ro\/wp-content\/uploads\/2026\/02\/ChatGPT-Image-10-feb.-2026-22_10_50.png\" alt width=\"1536\" height=\"1024\"><\/a><\/div>\n<div id=\"stiri-2005888902\" class=\"stiri-dupa-continut_4 stiri-entity-placement\"><a href=\"https:\/\/www.facebook.com\/profile.php?id=100077377992379\" aria-label=\"1536 cu 1024 pixeli\"><img decoding=\"async\" loading=\"lazy\" src=\"https:\/\/stiridinsursebuzau.ro\/wp-content\/uploads\/2026\/02\/ChatGPT-Image-20-feb.-2026-14_05_15.png\" alt=\"1536 cu 1024 pixeli\" width=\"1536\" height=\"1024\"><\/a><\/div>\n<div id=\"stiri-3176422931\" class=\"stiri-dupa-continut_5 stiri-entity-placement\"><img decoding=\"async\" loading=\"lazy\" src=\"https:\/\/stiridinsursebuzau.ro\/wp-content\/uploads\/2026\/02\/ChatGPT-Image-10-feb.-2026-23_00_56.png\" alt=\"piese tractoare\" width=\"1536\" height=\"1024\"><\/div>\n<nav class=\"navigation post-navigation\" aria-label=\"Articole\">\n<h2 class=\"screen-reader-text\">Navigare \u00een articole<\/h2>\n<div class=\"nav-links\">\n<div class=\"nav-previous\"><a href=\"https:\/\/stiridinsursebuzau.ro\/singura-echipa-de-amatori-din-municipiul-buzau-ataca-promovarea-fc-simileasca-reconstruita-pentru-un-sezon-cu-obiective-mari\/\" rel=\"prev\">Singura echip\u0103 de amatori din municipiul Buz\u0103u atac\u0103 promovarea. FC Simileasca, reconstruit\u0103 pentru un sezon cu obiective mari <\/a><\/div>\n<div class=\"nav-next\"><a href=\"https:\/\/stiridinsursebuzau.ro\/aveti-grija-ca-buzaul-este-un-judet-rosu-acuzatii-grave-la-liceul-pedagogic-din-buzau-dupa-scandalul-locurilor-de-la-clasa-pregatitoare-step-by-step\/\" rel=\"next\"> \u201eAve\u021bi grij\u0103 c\u0103 Buz\u0103ul este un jude\u021b ro\u0219u\u201d. Acuza\u021bii grave la Liceul Pedagogic din Buz\u0103u, dup\u0103 scandalul locurilor de la clasa preg\u0103titoare Step by Step<\/a><\/div>\n<\/div>\n<\/nav>\n<\/article>\n<article class=\"page-content-single small single\">\n<div id=\"stiri-1031613877\" class=\"stiri-inainte-de-continut-14 stiri-entity-placement\"><a href=\"https:\/\/www.shoppingcitybuzau.ro\/\" aria-label=\"NEPI_Buzau_Card Colac_1274x158\"><img decoding=\"async\" loading=\"lazy\" src=\"https:\/\/stiridinsursebuzau.ro\/wp-content\/uploads\/2026\/08\/NEPI_Buzau_Card-Colac_1274x158.jpg\" alt width=\"1274\" height=\"158\"><\/a><\/div>\n<div id=\"stiri-1633792753\" class=\"stiri-inainte-de-continut-3 stiri-entity-placement\"><a href=\"https:\/\/buzau.21k.ro\/\" aria-label=\"900\u00d7200\"><img decoding=\"async\" loading=\"lazy\" src=\"https:\/\/stiridinsursebuzau.ro\/wp-content\/uploads\/2026\/07\/900x200.gif\" alt width=\"900\" height=\"200\"><\/a><\/div>\n<p class=\"wp-block-paragraph\"><strong>Memoriul transmis Inspectoratului \u0218colar Jude\u021bean Buz\u0103u prin care mai multe cadre didactice de la Colegiul Na\u021bional \u201eB. P. Hasdeu\u201d solicit\u0103 reanalizarea oportunit\u0103\u021bii numirii profesoarei Anca Florea \u00een func\u021bia de director adjunct poart\u0103 27 de semn\u0103turi, \u0219i nu 40, a\u0219a cum s-a vehiculat ini\u021bial \u00een spa\u021biul online. Informa\u021bia a fost confirmat\u0103 de reprezentan\u021bii ISJ Buz\u0103u. \u00cen acela\u0219i timp, niciunul dintre profesorii indica\u021bi drept semnatari nu a r\u0103spuns, p\u00e2n\u0103 la aceast\u0103 or\u0103, \u00eentreb\u0103rilor transmise pentru clarificarea acuza\u021biilor \u0219i a \u00eemprejur\u0103rilor \u00een care documentul a fost semnat.<\/strong><\/p>\n<p class=\"wp-block-paragraph\">Mioara S\u00eengeorzan, inspector pentru management institu\u021bional \u0219i asigurarea calit\u0103\u021bii \u00een cadrul Inspectoratului \u0218colar Jude\u021bean Buz\u0103u, a confirmat pentru <a href=\"https:\/\/liberinbuzau.ro\/memoriul-de-la-colegiul-hasdeu-fara-asumare-publica-din-partea-semnatarilor\/\" target=\"_blank\" rel=\"noopener\">liberinbuzau.ro<\/a> c\u0103 documentul ajuns la institu\u021bie este format din dou\u0103 pagini.<\/p>\n<p class=\"wp-block-paragraph\">Prima pagin\u0103 con\u021bine textul memoriului, iar cea de-a doua lista peten\u021bilor \u0219i semn\u0103turile acestora.<\/p>\n<figure class=\"wp-block-image size-large\"><img loading=\"lazy\" decoding=\"async\" width=\"745\" height=\"1024\" src=\"https:\/\/stiridinsursebuzau.ro\/wp-content\/uploads\/2026\/09\/DOCUMENT-hasdeu-745x1024.jpg\" alt class=\"wp-image-48678\"><\/figure>\n<p class=\"wp-block-paragraph\">La finalul documentului este indicat\u0103, pentru transmiterea r\u0103spunsului ISJ Buz\u0103u, adresa de e-mail a profesoarei Elena Viorica N\u0103st\u0103soiu, ceea ce o plaseaz\u0103 \u00een postura de persoan\u0103 de contact indicat\u0103 \u00een memoriu pentru coresponden\u021ba cu Inspectoratul.<\/p>\n<h2 class=\"wp-block-heading\">Ce reclam\u0103 profesorii \u00een memoriu<\/h2>\n<figure class=\"wp-block-image size-large\"><img decoding=\"async\" loading=\"lazy\" width=\"711\" height=\"1024\" src=\"https:\/\/stiridinsursebuzau.ro\/wp-content\/uploads\/2026\/09\/WhatsApp-Image-2026-09-02-at-21.32.53-711x1024.jpeg\" alt class=\"wp-image-48679\"><\/figure>\n<p class=\"wp-block-paragraph\">\u00cen document sunt invocate tensiuni \u0219i conflicte \u00een interiorul colectivului profesoral, precum \u0219i existen\u021ba unui climat organiza\u021bional despre care semnatarii sus\u021bin c\u0103 ar fi caracterizat de lips\u0103 de respect, colaborare \u0219i \u00eencredere.<\/p>\n<p class=\"wp-block-paragraph\">Autorii memoriului fac referire \u0219i la anumite post\u0103ri publicate pe re\u021belele de socializare \u0219i ridic\u0103 semne de \u00eentrebare inclusiv \u00een leg\u0103tur\u0103 cu examenul de admitere \u00een clasa a V-a.<\/p>\n<p class=\"wp-block-paragraph\">Aceste afirma\u021bii reprezint\u0103 pozi\u021bia semnatarilor memoriului \u0219i, \u00een lipsa unor constat\u0103ri oficiale sau a unor dovezi prezentate public, nu pot fi considerate prin ele \u00eensele fapte demonstrate.<\/p>\n<p class=\"wp-block-paragraph\">Cei 27 de profesori ale c\u0103ror nume apar pe lista transmis\u0103 Inspectoratului sunt:<\/p>\n<p class=\"wp-block-paragraph\"><strong>Martin Elena Liliana, N\u0103st\u0103soiu Elena, Tarara Gheorghe, Mocanu Madi, Preda Tudor Ana, Olteanu Cristina, Matiu Gabriela, Ioni\u021b\u0103 Gabriel, Raicu Viorica, Mih\u0103lcescu C\u0103t\u0103lin, Trifan Otilia, \u021a\u00eerlea Violeta, Amaric\u0103i Mihaela, \u021a\u00eerlea Marius, Fr\u0103\u021bil\u0103 Constantin, Iona\u0219cu Marian, Ursachi Sanda, Pascu Daniela, Ursache Cornel, Gaitanovici Viviana, M\u00e2ndru\u021b\u0103 T\u0103n\u0103sescu Virginia, Popescu Sebastian, Voicu Amalia, Petro\u0219el Andreea, Ghi\u021b\u0103 Lumini\u021ba, Trocaru Maria \u0219i Trocaru Dana.<\/strong><\/p>\n<h2 class=\"wp-block-heading\">27 de \u00eentreb\u0103ri transmise profesorilor. Niciun r\u0103spuns<\/h2>\n<p class=\"wp-block-paragraph\">Dup\u0103 apari\u021bia memoriului \u00een spa\u021biul public, profesorilor indica\u021bi drept semnatari le-au fost transmise, prin intermediul secretariatului Colegiului Na\u021bional \u201eB. P. Hasdeu\u201d, 27 de \u00eentreb\u0103ri.<\/p>\n<p class=\"wp-block-paragraph\">Clarific\u0103rile solicitate au vizat, printre altele, data \u0219i \u00eemprejur\u0103rile \u00een care documentul a fost semnat, cine le-a prezentat profesorilor memoriul, dac\u0103 ace\u0219tia l-au citit integral \u00eenainte de semnare \u0219i care sunt situa\u021biile concrete pe care \u00ee\u0219i bazeaz\u0103 acuza\u021biile.<\/p>\n<p class=\"wp-block-paragraph\">Profesorii au fost \u00eentreba\u021bi \u0219i dac\u0103 au verificat personal informa\u021biile din document, dac\u0103 au fost martori direc\u021bi ai situa\u021biilor reclamate ori dac\u0103 au avut anterior conflicte profesionale sau interese legate de ocuparea func\u021biei de director adjunct.<\/p>\n<p class=\"wp-block-paragraph\">Alte \u00eentreb\u0103ri au vizat traseul documentului dup\u0103 transmiterea c\u0103tre Inspectoratul \u0218colar Jude\u021bean \u0219i \u00eemprejur\u0103rile \u00een care acesta a ajuns \u00een pres\u0103 sau la persoane din afara institu\u021biei.<\/p>\n<p class=\"wp-block-paragraph\"><strong>P\u00e2n\u0103 la publicarea acestui articol, niciunul dintre cei 27 de profesori indica\u021bi drept semnatari nu a transmis un r\u0103spuns.<\/strong><\/p>\n<p class=\"wp-block-paragraph\">Lipsa unui r\u0103spuns nu dovede\u0219te c\u0103 afirma\u021biile din memoriu sunt false. \u00cen acela\u0219i timp, \u00eens\u0103, las\u0103 neclarificate elemente importante privind baza factual\u0103 a acuza\u021biilor, \u00eemprejur\u0103rile semn\u0103rii documentului \u0219i asumarea public\u0103 a con\u021binutului s\u0103u.<\/p>\n<h2 class=\"wp-block-heading\">Anca Florea a reac\u021bionat public<\/h2>\n<figure class=\"wp-block-image size-full\"><img decoding=\"async\" loading=\"lazy\" width=\"1024\" height=\"683\" src=\"https:\/\/stiridinsursebuzau.ro\/wp-content\/uploads\/2025\/05\/anca-florea.jpeg\" alt class=\"wp-image-44134\"><\/figure>\n<p class=\"wp-block-paragraph\">Dup\u0103 ce existen\u021ba memoriului a devenit public\u0103, profesoara <a href=\"https:\/\/stiridinsursebuzau.ro\/anca-florea-directoare-adjuncta-la-colegiul-hasdeu-din-buzau-nu-elevul-faulteaza-sistemul-ci-sistemul-permite-scurtcircuitari\/\">Anca Florea<\/a> a publicat pe pagina sa de Facebook o pozi\u021bie referitoare la situa\u021bia creat\u0103.<\/p>\n<p class=\"wp-block-paragraph\">Inspectoratul \u0218colar Jude\u021bean Buz\u0103u, institu\u021bia c\u0103reia \u00eei este adresat documentul \u0219i care urmeaz\u0103 s\u0103 analizeze solicitarea profesorilor, nu prezentase \u00eens\u0103, p\u00e2n\u0103 la momentul redact\u0103rii materialului, o pozi\u021bie public\u0103 detaliat\u0103 asupra con\u021binutului memoriului.<\/p>\n<h2 class=\"wp-block-heading\">Al doilea episod: scrisoarea Gabrielei Matiu<\/h2>\n<p class=\"wp-block-paragraph\">Conflictul nu s-a oprit \u00eens\u0103 la memoriul transmis Inspectoratului.<\/p>\n<p class=\"wp-block-paragraph\">Ulterior, pe grupul intern de WhatsApp al profesorilor de la Colegiul Na\u021bional \u201e<a href=\"https:\/\/stiridinsursebuzau.ro\/ana-simionescu-smreciu-din-buzau-performanta-remarcabila-la-bacalaureat\/\">B. P. Hasdeu<\/a>\u201d a fost distribuit\u0103 o scrisoare semnat\u0103 de profesoara de limba \u0219i literatura rom\u00e2n\u0103 Gabriela Matiu.<\/p>\n<p class=\"wp-block-paragraph\">Textul a ajuns ulterior \u00een spa\u021biul public \u0219i a fost publicat integral de Gazeta Buzoian\u0103.<\/p>\n<p class=\"wp-block-paragraph\">Scrisoarea are un caracter profund polemic \u0219i con\u021bine at\u00e2t critici referitoare la activitatea \u0219i comportamentul profesional al Anc\u0103i Florea, c\u00e2t \u0219i aprecieri personale privind modul \u00een care aceasta s-ar raporta la colegi \u0219i la o eventual\u0103 func\u021bie de conducere.<\/p>\n<p class=\"wp-block-paragraph\">Sunt invocate presupuse rela\u021bii tensionate \u00een interiorul colectivului, lipsa colabor\u0103rii, reac\u021biile publice ale profesoarei \u0219i un stil managerial pe care autoarea \u00eel consider\u0103 lipsit de empatie.<\/p>\n<p class=\"wp-block-paragraph\">Dincolo de fondul criticilor, tonul scrisorii dep\u0103\u0219e\u0219te \u00een mai multe pasaje registrul unei simple dezbateri administrative sau profesionale, incluz\u00e2nd formul\u0103ri \u0219i judec\u0103\u021bi personale. Tocmai din acest motiv este important\u0103 delimitarea opiniilor \u0219i acuza\u021biilor formulate \u00een scrisoare de eventualele fapte care pot fi probate sau confirmate institu\u021bional.<\/p>\n<h2 class=\"wp-block-heading\">Doar nou\u0103 dintre semnatarii memoriului apar \u0219i al\u0103turi de scrisoarea lui Matiu<\/h2>\n<p class=\"wp-block-paragraph\">Un alt aspect care atrage aten\u021bia este c\u0103 grupul ini\u021bial de 27 de semnatari nu se reg\u0103se\u0219te \u00een aceea\u0219i formul\u0103 \u00een jurul celei de-a doua scrisori.<\/p>\n<p class=\"wp-block-paragraph\">Potrivit listei disponibile, dintre cei 27 de profesori care apar pe memoriul adresat ISJ Buz\u0103u, <strong>nou\u0103<\/strong> se reg\u0103sesc \u0219i \u00een asociere cu scrisoarea Gabrielei Matiu:<\/p>\n<p class=\"wp-block-paragraph\"><strong>Elena N\u0103st\u0103soiu, Daniela Pascu, Virginia T\u0103n\u0103sescu M\u00e2ndru\u021b\u0103, Elena Liliana Martin, Viorica Raicu, Marius \u021a\u00eerlea, Violeta \u021a\u00eerlea, Madi Mocanu \u0219i Viviana Gaitanovici.<\/strong><\/p>\n<p class=\"wp-block-paragraph\">Diferen\u021ba este semnificativ\u0103: memoriul c\u0103tre Inspectorat are 27 de semnatari, \u00een timp ce noul demers polemic nu pare s\u0103 beneficieze de aceea\u0219i sus\u021binere.<\/p>\n<p class=\"wp-block-paragraph\">Deocamdat\u0103 nu se poate stabili dac\u0103 profesorii care nu apar al\u0103turi de cea de-a doua scrisoare s-au delimitat de con\u021binutul acesteia sau pur \u0219i simplu nu au dorit s\u0103 se asocieze unui nou demers.<\/p>\n<h2 class=\"wp-block-heading\">Multe acuza\u021bii, pu\u021bine explica\u021bii publice<\/h2>\n<p class=\"wp-block-paragraph\">Situa\u021bia de la Colegiul Na\u021bional \u201eB. P. Hasdeu\u201d a dep\u0103\u0219it \u00eentre timp cadrul unei simple dispute privind numirea unui director adjunct.<\/p>\n<p class=\"wp-block-paragraph\">Un memoriu trimis Inspectoratului a ajuns \u00een pres\u0103, o scrisoare distribuit\u0103 pe un grup intern de WhatsApp a devenit, la r\u00e2ndul s\u0103u, public\u0103, iar acuza\u021biile profesionale au fost \u00eenso\u021bite de atacuri \u0219i replici personale.<\/p>\n<p class=\"wp-block-paragraph\">\u00cen tot acest timp, o \u00eentrebare esen\u021bial\u0103 r\u0103m\u00e2ne f\u0103r\u0103 r\u0103spuns: <strong>care sunt faptele concrete \u0219i verificabile care stau la baza acuza\u021biilor?<\/strong><\/p>\n<p class=\"wp-block-paragraph\">Cei 27 de profesori care apar pe documentul transmis Inspectoratului au avut posibilitatea de a explica public ce au semnat, \u00een ce condi\u021bii au f\u0103cut-o \u0219i care sunt situa\u021biile pe care le reclam\u0103.<\/p>\n<p class=\"wp-block-paragraph\">P\u00e2n\u0103 acum, nu au f\u0103cut-o.<\/p>\n<p class=\"wp-block-paragraph\">T\u0103cerea lor nu poate fi interpretat\u0103 ca o retragere a semn\u0103turilor \u0219i nici ca o dovad\u0103 c\u0103 acuza\u021biile ar fi neadev\u0103rate. Dar men\u021bine neclarit\u0103\u021bile privind asumarea documentului, baza factual\u0103 a afirma\u021biilor \u0219i traseul prin care un demers adresat unei institu\u021bii publice a ajuns ulterior \u00een spa\u021biul mediatic.<\/p>\n<p class=\"wp-block-paragraph\"><strong>P\u00e2n\u0103 la publicarea acestui material, niciunul dintre profesorii indica\u021bi drept semnatari ai memoriului nu a r\u0103spuns \u00eentreb\u0103rilor transmise pentru clarificarea autenticit\u0103\u021bii documentului, a \u00eemprejur\u0103rilor semn\u0103rii \u0219i a afirma\u021biilor cuprinse \u00een acesta.<\/strong><\/p>\n<p class=\"wp-block-paragraph\"><strong>Profesorii men\u021biona\u021bi, Anca Florea, conducerea Colegiului Na\u021bional \u201eB. P. Hasdeu\u201d \u0219i Inspectoratul \u0218colar Jude\u021bean Buz\u0103u sunt invita\u021bi s\u0103 transmit\u0103 puncte de vedere \u0219i documente relevante. Pozi\u021biile acestora vor fi publicate cu respectarea dreptului la replic\u0103.<\/strong><\/p>\n<div class=\"post-views content-post post-48675 entry-meta load-static\" data-pvc-type=\"post\" data-pvc-id=\"48675\"><span class=\"post-views-label\">Vizualiz\u0103ri \u0219tire:<\/span><span class=\"post-views-count\">2.216<\/span><\/div>\n<div id=\"stiri-3326185712\" class=\"stiri-dupa-continut-2 stiri-entity-placement\"><a href=\"https:\/\/rapidservicebuzau.ro\/\" aria-label=\"RAPID SUPER SERVICE\"><img decoding=\"async\" loading=\"lazy\" src=\"https:\/\/stiridinsursebuzau.ro\/wp-content\/uploads\/2026\/02\/ChatGPT-Image-10-feb.-2026-22_24_01.png\" alt width=\"1536\" height=\"1024\"><\/a><\/div>\n<div id=\"stiri-2848131018\" class=\"stiri-dupa-continut_2 stiri-entity-placement\"><a href=\"https:\/\/www.facebook.com\/profile.php?id=61564932526740\" aria-label=\"Glamour Pizza &quot;la patrat&quot;\"><img decoding=\"async\" loading=\"lazy\" src=\"https:\/\/stiridinsursebuzau.ro\/wp-content\/uploads\/2026\/02\/ChatGPT-Image-10-feb.-2026-21_57_13.png\" alt=\"Glamour Pizza &quot;la patrat&quot;\" width=\"1536\" height=\"1024\"><\/a><\/div>\n<div id=\"stiri-4047322229\" class=\"stiri-dupa-continut_3 stiri-entity-placement\"><a href=\"https:\/\/www.facebook.com\/profile.php?id=61573613380169&amp;locale=ro_RO\" aria-label=\"ChatGPT Image 10 feb. 2026, 22_10_50\"><img decoding=\"async\" loading=\"lazy\" src=\"https:\/\/stiridinsursebuzau.ro\/wp-content\/uploads\/2026\/02\/ChatGPT-Image-10-feb.-2026-22_10_50.png\" alt width=\"1536\" height=\"1024\"><\/a><\/div>\n<div id=\"stiri-2005888902\" class=\"stiri-dupa-continut_4 stiri-entity-placement\"><a href=\"https:\/\/www.facebook.com\/profile.php?id=100077377992379\" aria-label=\"1536 cu 1024 pixeli\"><img decoding=\"async\" loading=\"lazy\" src=\"https:\/\/stiridinsursebuzau.ro\/wp-content\/uploads\/2026\/02\/ChatGPT-Image-20-feb.-2026-14_05_15.png\" alt=\"1536 cu 1024 pixeli\" width=\"1536\" height=\"1024\"><\/a><\/div>\n<div id=\"stiri-3176422931\" class=\"stiri-dupa-continut_5 stiri-entity-placement\"><img decoding=\"async\" loading=\"lazy\" src=\"https:\/\/stiridinsursebuzau.ro\/wp-content\/uploads\/2026\/02\/ChatGPT-Image-10-feb.-2026-23_00_56.png\" alt=\"piese tractoare\" width=\"1536\" height=\"1024\"><\/div>\n<nav class=\"navigation post-navigation\" aria-label=\"Articole\">\n<h2 class=\"screen-reader-text\">Navigare \u00een articole<\/h2>\n<div class=\"nav-links\">\n<div class=\"nav-previous\"><a href=\"https:\/\/stiridinsursebuzau.ro\/singura-echipa-de-amatori-din-municipiul-buzau-ataca-promovarea-fc-simileasca-reconstruita-pentru-un-sezon-cu-obiective-mari\/\" rel=\"prev\">Singura echip\u0103 de amatori din municipiul Buz\u0103u atac\u0103 promovarea. FC Simileasca, reconstruit\u0103 pentru un sezon cu obiective mari <\/a><\/div>\n<div class=\"nav-next\"><a href=\"https:\/\/stiridinsursebuzau.ro\/aveti-grija-ca-buzaul-este-un-judet-rosu-acuzatii-grave-la-liceul-pedagogic-din-buzau-dupa-scandalul-locurilor-de-la-clasa-pregatitoare-step-by-step\/\" rel=\"next\"> \u201eAve\u021bi grij\u0103 c\u0103 Buz\u0103ul este un jude\u021b ro\u0219u\u201d. Acuza\u021bii grave la Liceul Pedagogic din Buz\u0103u, dup\u0103 scandalul locurilor de la clasa preg\u0103titoare Step by Step<\/a><\/div>\n<\/div>\n<\/nav>\n<\/article>\n<article id=\"div-comment-5453\" class=\"comment-body\">\n<footer class=\"comment-meta\">\n<div class=\"comment-author vcard\"><img decoding=\"async\" alt src=\"https:\/\/secure.gravatar.com\/avatar\/e5cfe13c032ed58f57e67bf80179a9e76dc3a2a4eda2ade6fa0f5ac3fa04c0c0?s=32&amp;d=mm&amp;r=g\" class=\"avatar avatar-32 photo\" height=\"32\" width=\"32\" loading=\"lazy\"><b class=\"fn\">A.<\/b><span class=\"says\">spune:<\/span><\/div>\n<div class=\"comment-metadata\"><a href=\"https:\/\/stiridinsursebuzau.ro\/memoriul-de-la-hasdeu-semnat-de-27-de-profesori-niciunul-nu-a-raspuns-intrebarilor-privind-acuzatiile-la-adresa-ancai-florea\/#comment-5453\"><time datetime=\"2026-09-02T21:40:03+02:00\">2 septembrie 2026 la 21:40<\/time><\/a><\/div>\n<\/footer>\n<div class=\"comment-content\">\n<p>S-a ajuns totu\u0219i prea departe \u0219i liceul \u00eencepe s\u0103 aib\u0103 de pierdut din toat\u0103 povestea asta. Poate c\u0103 oamenii implica\u021bi ar trebui s\u0103 lase to\u021bi dorin\u021ba de a c\u00e2\u0219tiga la o parte, s\u0103 stea la aceea\u0219i mas\u0103, eventual cu un mediator, \u0219i s\u0103 vorbeasc\u0103 direct. Nu trebuie s\u0103 se pun\u0103 de acord, dar conflictul \u0103sta nu poate continua la nesf\u00e2r\u0219it prin scrisori \u0219i pres\u0103.<\/p>\n<\/div>\n<div class=\"reply\"><a rel=\"nofollow\" class=\"comment-reply-link\" href=\"https:\/\/stiridinsursebuzau.ro\/memoriul-de-la-hasdeu-semnat-de-27-de-profesori-niciunul-nu-a-raspuns-intrebarilor-privind-acuzatiile-la-adresa-ancai-florea\/#comment-5453\" data-commentid=\"5453\" data-postid=\"48675\" data-belowelement=\"div-comment-5453\" data-respondelement=\"respond\" data-replyto=\"R\u0103spunde-i lui A.\" aria-label=\"R\u0103spunde-i lui A.\">Reply<\/a><\/div>\n<\/article>\n<p>[analyse_source url=&#8221;https:\/\/stiridinsursebuzau.ro\/memoriul-de-la-hasdeu-semnat-de-27-de-profesori-niciunul-nu-a-raspuns-intrebarilor-privind-acuzatiile-la-adresa-ancai-florea\/&#8221;]<\/p>\n","protected":false},"excerpt":{"rendered":"<p>[analyse_image type=&#8221;featured&#8221; src=&#8221;https:\/\/stiridinsursebuzau.ro\/wp-content\/uploads\/2026\/09\/Design-fara-titlu-1.png&#8221;] Memoriul transmis Inspectoratului \u0218colar Jude\u021bean Buz\u0103u prin care mai multe cadre didactice de la Colegiul Na\u021bional \u201eB. P. Hasdeu\u201d solicit\u0103 reanalizarea oportunit\u0103\u021bii numirii profesoarei Anca Florea \u00een func\u021bia de director adjunct poart\u0103 27 de semn\u0103turi, \u0219i nu 40, a\u0219a cum s-a vehiculat ini\u021bial \u00een spa\u021biul online. Informa\u021bia a fost confirmat\u0103 de reprezentan\u021bii [&hellip;]<\/p>\n","protected":false},"author":1,"featured_media":0,"comment_status":"open","ping_status":"","sticky":false,"template":"","format":"standard","meta":{"footnotes":""},"categories":[2],"tags":[226,60],"class_list":["post-2125796","post","type-post","status-publish","format-standard","hentry","category-politics","tag-crawlmanager","tag-stiridinsursebuzau-ro"],"_links":{"self":[{"href":"https:\/\/analyse.optim.biz\/index.php?rest_route=\/wp\/v2\/posts\/2125796","targetHints":{"allow":["GET"]}}],"collection":[{"href":"https:\/\/analyse.optim.biz\/index.php?rest_route=\/wp\/v2\/posts"}],"about":[{"href":"https:\/\/analyse.optim.biz\/index.php?rest_route=\/wp\/v2\/types\/post"}],"author":[{"embeddable":true,"href":"https:\/\/analyse.optim.biz\/index.php?rest_route=\/wp\/v2\/users\/1"}],"replies":[{"embeddable":true,"href":"https:\/\/analyse.optim.biz\/index.php?rest_route=%2Fwp%2Fv2%2Fcomments&post=2125796"}],"version-history":[{"count":0,"href":"https:\/\/analyse.optim.biz\/index.php?rest_route=\/wp\/v2\/posts\/2125796\/revisions"}],"wp:attachment":[{"href":"https:\/\/analyse.optim.biz\/index.php?rest_route=%2Fwp%2Fv2%2Fmedia&parent=2125796"}],"wp:term":[{"taxonomy":"category","embeddable":true,"href":"https:\/\/analyse.optim.biz\/index.php?rest_route=%2Fwp%2Fv2%2Fcategories&post=2125796"},{"taxonomy":"post_tag","embeddable":true,"href":"https:\/\/analyse.optim.biz\/index.php?rest_route=%2Fwp%2Fv2%2Ftags&post=2125796"}],"curies":[{"name":"wp","href":"https:\/\/api.w.org\/{rel}","templated":true}]}}