{"id":2125788,"date":"2026-09-03T00:00:00","date_gmt":"2026-09-02T21:00:00","guid":{"rendered":"https:\/\/analyse.optim.biz\/?p=2125788"},"modified":"2026-09-03T00:00:00","modified_gmt":"2026-09-02T21:00:00","slug":"economia-rusa-ingheata-avertizeaza-seful-sberbank","status":"publish","type":"post","link":"https:\/\/analyse.optim.biz\/?p=2125788","title":{"rendered":"Economia rus\u0103 &#8216;\u00eenghea\u021b\u0103&#8217;, avertizeaz\u0103 \u0219eful Sberbank"},"content":{"rendered":"<p>[analyse_image type=&#8221;featured&#8221; src=&#8221;https:\/\/agerpres.ro\/data\/202609\/20260903094912_980986.jpg&#8221;]<\/p>\n<div class=\"mx-auto pt-3\">\n<p>German Gref, directorul general al Sberbank, o banc\u0103 controlat\u0103 de statul rus care este vizat\u0103 de sanc\u021biuni occidentale din cauza r\u0103zboiului din Ucraina, a declarat joi c\u0103 economia rus\u0103 &#8216;\u00eenghea\u021b\u0103&#8217; \u0219i a cerut m\u0103suri de sus\u021binere a companiilor ruse\u0219ti, transmite EFE.<\/p>\n<p>&#8216;Ast\u0103zi, \u00een opinia mea, acest lucru este deja evident. Exist\u0103 \u00eentotdeauna un joc de cuvinte: ce semnifica\u021bii d\u0103m anumitor defini\u021bii. Banca Central\u0103 vorbe\u0219te despre o \u00eencetinire treptat\u0103, dar noi descriem situa\u021bia ca o r\u0103cire, chiar hipotermie. Cifrele vorbesc de la sine&#8217;, a declarat German Gref reporterilor prezen\u021bi la Forumul Economic Estic desf\u0103\u0219urat la Vladivostok, Rusia. \u0218eful Sberbank a atras aten\u021bia asupra &#8216;reducerii semnificative a indicatorilor care m\u0103soar\u0103 \u00eencrederea mediului afaceri \u00een vara anului 2026&#8217;, precum \u0219i asupra nivelurilor \u0219omajului, consumului \u0219i form\u0103rii brute de capital fix.<\/p>\n<p><strong>Potrivit lui Gref, cre\u0219terea PIB-ului Rusiei \u00een prima jum\u0103tate a anului, pe care a estimat-o la 0,6%, este considerabil mai mic\u0103 dec\u00e2t cre\u0219terea poten\u021bial\u0103 a economiei, estimat\u0103 de Banca Central\u0103 a Rusiei la 1,5-2,5%. &#8216;To\u021bi ace\u0219ti factori indic\u0103 faptul c\u0103, desigur, trebuie s\u0103 trecem la o politic\u0103 de sus\u021binere \u0219i stimulare a cre\u0219terii, de cre\u0219tere a investi\u021biilor&#8217;, a apreciat German Gref.<\/strong><\/p>\n<p>De asemenea, directorul general al Sberbank a avertizat c\u0103 nu va exista un punct de cotitur\u0103 &#8216;p\u00e2n\u0103 c\u00e2nd dob\u00e2nzile de pe pia\u021b\u0103 nu se vor normaliza \u0219i se vor stabiliza \u00een intervalul 10-12%&#8217;. &#8216;Revenirea la ace\u0219ti indicatori normali este, \u00een opinia mea, principala sarcin\u0103 ast\u0103zi pentru a relua \u0219i stabiliza cre\u0219terea economic\u0103. Cred c\u0103 toat\u0103 lumea ar trebui s\u0103 fie atent\u0103 la condi\u021biile macroeconomice; companiile au nevoie de ajutor&#8217;, a concluzionat el.<\/p>\n<p>Anali\u0219tii sunt de p\u0103rere c\u0103 disputa dintre responsabilii economici din Rusia care sus\u021bin o politic\u0103 monetar\u0103 restrictiv\u0103 pentru reducerea infla\u021biei, cum ar fi Banca Central\u0103 a Rusiei, \u0219i cei care pledeaz\u0103 pentru o rubl\u0103 mai slab\u0103 pentru a \u00eembun\u0103t\u0103\u021bi climatul investi\u021bional, cum ar fi patronatul rus \u0219i Sberbank, cea mai mare banc\u0103 a \u021b\u0103rii, se va intensifica anul viitor.<\/p>\n<p>\u00cen pofida sanc\u021biunilor occidentale impuse b\u0103ncii pe care Gref o conduce de aproape dou\u0103 decenii, Sberbank a ob\u021binut anul trecut un profit net record de 1.700 miliarde de ruble (19,50 miliarde de dolari) \u0219i directorul s\u0103u general se a\u0219teapt\u0103 ca profitul net din acest an s\u0103 fie mai mare dec\u00e2t \u00een 2025 \u0219i s\u0103 ating\u0103 un nou record \u00een 2027. AGERPRES\/(AS-redactor: Constantin Balaban, editor: Mariana Nica, editor online: Adrian D\u0103d\u00e2rlat)<\/p>\n<\/div>\n<div class=\"mx-auto pt-3\">\n                                Afisari: 19\n                            <\/div>\n<p>[analyse_source url=&#8221;https:\/\/agerpres.ro\/economic-extern\/2026\/09\/03\/economia-rusa-ingheata-avertizeaza-seful-sberbank&#8211;1590238&#8243;]<\/p>\n","protected":false},"excerpt":{"rendered":"<p>[analyse_image type=&#8221;featured&#8221; src=&#8221;https:\/\/agerpres.ro\/data\/202609\/20260903094912_980986.jpg&#8221;] German Gref, directorul general al Sberbank, o banc\u0103 controlat\u0103 de statul rus care este vizat\u0103 de sanc\u021biuni occidentale din cauza r\u0103zboiului din Ucraina, a declarat joi c\u0103 economia rus\u0103 &#8216;\u00eenghea\u021b\u0103&#8217; \u0219i a cerut m\u0103suri de sus\u021binere a companiilor ruse\u0219ti, transmite EFE. &#8216;Ast\u0103zi, \u00een opinia mea, acest lucru este deja evident. Exist\u0103 \u00eentotdeauna [&hellip;]<\/p>\n","protected":false},"author":1,"featured_media":0,"comment_status":"open","ping_status":"","sticky":false,"template":"","format":"standard","meta":{"footnotes":""},"categories":[2],"tags":[37,226],"class_list":["post-2125788","post","type-post","status-publish","format-standard","hentry","category-politics","tag-agerpres-ro","tag-crawlmanager"],"_links":{"self":[{"href":"https:\/\/analyse.optim.biz\/index.php?rest_route=\/wp\/v2\/posts\/2125788","targetHints":{"allow":["GET"]}}],"collection":[{"href":"https:\/\/analyse.optim.biz\/index.php?rest_route=\/wp\/v2\/posts"}],"about":[{"href":"https:\/\/analyse.optim.biz\/index.php?rest_route=\/wp\/v2\/types\/post"}],"author":[{"embeddable":true,"href":"https:\/\/analyse.optim.biz\/index.php?rest_route=\/wp\/v2\/users\/1"}],"replies":[{"embeddable":true,"href":"https:\/\/analyse.optim.biz\/index.php?rest_route=%2Fwp%2Fv2%2Fcomments&post=2125788"}],"version-history":[{"count":0,"href":"https:\/\/analyse.optim.biz\/index.php?rest_route=\/wp\/v2\/posts\/2125788\/revisions"}],"wp:attachment":[{"href":"https:\/\/analyse.optim.biz\/index.php?rest_route=%2Fwp%2Fv2%2Fmedia&parent=2125788"}],"wp:term":[{"taxonomy":"category","embeddable":true,"href":"https:\/\/analyse.optim.biz\/index.php?rest_route=%2Fwp%2Fv2%2Fcategories&post=2125788"},{"taxonomy":"post_tag","embeddable":true,"href":"https:\/\/analyse.optim.biz\/index.php?rest_route=%2Fwp%2Fv2%2Ftags&post=2125788"}],"curies":[{"name":"wp","href":"https:\/\/api.w.org\/{rel}","templated":true}]}}