{"id":2125735,"date":"2026-09-03T00:00:00","date_gmt":"2026-09-02T21:00:00","guid":{"rendered":"https:\/\/analyse.optim.biz\/?p=2125735"},"modified":"2026-09-03T00:00:00","modified_gmt":"2026-09-02T21:00:00","slug":"criza-de-motorina-din-europa-este-atat-de-mare-incat-importa-combustibil-din-coreea-de-sud","status":"publish","type":"post","link":"https:\/\/analyse.optim.biz\/?p=2125735","title":{"rendered":"Criza de motorin\u0103 din Europa este at\u00e2t de mare \u00eenc\u00e2t import\u0103 combustibil din Coreea de Sud"},"content":{"rendered":"<p>[analyse_image type=&#8221;featured&#8221; src=&#8221;https:\/\/agerpres.ro\/data\/202609\/20260903091340_198210.jpg&#8221;]<\/p>\n<div class=\"mx-auto pt-3\">\n<p>O nav\u0103 \u00eenc\u0103rcat\u0103 cu motorin\u0103 sud-coreean\u0103 se va \u00eendrepta spre Europa de Vest \u00een aceast\u0103 lun\u0103, o tranzac\u021bie rar\u0103 care eviden\u021biaz\u0103 eforturile de consolidare a aprovizion\u0103rii \u00een emisfera nordic\u0103 \u00eenainte de venirea iernii, transmite Bloomberg.<\/p>\n<p>Aproximativ 90.000 de tone de motorin\u0103 vor fi \u00eenc\u0103rcate pe Priamos, un petrolier nou construit pentru livrare \u00een nord-vestul Europei, posibil \u00een Marea Britanie sau Rotterdam, conform datelor de transport maritim analizat de Bloomberg. Tranzac\u021bia este intermediat\u0103 de firma Trafigura Group.<\/p>\n<p><strong>Capacitatea de rafinare petrolier\u0103 a Europei este limitat\u0103, iar regiunea se bazeaz\u0103 \u00een mare m\u0103sur\u0103 pe importurile de motorin\u0103, \u00eens\u0103 conflictul din Orientul Mijlociu, \u00eempreun\u0103 cu r\u0103zboiul Rusia-Ucraina, au redus aprovizionarea global\u0103. De obicei, Coreea de Sud export\u0103 motorin\u0103 c\u0103tre \u021b\u0103rile din Asia-Pacific, dar nava Priamos va porni \u00eentr-o c\u0103l\u0103torie de peste 12.000 de mile (19.000 de kilometri) care probabil o va duce prin Canalul Suez.<\/strong><\/p>\n<p>Pre\u021burile motorinei \u00een Europa le dep\u0103\u0219esc cu mult pe cele din Asia, ceea ce explic\u0103 o c\u0103l\u0103torie care, \u00een mod normal, nu ar avea prea mult sens din punct de vedere economic. Un indicator care m\u0103soar\u0103 decalajul de pre\u021buri dintre cele dou\u0103 regiuni a ajuns recent la cel mai ridicat nivel de dup\u0103 2023, potrivit firmei de brokeraj PVM.<\/p>\n<p>\u00cen pofida perturb\u0103rii livr\u0103rilor de \u021bi\u021bei din Orientul Mijlociu, multe rafin\u0103rii asiatice au continuat s\u0103 produc\u0103 produse rafinate, cum ar fi motorina. China urmeaz\u0103 s\u0103 creasc\u0103 exporturile de motorin\u0103 \u00een aceast\u0103 lun\u0103, dup\u0103 o relaxare treptat\u0103 a restric\u021biilor impuse \u00een timpul r\u0103zboiului. AGERPRES\/(AS-redactor: Constantin Balaban, editor: Mariana Nica, editor online: Adrian D\u0103d\u00e2rlat)<\/p>\n<\/div>\n<div class=\"mx-auto pt-3\">\n                                Afisari: 1\n                            <\/div>\n<p>[analyse_source url=&#8221;https:\/\/agerpres.ro\/economic-extern\/2026\/09\/03\/criza-de-motorina-din-europa-este-atat-de-mare-incat-importa-combustibil-din-coreea-de-sud&#8211;1590222&#8243;]<\/p>\n","protected":false},"excerpt":{"rendered":"<p>[analyse_image type=&#8221;featured&#8221; src=&#8221;https:\/\/agerpres.ro\/data\/202609\/20260903091340_198210.jpg&#8221;] O nav\u0103 \u00eenc\u0103rcat\u0103 cu motorin\u0103 sud-coreean\u0103 se va \u00eendrepta spre Europa de Vest \u00een aceast\u0103 lun\u0103, o tranzac\u021bie rar\u0103 care eviden\u021biaz\u0103 eforturile de consolidare a aprovizion\u0103rii \u00een emisfera nordic\u0103 \u00eenainte de venirea iernii, transmite Bloomberg. Aproximativ 90.000 de tone de motorin\u0103 vor fi \u00eenc\u0103rcate pe Priamos, un petrolier nou construit pentru livrare [&hellip;]<\/p>\n","protected":false},"author":1,"featured_media":0,"comment_status":"open","ping_status":"","sticky":false,"template":"","format":"standard","meta":{"footnotes":""},"categories":[2],"tags":[37,226],"class_list":["post-2125735","post","type-post","status-publish","format-standard","hentry","category-politics","tag-agerpres-ro","tag-crawlmanager"],"_links":{"self":[{"href":"https:\/\/analyse.optim.biz\/index.php?rest_route=\/wp\/v2\/posts\/2125735","targetHints":{"allow":["GET"]}}],"collection":[{"href":"https:\/\/analyse.optim.biz\/index.php?rest_route=\/wp\/v2\/posts"}],"about":[{"href":"https:\/\/analyse.optim.biz\/index.php?rest_route=\/wp\/v2\/types\/post"}],"author":[{"embeddable":true,"href":"https:\/\/analyse.optim.biz\/index.php?rest_route=\/wp\/v2\/users\/1"}],"replies":[{"embeddable":true,"href":"https:\/\/analyse.optim.biz\/index.php?rest_route=%2Fwp%2Fv2%2Fcomments&post=2125735"}],"version-history":[{"count":0,"href":"https:\/\/analyse.optim.biz\/index.php?rest_route=\/wp\/v2\/posts\/2125735\/revisions"}],"wp:attachment":[{"href":"https:\/\/analyse.optim.biz\/index.php?rest_route=%2Fwp%2Fv2%2Fmedia&parent=2125735"}],"wp:term":[{"taxonomy":"category","embeddable":true,"href":"https:\/\/analyse.optim.biz\/index.php?rest_route=%2Fwp%2Fv2%2Fcategories&post=2125735"},{"taxonomy":"post_tag","embeddable":true,"href":"https:\/\/analyse.optim.biz\/index.php?rest_route=%2Fwp%2Fv2%2Ftags&post=2125735"}],"curies":[{"name":"wp","href":"https:\/\/api.w.org\/{rel}","templated":true}]}}