{"id":2125732,"date":"2026-09-02T23:00:25","date_gmt":"2026-09-02T20:00:25","guid":{"rendered":"https:\/\/analyse.optim.biz\/?p=2125732"},"modified":"2026-09-02T23:00:25","modified_gmt":"2026-09-02T20:00:25","slug":"cetatile-medievale-intre-restaurari-spectaculoase-si-controverse-castelul-din-carpati-printre-putinele","status":"publish","type":"post","link":"https:\/\/analyse.optim.biz\/?p=2125732","title":{"rendered":"Cet\u0103\u021bile medievale, \u00eentre restaur\u0103ri spectaculoase \u0219i controverse. \u201eCastelul din Carpa\u021bi\u201d printre pu\u021binele&#8230;"},"content":{"rendered":"<p>[analyse_image type=&#8221;featured&#8221; src=&#8221;https:\/\/cdn.adh.reperio.news\/image-b\/bc2471ea-a098-4601-a926-2a755c8b85c9\/index.jpeg?p=f%3Djpeg%26w%3D1200%26h%3D630%26r%3Dcover&#8221;]<\/p>\n<article class=\"svelte-x63bga\">\n<nav>\n<ul class=\"breadcrump svelte-1pk9a69\">\n<li class=\"svelte-1pk9a69\"><a href=\"https:\/\/adevarul.ro\/\" title=\"Adev\u0103rul\" class=\"svelte-1pk9a69\">Home<\/a><\/li>\n<li class=\"svelte-1pk9a69\"><a href=\"https:\/\/adevarul.ro\/stil-de-viata\" class=\"svelte-1pk9a69\">Stil de via\u021b\u0103<\/a><\/li>\n<li class=\"svelte-1pk9a69\"><a href=\"https:\/\/adevarul.ro\/stil-de-viata\/magazin\" class=\"svelte-1pk9a69\">Magazin<\/a><\/li>\n<li class=\"svelte-1pk9a69\"><a href=\"https:\/\/adevarul.ro\/stil-de-viata\/magazin\/cetatile-medievale-intre-restaurari-spectaculoase-2553715.html\" class=\"svelte-1pk9a69\">Cet\u0103\u021bile medievale, \u00eentre restaur\u0103ri spectaculoase \u0219i controverse. \u201eCastelul din Carpa\u021bi\u201d printre pu\u021binele fort\u0103re\u021be neatinse de secole<\/a><\/li>\n<\/ul>\n<\/nav>\n<p><main class=\"svelte-x63bga\"><\/p>\n<p>Mai multe lucr\u0103ri de restaurare a unor<br \/>\ncet\u0103\u021bi medievale din Rom\u00e2nia au st\u00e2rnit controverse din cauza noilor \u00eenf\u0103\u021bi\u0219\u0103ri<br \/>\nale monumentelor. Dup\u0103 interven\u021bii, vechile fortifica\u021bii au devenit mai<br \/>\naccesibile \u0219i au primit un rol turistic \u0219i comercial mai important, \u00eens\u0103 unele<br \/>\ndintre transform\u0103ri au fost privite cu \u00eendoial\u0103 sau ironie de vizitatori. <\/p>\n<div class=\"container-image  svelte-1xbw4f3\"><source type=\"image\/webp\" srcset=\"https:\/\/cdn.adh.reperio.news\/image-b\/bc2471ea-a098-4601-a926-2a755c8b85c9\/index.jpeg?p=a%3D1%26co%3D1.05%26w%3D1400%26h%3D750%26r%3Dcontain%26f%3Dwebp 1400w\" media=\"(min-width: 1400px)\" \/><\/p>\n<div class=\"caption svelte-1xbw4f3\"><span class=\"captionText svelte-1xbw4f3\">Cetatea Devei a fost restaurat\u0103 pe parcursul unui deceniu. <span class=\"source svelte-1xbw4f3\">Foto: Daniel Gu\u021b\u0103. ADEV\u0102RUL<\/span><\/span><\/div>\n<\/div>\n<p>Cetatea medieval\u0103 din Deva s-a aflat \u00een \u0219antier timp de un deceniu, fiind reabilitat\u0103 \u0219i restaurat\u0103 prin dou\u0103 proiecte finan\u021bate din fonduri europene, care au totalizat aproximativ 15 milioane de euro. <\/p>\n<h2>Cetatea Devei, dup\u0103 zece ani de restaurare<\/h2>\n<p>Lucr\u0103rile la cel de-al doilea proiect au fost finalizate \u00een prim\u0103vara anului 2024, iar odat\u0103 cu ele fortifica\u021bia medieval\u0103 de pe valea Mure\u0219ului a c\u0103p\u0103tat un aspect mai comercial \u0219i mai pu\u021bin apropiat de imaginea ruinelor cu care vizitatorii erau obi\u0219nui\u021bi. La fel ca \u00een cazul multor proiecte ample de restaurare, \u0219i la Cetatea Devei s-a mizat pe transformarea monumentului \u00eentr-un spa\u021biu destinat evenimentelor \u0219i activit\u0103\u021bilor culturale, fiind amenajate o scen\u0103, b\u0103nci pentru spectatori \u0219i spa\u021bii expozi\u021bionale moderne, construite din sticl\u0103 \u0219i instala\u021bii metalice.<\/p>\n<div class=\"_hydratable\" data-props=\"%7B%22type%22%3A%22video%22%2C%22data%22%3A%7B%22player_options%22%3A%7B%7D%2C%22video%22%3A%7B%22animated%22%3A0%2C%22created_at%22%3A%222026-06-21T09%3A36%3A58.000Z%22%2C%22created_by%22%3A149%2C%22entity_type%22%3A%22media%22%2C%22extension%22%3A%22mp4%22%2C%22id%22%3A%222b0c8548-9ce2-489a-b74d-519a77687296%22%2C%22origin_duration%22%3A97600%2C%22origin_hash%22%3A%22312d3e0bbbac64724a0a984ecdac3cb7ce8149ec%22%2C%22origin_height%22%3A720%2C%22origin_name%22%3A%22Cetatea%20Devei%2C%20video%20Daniel%20Gu%C8%9B%C4%83%20ADEV%C4%82RUL.mp4%22%2C%22origin_size%22%3A63761487%2C%22origin_width%22%3A1280%2C%22path%22%3A%22video-2%2F2b0c8548-9ce2-489a-b74d-519a77687296%2Findex.m3u8%22%2C%22prevent_prune%22%3A0%2C%22published%22%3A0%2C%22restrict_domains%22%3Anull%2C%22source%22%3Anull%2C%22source_url%22%3Anull%2C%22status%22%3A%22ready%22%2C%22thumb%22%3A%22https%3A%2F%2Fcdn.adh.reperio.news%2Fvideo-2%2F2b0c8548-9ce2-489a-b74d-519a77687296%2Fthumb.0000000.jpg%22%2C%22title%22%3A%22Cetatea%20Devei%2C%20video%20Daniel%20Gu%C8%9B%C4%83%20ADEV%C4%82RUL%20mp4%22%2C%22type%22%3A%22video%22%2C%22updated_at%22%3A%222026-06-21T09%3A37%3A40.000Z%22%2C%22url%22%3A%22https%3A%2F%2Fcdn.adh.reperio.news%2Fvideo-2%2F2b0c8548-9ce2-489a-b74d-519a77687296%2Findex.m3u8%22%2C%22video_raw%22%3Anull%2C%22video_thumbnail%22%3A%22thumb.0000000.jpg%22%7D%7D%7D\" data-context=\"%7B%22parentBlockColumnCount%22%3A%7B%22value%22%3A0%2C%22type%22%3A%22store%2Freadable%22%7D%2C%22parentBlockBackgroundColor%22%3A%7B%22type%22%3A%22store%2Freadable%22%7D%7D\" data-component=\"EditorVideoPlayer\"><\/div>\n<p><i>\u201eLucr\u0103rile exterioare au vizat trei zone: curtea mare, curtea mic\u0103 \u0219i zona de leg\u0103tur\u0103 dintre cele dou\u0103 cur\u021bi (fostul corp de Est al garnizoanei). Curtea mare este dedicat\u0103 evenimentelor culturale. \u00cen Incinta I vor fi expuse litografii de epoc\u0103 \u0219i alte imagini istorice cu Cetatea medieval\u0103 Deva, piese de artilerie specifice epocii, arme specifice diferitelor epoci istorice prin care a trecut Cetatea. Deasupra magaziei de arme, Platforma Belvedere Est \u2013 cel mai spectaculos loc din Incinta I \u2013 va g\u0103zdui evenimente cu specific istoric \u0219i va fi, \u00een acela\u0219i timp, un pol de atrac\u021bie major \u00een circuitul de vizitare a Cet\u0103\u021bii, av\u00e2nd \u00een vedere c\u0103 de aici poate fi admirat at\u00e2t ora\u0219ul, c\u00e2t \u0219i toat\u0103 Valea Mure\u0219ului\u201d,<\/i> a informat Prim\u0103ria municipiului Deva, la finalul celui de-al doilea proiect de reabilitare a ansamblului medieval. <\/p>\n<p>Vechiul ascensor care aducea turi\u0219ti \u00een cetate a fost, la r\u00e2ndul lui, \u00eenlocuit cu unul modern, cu o capacitate mai mare, \u00een care Prim\u0103ria municipiului Deva a investit peste patru milioane de euro. Noua instala\u021bie, inaugurat\u0103 \u00een prim\u0103vara anului 2024, a func\u021bionat doar pentru scurte perioade \u00een ultimii doi ani, iar \u00een 2026 nu a mai fost folosit\u0103, administra\u021bia local\u0103 reclam\u00e2nd constructorii pentru deficien\u021bele tehnice care au \u00eempiedicat func\u021bionarea normal\u0103 a instala\u021biei.<\/p>\n<div class=\"_hydratable\" data-props=\"%7B%22type%22%3A%22video%22%2C%22data%22%3A%7B%22player_options%22%3A%7B%7D%2C%22video%22%3A%7B%22animated%22%3A0%2C%22created_at%22%3A%222026-06-21T10%3A10%3A32.000Z%22%2C%22created_by%22%3A149%2C%22entity_type%22%3A%22media%22%2C%22extension%22%3A%22mp4%22%2C%22id%22%3A%22a692677d-ba77-424c-ae5f-46c6846c2353%22%2C%22origin_duration%22%3A114520%2C%22origin_hash%22%3A%220ebe5fbeda5f5becb57c25372f5669e089b16c34%22%2C%22origin_height%22%3A720%2C%22origin_name%22%3A%22Cetatea%20Devei%20Video%20Daniel%20Gu%C8%9B%C4%83%20ADEV%C4%82RUL.mp4%22%2C%22origin_size%22%3A75694971%2C%22origin_width%22%3A1280%2C%22path%22%3A%22video-a%2Fa692677d-ba77-424c-ae5f-46c6846c2353%2Findex.m3u8%22%2C%22prevent_prune%22%3A0%2C%22published%22%3A0%2C%22restrict_domains%22%3Anull%2C%22source%22%3Anull%2C%22source_url%22%3Anull%2C%22status%22%3A%22ready%22%2C%22thumb%22%3A%22https%3A%2F%2Fcdn.adh.reperio.news%2Fvideo-a%2Fa692677d-ba77-424c-ae5f-46c6846c2353%2Fthumb.0000000.jpg%22%2C%22title%22%3A%22Cetatea%20Devei%20Video%20Daniel%20Gu%C8%9B%C4%83%20ADEV%C4%82RUL%20mp4%22%2C%22type%22%3A%22video%22%2C%22updated_at%22%3A%222026-06-21T10%3A11%3A27.000Z%22%2C%22url%22%3A%22https%3A%2F%2Fcdn.adh.reperio.news%2Fvideo-a%2Fa692677d-ba77-424c-ae5f-46c6846c2353%2Findex.m3u8%22%2C%22video_raw%22%3Anull%2C%22video_thumbnail%22%3A%22thumb.0000000.jpg%22%7D%7D%7D\" data-context=\"%7B%22parentBlockColumnCount%22%3A%7B%22value%22%3A0%2C%22type%22%3A%22store%2Freadable%22%7D%2C%22parentBlockBackgroundColor%22%3A%7B%22type%22%3A%22store%2Freadable%22%7D%7D\" data-component=\"EditorVideoPlayer\"><\/div>\n<p><i>\u201e\u00cen momentul de fa\u021b\u0103, noi avem un proces penal \u0219i un proces civil pe rol (n.r. cu constructorii telecabinei). Avem o expertiz\u0103 extrajudiciar\u0103 f\u0103cut\u0103, care ne spune anumite disfunc\u021bionalit\u0103\u021bi ale ei, dar nimic concret. Este treaba, p\u00e2n\u0103 la urm\u0103, a produc\u0103torului, care trebuia s\u0103 o fac\u0103 s\u0103 fie func\u021bional\u0103\u201d,<\/i><span>declara Lucian Rus, primarul Devei.<\/span><\/p>\n<p>Pentru mul\u021bi dintre cei care o vizitau \u00een trecut, Cetatea medieval\u0103 a Devei este ast\u0103zi greu de recunoscut. Dotat\u0103 cu un ascensor modern, dar nefunc\u021bional, cu spa\u021bii noi pentru expozi\u021bii \u0219i evenimente \u0219i cu amenaj\u0103ri din piatr\u0103, beton, sticl\u0103 \u0219i metal, fortifica\u021bia nu mai seam\u0103n\u0103 aproape deloc cu ruina din anii trecu\u021bi, str\u0103b\u0103tut\u0103 de poteci de p\u0103m\u00e2nt, unde turi\u0219tii <a href=\"https:\/\/adevarul.ro\/stiri-locale\/hunedoara\/viperele-adevaratii-stapani-ai-cetatii-devei-2538013.html\">trebuiau s\u0103 fie aten\u021bi chiar \u0219i la vipere. <\/a><\/p>\n<p>Vechea fortifica\u021bie \u00ee\u0219i p\u0103strase, \u00een linii mari, aceea\u0219i \u00eenf\u0103\u021bi\u0219are \u00eenc\u0103 din 1849, c\u00e2nd o explozie devastatoare a dus la distrugerea unei mari p\u0103r\u021bi a cet\u0103\u021bii, \u00eens\u0103 odat\u0103 cu restaur\u0103rile din ultimii ani multe din urmele \u0219i suprafe\u021bele sale istorice au fost acoperite. <\/p>\n<h2>Cet\u0103\u021bi medievale cu aspect \u201emodern\u201d<\/h2>\n<p>Al\u0103turi de Cetatea medieval\u0103 a Devei, \u00een ultimii ani \u0219i alte fortifica\u021bii vechi de secole au primit noi \u00eenf\u0103\u021bi\u0219\u0103ri dup\u0103 restaurare. Reconstruirea Cet\u0103\u021bii M\u0103l\u0103ie\u0219ti din Hunedoara, aflat\u0103 la poalele Retezatului, a fost contestat\u0103 pentru aspectul prea nou al monumentului. Donjonul medieval a fost supra\u00een\u0103l\u021bat cu un etaj din c\u0103r\u0103mid\u0103, de\u0219i construc\u021bia veche fusese ridicat\u0103 din piatr\u0103, \u0219i a primit acoperi\u0219, ferestre moderne \u0219i instala\u021bii.<\/p>\n<p><i>\u201eCetatea M\u0103l\u0103ie\u015fti este una dintre cele mai mari gafe de restaurare pe care le putem \u00eenregistra \u00een Ardeal. La M\u0103l\u0103ie\u015fti au \u00een\u0103l\u0163at un etaj nou peste turnul vechi\u201d,<\/i>\u00a0scria, \u00een 2016, arheologul medievist Adrian Andrei Rusu, de la Institutul de Arheologie \u015fi Istoria Artei din Cluj.<\/p>\n<div class=\"_hydratable\" data-props=\"%7B%22type%22%3A%22video%22%2C%22data%22%3A%7B%22player_options%22%3A%7B%7D%2C%22video%22%3A%7B%22animated%22%3A0%2C%22created_at%22%3A%222023-05-20T13%3A58%3A46.000Z%22%2C%22created_by%22%3A149%2C%22entity_type%22%3A%22media%22%2C%22extension%22%3A%22mp4%22%2C%22id%22%3A%22b7f2c8ef-8a12-4019-bb43-6e511aa5b3cb%22%2C%22origin_duration%22%3A224606%2C%22origin_hash%22%3A%22dc5fb1e2bfb6d9ece7ac32b1f6628bb24d8f1237%22%2C%22origin_height%22%3A720%2C%22origin_name%22%3A%22Cetatea%20medieval%C4%83%20M%C4%83l%C4%83ie%C8%99ti%2C%20ref%C4%83cut%C4%83%20din%20temelii.mp4%22%2C%22origin_size%22%3A62173498%2C%22origin_width%22%3A1280%2C%22path%22%3A%22video-b%2Fb7f2c8ef-8a12-4019-bb43-6e511aa5b3cb%2Findex.m3u8%22%2C%22prevent_prune%22%3A0%2C%22published%22%3A0%2C%22restrict_domains%22%3Anull%2C%22source%22%3Anull%2C%22source_url%22%3Anull%2C%22status%22%3A%22ready%22%2C%22thumb%22%3A%22https%3A%2F%2Fcdn.adh.reperio.news%2Fvideo-b%2Fb7f2c8ef-8a12-4019-bb43-6e511aa5b3cb%2Fthumb-00001.png%22%2C%22title%22%3A%22Cetatea%20medieval%C4%83%20M%C4%83l%C4%83ie%C8%99ti%2C%20ref%C4%83cut%C4%83%20din%20temelii%20mp4%22%2C%22type%22%3A%22video%22%2C%22updated_at%22%3A%222023-05-20T13%3A59%3A47.000Z%22%2C%22url%22%3A%22https%3A%2F%2Fcdn.adh.reperio.news%2Fvideo-b%2Fb7f2c8ef-8a12-4019-bb43-6e511aa5b3cb%2Findex.m3u8%22%2C%22video_raw%22%3Anull%2C%22video_thumbnail%22%3Anull%7D%7D%7D\" data-context=\"%7B%22parentBlockColumnCount%22%3A%7B%22value%22%3A0%2C%22type%22%3A%22store%2Freadable%22%7D%2C%22parentBlockBackgroundColor%22%3A%7B%22type%22%3A%22store%2Freadable%22%7D%7D\" data-component=\"EditorVideoPlayer\"><\/div>\n<p><a class=\"related-inline svelte-78g0vl\" data-gtrack=\"{&quot;event&quot;:&quot;utm_click&quot;,&quot;data&quot;:{&quot;event_category&quot;:&quot;article_related&quot;}}\" href=\"https:\/\/adevarul.ro\/stil-de-viata\/calatorii\/castelul-din-carpati-redescoperit-pe-un-traseu-2522117.html\" title=\"Alt articol de interes pentru tine\"><span class=\"inline-title svelte-78g0vl\">Castelul din Carpa\u021bi, redescoperit pe un traseu spectaculos. Misterele cet\u0103\u021bii Col\u021b, p\u0103r\u0103sit\u0103 de secole la poalele Retezatului<\/span><\/a><\/p>\n<p>\u0218i restaurarea Cet\u0103\u021bii Severinului a st\u00e2rnit critici. \u00centr-un pamflet publicat \u00een 2018 de platforma cultural\u0103 Matricea Rom\u00e2neasc\u0103, interven\u021biile asupra monumentului erau ironizate.<\/p>\n<p><i>\u201eCe f\u0103cur\u0103\u0163i, neic\u0103? Prima cetate de piatr\u0103 din spa\u0163iul rom\u00e2nesc, de la Severin, are mai mult\u0103 gresie \u015fi sticl\u0103 dec\u00e2t piatr\u0103. Geamuri multe, ca la impozite \u015fi taxe, dar pu\u0163in\u0103 iubire de patrimoniu \u015fi de cultur\u0103. Butaforiile, la ele acas\u0103 \u00een Cetatea \u00abMedieval\u0103\u00bb a Severinului, \u00abreabilitat\u0103\u00bb cu milioane de euro. Gresie, sticl\u0103 \u015fi betoane, \u00eentr-o cetate medieval\u0103 de la 1247. Plus multe butaforii. Un lucru e cert: avem o istorie \u00abbeton\u00bb! Cetatea Severinului e dovada vie. La ie\u015fire, te \u00eentrebi dac\u0103 cetatea a fost realmente distrus\u0103 de Soliman Magnificul sau de ultima \u00abrestaurare\u00bb\u201d,<\/i> scria \u00een 2018 Teodor Burnar, vicepre\u0219edintele Asocia\u021biei Culturale Matricea Rom\u00e2neasc\u0103.<\/p>\n<div class=\"_hydratable\" data-props=\"%7B%22data%22%3A%7B%22images%22%3A%5B%7B%22animated%22%3A0%2C%22created_at%22%3A%222026-07-18T08%3A38%3A17.000Z%22%2C%22created_by%22%3A149%2C%22entity_type%22%3A%22media%22%2C%22extension%22%3A%22jpeg%22%2C%22id%22%3A%22b8a2dbdb-cdc5-4494-9e3e-c5fb105259a7%22%2C%22origin_duration%22%3Anull%2C%22origin_hash%22%3A%225edb0df39ba5235f3da93c0dad8b0fc26431b137%22%2C%22origin_height%22%3A844%2C%22origin_name%22%3A%22Drobeta%20Turnu%20Severin%2C%20iulie%202026.%20Foto%20Daniel%20Gu%C8%9B%C4%83.%20ADEV%C4%82RUL%20(38).jpg%22%2C%22origin_size%22%3A516906%2C%22origin_width%22%3A1500%2C%22path%22%3A%22image-b%2Fb8a2dbdb-cdc5-4494-9e3e-c5fb105259a7%2Findex.jpeg%22%2C%22prevent_prune%22%3A0%2C%22published%22%3A0%2C%22restrict_domains%22%3Anull%2C%22source%22%3Anull%2C%22source_url%22%3Anull%2C%22status%22%3A%22ready%22%2C%22title%22%3A%22Drobeta%20Turnu%20Severin%2C%20iulie%202026%20%20Foto%20Daniel%20Gu%C8%9B%C4%83%20%20ADEV%C4%82RUL%20(38)%20jpg%22%2C%22type%22%3A%22image%22%2C%22updated_at%22%3A%222026-07-18T08%3A38%3A18.000Z%22%2C%22url%22%3A%22https%3A%2F%2Fcdn.adh.reperio.news%2Fimage-b%2Fb8a2dbdb-cdc5-4494-9e3e-c5fb105259a7%2Findex.jpeg%22%2C%22video_raw%22%3Anull%2C%22video_thumbnail%22%3Anull%7D%2C%7B%22animated%22%3A0%2C%22created_at%22%3A%222026-07-18T08%3A38%3A17.000Z%22%2C%22created_by%22%3A149%2C%22entity_type%22%3A%22media%22%2C%22extension%22%3A%22jpeg%22%2C%22id%22%3A%22f706174c-bc07-4f20-a712-98d5dc855147%22%2C%22origin_duration%22%3Anull%2C%22origin_hash%22%3A%2244aa651d30adaaae85661d0eccb5fdee8185f74b%22%2C%22origin_height%22%3A844%2C%22origin_name%22%3A%22Drobeta%20Turnu%20Severin%2C%20iulie%202026.%20Foto%20Daniel%20Gu%C8%9B%C4%83.%20ADEV%C4%82RUL%20(37).jpg%22%2C%22origin_size%22%3A617462%2C%22origin_width%22%3A1500%2C%22path%22%3A%22image-f%2Ff706174c-bc07-4f20-a712-98d5dc855147%2Findex.jpeg%22%2C%22prevent_prune%22%3A0%2C%22published%22%3A0%2C%22restrict_domains%22%3Anull%2C%22source%22%3Anull%2C%22source_url%22%3Anull%2C%22status%22%3A%22ready%22%2C%22title%22%3A%22Drobeta%20Turnu%20Severin%2C%20iulie%202026%20%20Foto%20Daniel%20Gu%C8%9B%C4%83%20%20ADEV%C4%82RUL%20(37)%20jpg%22%2C%22type%22%3A%22image%22%2C%22updated_at%22%3A%222026-07-18T08%3A38%3A18.000Z%22%2C%22url%22%3A%22https%3A%2F%2Fcdn.adh.reperio.news%2Fimage-f%2Ff706174c-bc07-4f20-a712-98d5dc855147%2Findex.jpeg%22%2C%22video_raw%22%3Anull%2C%22video_thumbnail%22%3Anull%7D%2C%7B%22animated%22%3A0%2C%22created_at%22%3A%222026-07-18T08%3A38%3A16.000Z%22%2C%22created_by%22%3A149%2C%22entity_type%22%3A%22media%22%2C%22extension%22%3A%22jpeg%22%2C%22id%22%3A%2257d8a43d-f220-4301-8a5e-2e800755cc1b%22%2C%22origin_duration%22%3Anull%2C%22origin_hash%22%3A%22edc562fd390d189e27ae21dd1d2a8b3d74505bcb%22%2C%22origin_height%22%3A844%2C%22origin_name%22%3A%22Drobeta%20Turnu%20Severin%2C%20iulie%202026.%20Foto%20Daniel%20Gu%C8%9B%C4%83.%20ADEV%C4%82RUL%20(36).jpg%22%2C%22origin_size%22%3A523981%2C%22origin_width%22%3A1500%2C%22path%22%3A%22image-5%2F57d8a43d-f220-4301-8a5e-2e800755cc1b%2Findex.jpeg%22%2C%22prevent_prune%22%3A0%2C%22published%22%3A0%2C%22restrict_domains%22%3Anull%2C%22source%22%3Anull%2C%22source_url%22%3Anull%2C%22status%22%3A%22ready%22%2C%22title%22%3A%22Drobeta%20Turnu%20Severin%2C%20iulie%202026%20%20Foto%20Daniel%20Gu%C8%9B%C4%83%20%20ADEV%C4%82RUL%20(36)%20jpg%22%2C%22type%22%3A%22image%22%2C%22updated_at%22%3A%222026-07-18T08%3A38%3A17.000Z%22%2C%22url%22%3A%22https%3A%2F%2Fcdn.adh.reperio.news%2Fimage-5%2F57d8a43d-f220-4301-8a5e-2e800755cc1b%2Findex.jpeg%22%2C%22video_raw%22%3Anull%2C%22video_thumbnail%22%3Anull%7D%2C%7B%22animated%22%3A0%2C%22created_at%22%3A%222026-07-18T08%3A38%3A18.000Z%22%2C%22created_by%22%3A149%2C%22entity_type%22%3A%22media%22%2C%22extension%22%3A%22jpeg%22%2C%22id%22%3A%2292a05497-106e-444b-8f4b-f6e0e8158275%22%2C%22origin_duration%22%3Anull%2C%22origin_hash%22%3A%22275a5879179a98bf5234ca4402464dfe7fd251f5%22%2C%22origin_height%22%3A844%2C%22origin_name%22%3A%22Drobeta%20Turnu%20Severin%2C%20iulie%202026.%20Foto%20Daniel%20Gu%C8%9B%C4%83.%20ADEV%C4%82RUL%20(39).jpg%22%2C%22origin_size%22%3A575798%2C%22origin_width%22%3A1500%2C%22path%22%3A%22image-9%2F92a05497-106e-444b-8f4b-f6e0e8158275%2Findex.jpeg%22%2C%22prevent_prune%22%3A0%2C%22published%22%3A0%2C%22restrict_domains%22%3Anull%2C%22source%22%3Anull%2C%22source_url%22%3Anull%2C%22status%22%3A%22ready%22%2C%22title%22%3A%22Drobeta%20Turnu%20Severin%2C%20iulie%202026%20%20Foto%20Daniel%20Gu%C8%9B%C4%83%20%20ADEV%C4%82RUL%20(39)%20jpg%22%2C%22type%22%3A%22image%22%2C%22updated_at%22%3A%222026-07-18T08%3A38%3A18.000Z%22%2C%22url%22%3A%22https%3A%2F%2Fcdn.adh.reperio.news%2Fimage-9%2F92a05497-106e-444b-8f4b-f6e0e8158275%2Findex.jpeg%22%2C%22video_raw%22%3Anull%2C%22video_thumbnail%22%3Anull%7D%5D%7D%2C%22id%22%3A%22U0ZxZ8dgSq%22%2C%22type%22%3A%22imageGallery%22%2C%22lines%22%3A10%2C%22linesAbove%22%3A155%2C%22index%22%3A18%2C%22paragraphsAbove%22%3A12%2C%22percentage%22%3A0.6150793650793651%2C%22linesBellow%22%3A97%7D\" data-context=\"%7B%22parentBlockColumnCount%22%3A%7B%22value%22%3A0%2C%22type%22%3A%22store%2Freadable%22%7D%2C%22parentBlockBackgroundColor%22%3A%7B%22type%22%3A%22store%2Freadable%22%7D%7D\" data-component=\"EditorImageGallery\">\n<div class=\"gallery svelte-xkotre\" role=\"group\" aria-label=\"Drobeta Turnu Severin, iulie 2026  Foto Daniel Gu\u021b\u0103  ADEV\u0102RUL (38) jpg\" tabindex=\"0\">\n<div class=\"main svelte-xkotre clickable\">\n<div class=\"slide svelte-xkotre\"><source type=\"image\/webp\" srcset=\"https:\/\/cdn.adh.reperio.news\/image-b\/b8a2dbdb-cdc5-4494-9e3e-c5fb105259a7\/index.jpeg?p=a%3D1%26co%3D1.05%26w%3D1136%26h%3D800%26r%3Dcontain%26f%3Dwebp 1136w\" media=\"(min-width: 1136px)\" \/><\/div>\n<div class=\"counter svelte-xkotre\">1\/4<\/div>\n<\/div>\n<div class=\"caption svelte-xkotre\">Drobeta Turnu Severin, iulie 2026  Foto Daniel Gu\u021b\u0103  ADEV\u0102RUL (38) jpg <\/div>\n<\/div>\n<\/div>\n<p>Pe Clisura Dun\u0103rii, Cetatea Ladislau de la Coronini a fost redeschis\u0103 \u00een 2026 dup\u0103 o investi\u021bie de aproape patru milioane de euro. Pe ruinele de pe malul Dun\u0103rii au fost amenajate platforme \u0219i pasarele metalice, un punct de belvedere \u00eentr-unul dintre turnuri, alei \u0219i iluminat arhitectural, iar \u00een incinta sitului a fost construit \u0219i un corp anex\u0103 destinat administr\u0103rii \u0219i primirii vizitatorilor.<\/p>\n<div class=\"_hydratable\" data-props=\"%7B%22type%22%3A%22video%22%2C%22data%22%3A%7B%22player_options%22%3A%7B%7D%2C%22video%22%3A%7B%22animated%22%3A0%2C%22created_at%22%3A%222024-09-12T17%3A14%3A17.000Z%22%2C%22created_by%22%3A110%2C%22entity_type%22%3A%22media%22%2C%22extension%22%3A%22mp4%22%2C%22id%22%3A%224025a929-b7bd-4188-bd05-9b28acf4d8a5%22%2C%22origin_duration%22%3A115681%2C%22origin_hash%22%3A%223acfe73abdc592b76d88f1a2e663b1f9a16458a8%22%2C%22origin_height%22%3A480%2C%22origin_name%22%3A%22Filmare%20drona%20Cetatea%20Poienari.mp4%22%2C%22origin_size%22%3A21919040%2C%22origin_width%22%3A848%2C%22path%22%3A%22video-4%2F4025a929-b7bd-4188-bd05-9b28acf4d8a5%2Findex.m3u8%22%2C%22prevent_prune%22%3A0%2C%22published%22%3A0%2C%22restrict_domains%22%3Anull%2C%22source%22%3Anull%2C%22source_url%22%3Anull%2C%22status%22%3A%22ready%22%2C%22thumb%22%3A%22https%3A%2F%2Fcdn.adh.reperio.news%2Fvideo-4%2F4025a929-b7bd-4188-bd05-9b28acf4d8a5%2Fthumb-00001.png%22%2C%22title%22%3A%22Filmare%20drona%20Cetatea%20Poienari%20mp4%22%2C%22type%22%3A%22video%22%2C%22updated_at%22%3A%222024-09-12T17%3A14%3A40.000Z%22%2C%22url%22%3A%22https%3A%2F%2Fcdn.adh.reperio.news%2Fvideo-4%2F4025a929-b7bd-4188-bd05-9b28acf4d8a5%2Findex.m3u8%22%2C%22video_raw%22%3Anull%2C%22video_thumbnail%22%3Anull%7D%7D%7D\" data-context=\"%7B%22parentBlockColumnCount%22%3A%7B%22value%22%3A0%2C%22type%22%3A%22store%2Freadable%22%7D%2C%22parentBlockBackgroundColor%22%3A%7B%22type%22%3A%22store%2Freadable%22%7D%7D\" data-component=\"EditorVideoPlayer\"><\/div>\n<p>Cetatea Poenari, ridicat\u0103 \u00een vremea lui Vlad \u021aepe\u0219, a fost redeschis\u0103 \u00een 2025 dup\u0103 trei ani de lucr\u0103ri de conservare \u0219i restaurare, \u00een valoare de peste 25 de milioane de lei. Pe l\u00e2ng\u0103 interven\u021biile asupra zidurilor \u0219i pavimentelor, traseul celor 1.480 de trepte a primit iluminat, supraveghere, fibr\u0103 optic\u0103 \u0219i Wi-Fi. La mai pu\u021bin de un an de la redeschidere, autorit\u0103\u021bile au constatat \u00eens\u0103 fisuri \u0219i desprinderi ale betonului nou la aproximativ 30 de trepte \u0219i dou\u0103 podeste.<\/p>\n<h2>Cetatea Col\u021b, printre monumentele care \u0219i-au p\u0103strat aspectul de secole<\/h2>\n<p>Veche din secolul al XIV-lea, Cetatea Col\u021b de la R\u00e2u de Mori (jude\u021bul Hunedoara) a r\u0103mas printre monumentele medievale care, \u00een ultimele secole, au fost ocolite de lucr\u0103ri ample de restaurare. Pentru mul\u021bi dintre oaspe\u021bii s\u0103i, aspectul de ruin\u0103 romantic\u0103 a r\u0103mas \u00eens\u0103 atractiv, chiar dac\u0103 trecerea timpului i-a afectat rezisten\u021ba.<\/p>\n<div class=\"_hydratable\" data-props=\"%7B%22type%22%3A%22video%22%2C%22data%22%3A%7B%22player_options%22%3A%7B%7D%2C%22video%22%3A%7B%22animated%22%3A0%2C%22created_at%22%3A%222026-04-11T11%3A17%3A29.000Z%22%2C%22created_by%22%3A149%2C%22entity_type%22%3A%22media%22%2C%22extension%22%3A%22mp4%22%2C%22id%22%3A%2256dcf0b7-9165-4237-893c-dd202dd899e4%22%2C%22origin_duration%22%3A99240%2C%22origin_hash%22%3A%22d481cba98e6936b4a30dd56a3e97c26d64357b43%22%2C%22origin_height%22%3A720%2C%22origin_name%22%3A%22Cetatea%20Col%C8%9B%20imagini%20aeriene%20Video%20Daniel%20Gu%C8%9B%C4%83%20ADEV%C4%82RUL.mp4%22%2C%22origin_size%22%3A64883698%2C%22origin_width%22%3A1280%2C%22path%22%3A%22video-5%2F56dcf0b7-9165-4237-893c-dd202dd899e4%2Findex.m3u8%22%2C%22prevent_prune%22%3A0%2C%22published%22%3A0%2C%22restrict_domains%22%3Anull%2C%22source%22%3Anull%2C%22source_url%22%3Anull%2C%22status%22%3A%22ready%22%2C%22thumb%22%3A%22https%3A%2F%2Fcdn.adh.reperio.news%2Fvideo-5%2F56dcf0b7-9165-4237-893c-dd202dd899e4%2Fthumb.0000000.jpg%22%2C%22title%22%3A%22Cetatea%20Col%C8%9B%20imagini%20aeriene%20Video%20Daniel%20Gu%C8%9B%C4%83%20ADEV%C4%82RUL%20mp4%22%2C%22type%22%3A%22video%22%2C%22updated_at%22%3A%222026-04-11T11%3A18%3A23.000Z%22%2C%22url%22%3A%22https%3A%2F%2Fcdn.adh.reperio.news%2Fvideo-5%2F56dcf0b7-9165-4237-893c-dd202dd899e4%2Findex.m3u8%22%2C%22video_raw%22%3Anull%2C%22video_thumbnail%22%3A%22thumb.0000000.jpg%22%7D%7D%7D\" data-context=\"%7B%22parentBlockColumnCount%22%3A%7B%22value%22%3A0%2C%22type%22%3A%22store%2Freadable%22%7D%2C%22parentBlockBackgroundColor%22%3A%7B%22type%22%3A%22store%2Freadable%22%7D%7D\" data-component=\"EditorVideoPlayer\"><\/div>\n<p>Fortifica\u021bia, aflat\u0103 pe un pinten st\u00e2ncos, la peste 100 de metri deasupra v\u0103ii R\u00e2u\u0219orului, a fost ridicat\u0103 de familia cnezial\u0103 C\u00e2ndea, maghiarizat\u0103 ulterior sub numele Kendeffy, \u00eens\u0103 \u00een secolul al XIX-lea era deja ruinat\u0103. \u00cen vale, pe versantul opus, familia C\u00e2nde\u0219tilor a ridicat M\u0103n\u0103stirea Col\u021b, faimoas\u0103 \u00een trecut datorit\u0103 legendelor despre comorile ascunse \u00een jurul ei, dar \u0219i pentru picturile medievale, vandalizate \u00een secolele care au urmat.<\/p>\n<p><a class=\"related-inline svelte-78g0vl\" data-gtrack=\"{&quot;event&quot;:&quot;utm_click&quot;,&quot;data&quot;:{&quot;event_category&quot;:&quot;article_related&quot;}}\" href=\"https:\/\/adevarul.ro\/stiri-locale\/hunedoara\/viperele-adevaratii-stapani-ai-cetatii-devei-2538013.html\" title=\"Alt articol de interes pentru tine\"><span class=\"inline-title svelte-78g0vl\">Viperele, adev\u0103ra\u021bii st\u0103p\u00e2ni ai Cet\u0103\u021bii Devei. \u201eScena care se prezint\u0103 ochilor \u00ee\u021bi strecoar\u0103 fiori pe \u0219ira spin\u0103rii\u201d<\/span><\/a><\/p>\n<p>\u00cen secolul XX, Cetatea Col\u021b a devenit cunoscut\u0103 datorit\u0103 romanului \u201eCastelul din Carpa\u021bi\u201d, scris de Jules Verne. Ruinele sale ar fi inspirat scriitorul francez \u00een relatarea sa \u0219tiin\u021bifico-fantastic\u0103. Popularitatea cet\u0103\u021bii nu a atras \u00eens\u0103 lucr\u0103ri importante de restaurare. Abia \u00een ultimii ani, aceasta a devenit mai accesibil\u0103, odat\u0103 cu amenajarea potecii prin p\u0103dure. Ajun\u0219i sus, la ruine, c\u0103l\u0103torii g\u0103sesc o priveli\u0219te desprins\u0103 parc\u0103 din scenele relatate de Jules Verne.<\/p>\n<div class=\"_hydratable\" data-props=\"%7B%22type%22%3A%22video%22%2C%22data%22%3A%7B%22player_options%22%3A%7B%7D%2C%22video%22%3A%7B%22animated%22%3A0%2C%22created_at%22%3A%222026-04-11T11%3A17%3A29.000Z%22%2C%22created_by%22%3A149%2C%22entity_type%22%3A%22media%22%2C%22extension%22%3A%22mp4%22%2C%22id%22%3A%227ee9a825-6fab-44ad-bddc-a6b3f16c618a%22%2C%22origin_duration%22%3A117160%2C%22origin_hash%22%3A%22c0014770643646f0ef1be235aa6baeb7656e6d9b%22%2C%22origin_height%22%3A720%2C%22origin_name%22%3A%22Cetatea%20Col%C8%9B%20%20Video%20Daniel%20Gu%C8%9B%C4%83%20ADEV%C4%82RUL.mp4%22%2C%22origin_size%22%3A76969475%2C%22origin_width%22%3A1280%2C%22path%22%3A%22video-7%2F7ee9a825-6fab-44ad-bddc-a6b3f16c618a%2Findex.m3u8%22%2C%22prevent_prune%22%3A0%2C%22published%22%3A0%2C%22restrict_domains%22%3Anull%2C%22source%22%3Anull%2C%22source_url%22%3Anull%2C%22status%22%3A%22ready%22%2C%22thumb%22%3A%22https%3A%2F%2Fcdn.adh.reperio.news%2Fvideo-7%2F7ee9a825-6fab-44ad-bddc-a6b3f16c618a%2Fthumb.0000000.jpg%22%2C%22title%22%3A%22Cetatea%20Col%C8%9B%20%20Video%20Daniel%20Gu%C8%9B%C4%83%20ADEV%C4%82RUL%20mp4%22%2C%22type%22%3A%22video%22%2C%22updated_at%22%3A%222026-04-11T11%3A18%3A36.000Z%22%2C%22url%22%3A%22https%3A%2F%2Fcdn.adh.reperio.news%2Fvideo-7%2F7ee9a825-6fab-44ad-bddc-a6b3f16c618a%2Findex.m3u8%22%2C%22video_raw%22%3Anull%2C%22video_thumbnail%22%3A%22thumb.0000000.jpg%22%7D%7D%7D\" data-context=\"%7B%22parentBlockColumnCount%22%3A%7B%22value%22%3A0%2C%22type%22%3A%22store%2Freadable%22%7D%2C%22parentBlockBackgroundColor%22%3A%7B%22type%22%3A%22store%2Freadable%22%7D%7D\" data-component=\"EditorVideoPlayer\"><\/div>\n<p><i>\u201eNu se distinge de fundalul mun\u0163ilor. Ceea ce ai fi ispitit s\u0103 iei drept un donjon nu este dec\u00e2t o gr\u0103mad\u0103 \u00eentunecat\u0103 de pietre. Cine \u00eel prive\u015fte are impresia c\u0103 z\u0103re\u015fte crenelurile unui zid, unde nu se afl\u0103 poate dec\u00e2t o creast\u0103 st\u00e2ncoas\u0103. \u00centreg ansamblul e p\u00e2clos, mi\u015fc\u0103tor, incert. A\u015fa c\u0103, dac\u0103 ar fi s\u0103 d\u0103m crezare feluri\u0163ilor c\u0103l\u0103tori, Castelul din Carpa\u0163i exist\u0103 doar \u00een imagina\u0163ia celor din comitat\u201d,<\/i> nota autorul romanului \u201eCastelul din Carpa\u021bi\u201d, \u00een urm\u0103 cu mai bine de un secol.<\/p>\n<p>Autorit\u0103\u021bile din comuna R\u00e2u de Mori au planuri mari pentru cetatea medieval\u0103, \u00eens\u0103 lipsa finan\u021b\u0103rilor externe le-ar putea am\u00e2na pentru mai mul\u021bi ani.<\/p>\n<p><i>\u201eNu am identificat p\u00e2n\u0103 acum nicio surs\u0103 de finan\u021bare pentru un proiect de restaurare a cet\u0103\u021bii, pe care ne dorim s\u0103 o restaur\u0103m total, p\u00e2n\u0103 la forma ini\u021bial\u0103\u201d,<\/i> a precizat Flaviu Dilertea, primarul comunei R\u00e2u de Mori.<\/p>\n<p>Acesta a ad\u0103ugat c\u0103, fiind vorba despre un monument istoric, o eventual\u0103 restaurare va trebui realizat\u0103 numai \u00een baza unor studii \u0219i proiecte avizate de speciali\u0219ti, astfel \u00eenc\u00e2t interven\u021biile s\u0103 nu afecteze autenticitatea monumentului \u0219i vestigiile p\u0103strate.<\/p>\n<p>Cetatea Col\u021b a fost \u00eentabulat\u0103 de Prim\u0103ria R\u00e2u de Mori \u00een domeniul public al comunei, demers necesar pentru ca administra\u021bia local\u0103 s\u0103 poat\u0103 ini\u021bia proiecte de conservare \u0219i restaurare \u0219i s\u0103 caute surse de finan\u021bare pentru acestea.<\/p>\n<p><\/main><\/p>\n<footer class=\"svelte-x63bga\">\n<div class=\"related-wrap related-footer svelte-78g0vl\"><span class=\"related-label svelte-78g0vl\">Cite\u0219te \u0219i<\/span><a class=\"related svelte-78g0vl\" data-gtrack=\"{&quot;event&quot;:&quot;utm_click&quot;,&quot;data&quot;:{&quot;event_category&quot;:&quot;article_related&quot;}}\" href=\"https:\/\/adevarul.ro\/stiri-locale\/brasov\/de-la-400000-de-bilete-vandute-la-lacat-pe-poarta-2550956.html\" title=\"Alt articol de interes pentru tine\"><img decoding=\"async\" class=\"thumb svelte-78g0vl\" src=\"https:\/\/cdn.adh.reperio.news\/image-a\/a7b96a38-e261-4fe8-8e2f-f0ba94e7300e\/index.jpeg?p=f%3Dwebp%26w%3D120%26h%3D80%26r%3Dcover%26a%3D0\" alt loading=\"lazy\" width=\"80\" height=\"54\"><span class=\"title svelte-78g0vl\">De la 400.000 de bilete v\u00e2ndute la lac\u0103t pe poart\u0103 de peste patru ani. Ce se \u00eent\u00e2mpl\u0103 cu cea mai faimoas\u0103 cetate din \u021aara B\u00e2rsei<\/span><\/a><\/div>\n<div class=\"meta svelte-x63bga\">\n<div class=\"authors svelte-x63bga\"><span class=\"names svelte-x63bga\"><a href=\"https:\/\/adevarul.ro\/author\/788\" rel=\"author\" class=\"svelte-x63bga\">Daniel Gu\u0163\u0103<\/a><\/span><\/p>\n<div class=\"_hydratable\" data-props=\"%7B%22showLive%22%3Atrue%7D\" data-context=\"%7B%22parentBlockColumnCount%22%3A%7B%22value%22%3A0%2C%22type%22%3A%22store%2Freadable%22%7D%2C%22parentBlockBackgroundColor%22%3A%7B%22type%22%3A%22store%2Freadable%22%7D%7D\" data-component=\"ShareButton\">\n<div class=\"shareButtons svelte-itwbrr\">\n<div class=\"liveSessions metaFont svelte-1maxmbf\"><span class=\"value svelte-1maxmbf\">1<\/span> live <\/div>\n<\/div>\n<\/div>\n<\/div>\n<div class=\"tags svelte-1l3vwp1\"><span class=\"tags-label metaFont svelte-1l3vwp1\">Cite\u0219te mai multe despre<\/span><\/p>\n<div class=\"tags-list svelte-1l3vwp1\"><a href=\"https:\/\/adevarul.ro\/tag\/deva\" title=\"Ultimele \u0219tiri despre deva\" class=\"tag-pill svelte-1l3vwp1\">deva<\/a><a href=\"https:\/\/adevarul.ro\/tag\/fonduri%20ue\" title=\"Ultimele \u0219tiri despre fonduri ue\" class=\"tag-pill svelte-1l3vwp1\">fonduri ue<\/a><a href=\"https:\/\/adevarul.ro\/tag\/cetatea%20devei\" title=\"Ultimele \u0219tiri despre cetatea devei\" class=\"tag-pill svelte-1l3vwp1\">cetatea devei<\/a><a href=\"https:\/\/adevarul.ro\/tag\/castelul%20din%20carpati\" title=\"Ultimele \u0219tiri despre castelul din carpati\" class=\"tag-pill svelte-1l3vwp1\">castelul din carpati<\/a><a href=\"https:\/\/adevarul.ro\/tag\/cetati%20medievale\" title=\"Ultimele \u0219tiri despre cetati medievale\" class=\"tag-pill svelte-1l3vwp1\">cetati medievale<\/a><\/div>\n<\/div>\n<\/div>\n<p><a class=\"moreFromCategory svelte-x63bga\" href=\"https:\/\/adevarul.ro\/stil-de-viata\/magazin\" title=\"Magazin\">Mai multe din <strong class=\"svelte-x63bga\">Magazin<\/strong> \u203a<\/a><\/footer>\n<\/article>\n<p>[analyse_source url=&#8221;https:\/\/adevarul.ro\/stil-de-viata\/magazin\/cetatile-medievale-intre-restaurari-spectaculoase-2553715.html&#8221;]<\/p>\n","protected":false},"excerpt":{"rendered":"<p>[analyse_image type=&#8221;featured&#8221; src=&#8221;https:\/\/cdn.adh.reperio.news\/image-b\/bc2471ea-a098-4601-a926-2a755c8b85c9\/index.jpeg?p=f%3Djpeg%26w%3D1200%26h%3D630%26r%3Dcover&#8221;] Home Stil de via\u021b\u0103 Magazin Cet\u0103\u021bile medievale, \u00eentre restaur\u0103ri spectaculoase \u0219i controverse. \u201eCastelul din Carpa\u021bi\u201d printre pu\u021binele fort\u0103re\u021be neatinse de secole Mai multe lucr\u0103ri de restaurare a unor cet\u0103\u021bi medievale din Rom\u00e2nia au st\u00e2rnit controverse din cauza noilor \u00eenf\u0103\u021bi\u0219\u0103ri ale monumentelor. Dup\u0103 interven\u021bii, vechile fortifica\u021bii au devenit mai accesibile \u0219i au primit [&hellip;]<\/p>\n","protected":false},"author":1,"featured_media":0,"comment_status":"open","ping_status":"","sticky":false,"template":"","format":"standard","meta":{"footnotes":""},"categories":[89],"tags":[19,226],"class_list":["post-2125732","post","type-post","status-publish","format-standard","hentry","category-romania","tag-adevarul","tag-crawlmanager"],"_links":{"self":[{"href":"https:\/\/analyse.optim.biz\/index.php?rest_route=\/wp\/v2\/posts\/2125732","targetHints":{"allow":["GET"]}}],"collection":[{"href":"https:\/\/analyse.optim.biz\/index.php?rest_route=\/wp\/v2\/posts"}],"about":[{"href":"https:\/\/analyse.optim.biz\/index.php?rest_route=\/wp\/v2\/types\/post"}],"author":[{"embeddable":true,"href":"https:\/\/analyse.optim.biz\/index.php?rest_route=\/wp\/v2\/users\/1"}],"replies":[{"embeddable":true,"href":"https:\/\/analyse.optim.biz\/index.php?rest_route=%2Fwp%2Fv2%2Fcomments&post=2125732"}],"version-history":[{"count":0,"href":"https:\/\/analyse.optim.biz\/index.php?rest_route=\/wp\/v2\/posts\/2125732\/revisions"}],"wp:attachment":[{"href":"https:\/\/analyse.optim.biz\/index.php?rest_route=%2Fwp%2Fv2%2Fmedia&parent=2125732"}],"wp:term":[{"taxonomy":"category","embeddable":true,"href":"https:\/\/analyse.optim.biz\/index.php?rest_route=%2Fwp%2Fv2%2Fcategories&post=2125732"},{"taxonomy":"post_tag","embeddable":true,"href":"https:\/\/analyse.optim.biz\/index.php?rest_route=%2Fwp%2Fv2%2Ftags&post=2125732"}],"curies":[{"name":"wp","href":"https:\/\/api.w.org\/{rel}","templated":true}]}}