{"id":2125727,"date":"2026-09-03T00:00:00","date_gmt":"2026-09-02T21:00:00","guid":{"rendered":"https:\/\/analyse.optim.biz\/?p=2125727"},"modified":"2026-09-03T00:00:00","modified_gmt":"2026-09-02T21:00:00","slug":"george-lucas-dezvaluie-o-galaxie-de-opere-de-arta-in-noul-sau-muzeu-din-los-angeles","status":"publish","type":"post","link":"https:\/\/analyse.optim.biz\/?p=2125727","title":{"rendered":"George Lucas dezv\u0103luie o galaxie de opere de art\u0103 \u00een noul s\u0103u muzeu din Los Angeles"},"content":{"rendered":"<p>[analyse_image type=&#8221;featured&#8221; src=&#8221;https:\/\/agerpres.ro\/data\/202609\/20260903090639_754096.jpg&#8221;]<\/p>\n<div class=\"mx-auto pt-3\">\n<p>pres\/ -Lucas Museum din Los Angeles, care g\u0103zduie\u0219te piese inedite din vasta colec\u021bie a lui George Lucas, \u00een special suveniruri din saga sa &#8216;Star Wars&#8217;, a oferit miercuri o prim\u0103 prezentare a spa\u021biilor sale interioare, \u00een prezen\u021ba regizorului american, relateaz\u0103 joi AFP.<\/p>\n<p><img loading=\"lazy\" decoding=\"async\" alt height=\"3798\" src=\"https:\/\/agerpres.ro\/data\/202609\/20260903090713_999975.jpg\" width=\"5697\"><\/p>\n<p>Creatorul &#8216;Star Wars&#8217; \u0219i &#8216;Indiana Jones&#8217; a reamintit c\u0103 proiectul muzeului i-a luat aproape dou\u0103 decenii, timp \u00een care s-a confruntat cu numeroase obstacole.<\/p>\n<p>&#8216;Sunt obi\u0219nuit s\u0103 fac imposibilul&#8217;, dar &#8216;de data aceasta, asta aproape c\u0103 mi-a fr\u00e2nt voin\u021ba&#8217;, a declarat el miercuri, cu ocazia prezent\u0103rii Lucas Museum of Narrative Art \u00een fa\u021ba presei.<\/p>\n<p><img loading=\"lazy\" decoding=\"async\" alt height=\"4000\" src=\"https:\/\/agerpres.ro\/data\/202609\/20260903090737_962255.jpg\" width=\"6000\"><\/p>\n<p>Muzeul \u00ee\u0219i va deschide por\u021bile pentru public la 22 septembrie.<\/p>\n<p><img loading=\"lazy\" decoding=\"async\" alt height=\"3300\" src=\"https:\/\/agerpres.ro\/data\/202609\/20260903090802_319913.jpg\" width=\"4951\"><\/p>\n<p>O nav\u0103 N-1 Starfighter galben\u0103 din &#8216;Star Wars: Episode I &#8211; The Phantom Menace&#8217; (1999) \u00eei va \u00eent\u00e2mpina pe vizitatori, care vor putea astfel s\u0103 plonjeze \u00een universul seriei cult.<\/p>\n<p>Muzeul dep\u0103\u0219e\u0219te, \u00eens\u0103, cu mult universul &#8216;Star Wars&#8217;.<\/p>\n<p>Cele peste 30 de galerii ale sale reunesc opere ale unor arti\u0219ti precum Banksy, Frida Kahlo, Jacob Lawrence \u0219i Robert Colescott, lucr\u0103ri ale unor desenatori precum Winsor McCay, Jack Kirby \u0219i Frank Frazetta, dar \u0219i ilustra\u021bii de Norman Rockwell, Jessie Willcox Smith \u0219i N.C. Wyeth.<\/p>\n<p>George Lucas, \u00een v\u00e2rst\u0103 de 82 de ani, a descris acest nou muzeu drept &#8216;templul artei poporului&#8217;.<\/p>\n<p><img loading=\"lazy\" decoding=\"async\" alt height=\"3889\" src=\"https:\/\/agerpres.ro\/data\/202609\/20260903090822_690070.jpg\" width=\"5833\"><\/p>\n<p>Regizorul a subliniat \u00een special c\u0103 a fost foarte important pentru el s\u0103 aduc\u0103 un omagiu ilustratorilor. &#8216;O imagine are o putere enorm\u0103, la fel \u0219i pove\u0219tile. C\u00e2nd le combini, aceste dou\u0103 elemente creeaz\u0103 o societate&#8217;, a declarat el.<\/p>\n<p><img loading=\"lazy\" decoding=\"async\" alt height=\"3490\" src=\"https:\/\/agerpres.ro\/data\/202609\/20260903090843_835035.jpg\" width=\"5235\"><\/p>\n<p>&#8216;Tocmai de aceea am vrut s\u0103 construiesc acest loc: pentru c\u0103 arta narativ\u0103 creeaz\u0103 un grup de oameni care \u00eemp\u0103rt\u0103\u0219esc un sistem comun de credin\u021be, iar acest sistem le permite s\u0103 lucreze \u00eempreun\u0103, \u00een loc s\u0103 se omoare \u00eentre ei&#8217;, a ad\u0103ugat George Lucas. AGERPRES\/(AS &#8211; redactor: Dana Purgaru, editor online: Ady Iva\u015fcu)<\/p>\n<p>Foto:\u00a0Mike Blake \/ REUTERS<\/p>\n<\/div>\n<div class=\"mx-auto pt-3\">\n                                Afisari: 19\n                            <\/div>\n<p>[analyse_source url=&#8221;https:\/\/agerpres.ro\/cultura\/2026\/09\/03\/george-lucas-dezvaluie-o-galaxie-de-opere-de-arta-in-noul-sau-muzeu-din-los-angeles&#8211;1590221&#8243;]<\/p>\n","protected":false},"excerpt":{"rendered":"<p>[analyse_image type=&#8221;featured&#8221; src=&#8221;https:\/\/agerpres.ro\/data\/202609\/20260903090639_754096.jpg&#8221;] pres\/ -Lucas Museum din Los Angeles, care g\u0103zduie\u0219te piese inedite din vasta colec\u021bie a lui George Lucas, \u00een special suveniruri din saga sa &#8216;Star Wars&#8217;, a oferit miercuri o prim\u0103 prezentare a spa\u021biilor sale interioare, \u00een prezen\u021ba regizorului american, relateaz\u0103 joi AFP. Creatorul &#8216;Star Wars&#8217; \u0219i &#8216;Indiana Jones&#8217; a reamintit c\u0103 proiectul [&hellip;]<\/p>\n","protected":false},"author":1,"featured_media":0,"comment_status":"open","ping_status":"","sticky":false,"template":"","format":"standard","meta":{"footnotes":""},"categories":[2],"tags":[37,226],"class_list":["post-2125727","post","type-post","status-publish","format-standard","hentry","category-politics","tag-agerpres-ro","tag-crawlmanager"],"_links":{"self":[{"href":"https:\/\/analyse.optim.biz\/index.php?rest_route=\/wp\/v2\/posts\/2125727","targetHints":{"allow":["GET"]}}],"collection":[{"href":"https:\/\/analyse.optim.biz\/index.php?rest_route=\/wp\/v2\/posts"}],"about":[{"href":"https:\/\/analyse.optim.biz\/index.php?rest_route=\/wp\/v2\/types\/post"}],"author":[{"embeddable":true,"href":"https:\/\/analyse.optim.biz\/index.php?rest_route=\/wp\/v2\/users\/1"}],"replies":[{"embeddable":true,"href":"https:\/\/analyse.optim.biz\/index.php?rest_route=%2Fwp%2Fv2%2Fcomments&post=2125727"}],"version-history":[{"count":0,"href":"https:\/\/analyse.optim.biz\/index.php?rest_route=\/wp\/v2\/posts\/2125727\/revisions"}],"wp:attachment":[{"href":"https:\/\/analyse.optim.biz\/index.php?rest_route=%2Fwp%2Fv2%2Fmedia&parent=2125727"}],"wp:term":[{"taxonomy":"category","embeddable":true,"href":"https:\/\/analyse.optim.biz\/index.php?rest_route=%2Fwp%2Fv2%2Fcategories&post=2125727"},{"taxonomy":"post_tag","embeddable":true,"href":"https:\/\/analyse.optim.biz\/index.php?rest_route=%2Fwp%2Fv2%2Ftags&post=2125727"}],"curies":[{"name":"wp","href":"https:\/\/api.w.org\/{rel}","templated":true}]}}