{"id":2125710,"date":"2026-09-02T12:30:34","date_gmt":"2026-09-02T09:30:34","guid":{"rendered":"https:\/\/analyse.optim.biz\/?p=2125710"},"modified":"2026-09-02T12:30:34","modified_gmt":"2026-09-02T09:30:34","slug":"de-ce-incepe-icaur-aventura-europeana-in-romania-si-ce-aduce-noul-suv-v27","status":"publish","type":"post","link":"https:\/\/analyse.optim.biz\/?p=2125710","title":{"rendered":"De ce \u00eencepe iCAUR aventura european\u0103 \u00een Rom\u00e2nia \u0219i ce aduce noul SUV V27"},"content":{"rendered":"<p>[analyse_image type=&#8221;featured&#8221; src=&#8221;https:\/\/cdn.adh.reperio.news\/image-2\/29e0a2d9-3a5d-419c-ac2d-96a088846f26\/index.jpeg?p=f%3Djpeg%26w%3D1200%26h%3D630%26r%3Dcover&#8221;]<\/p>\n<article class=\"svelte-x63bga\">\n<nav>\n<ul class=\"breadcrump svelte-1pk9a69\">\n<li class=\"svelte-1pk9a69\"><a href=\"https:\/\/adevarul.ro\/\" title=\"Adev\u0103rul\" class=\"svelte-1pk9a69\">Home<\/a><\/li>\n<li class=\"svelte-1pk9a69\"><a href=\"https:\/\/adevarul.ro\/stil-de-viata\" class=\"svelte-1pk9a69\">Stil de via\u021b\u0103<\/a><\/li>\n<li class=\"svelte-1pk9a69\"><a href=\"https:\/\/adevarul.ro\/stil-de-viata\/auto\" class=\"svelte-1pk9a69\">Auto<\/a><\/li>\n<li class=\"svelte-1pk9a69\"><a href=\"https:\/\/adevarul.ro\/stil-de-viata\/auto\/de-ce-incepe-icaur-aventura-europeana-in-romania-2553655.html\" class=\"svelte-1pk9a69\">De ce \u00eencepe iCAUR aventura european\u0103 \u00een Rom\u00e2nia \u0219i ce aduce noul SUV V27<\/a><\/li>\n<\/ul>\n<\/nav>\n<p><main class=\"svelte-x63bga\"><\/p>\n<p>Rom\u00e2nia<br \/>\ndevine prima pia\u021b\u0103 european\u0103 pentru lansarea iCAUR, brandul de SUV-uri<br \/>\nelectrificate din portofoliul Chery Group. V27, primul model preg\u0103tit pentru<br \/>\npia\u021ba local\u0103, propune un design inspirat de automobilele 4&#215;4 \u0219i o tehnologie cu<br \/>\nautonomie extins\u0103, \u00eentr-o formul\u0103 destinat\u0103 at\u00e2t ora\u0219ului, c\u00e2t \u0219i c\u0103l\u0103toriilor<br \/>\nlungi.<\/p>\n<div class=\"container-image  svelte-1xbw4f3\"><source type=\"image\/webp\" srcset=\"https:\/\/cdn.adh.reperio.news\/image-2\/29e0a2d9-3a5d-419c-ac2d-96a088846f26\/index.jpeg?p=a%3D1%26co%3D1.05%26w%3D1400%26h%3D750%26r%3Dcontain%26f%3Dwebp 1400w\" media=\"(min-width: 1400px)\" \/><\/p>\n<div class=\"caption svelte-1xbw4f3\"><span class=\"captionText svelte-1xbw4f3\"><span class=\"source svelte-1xbw4f3\">Foto: iCAUR<\/span><\/span><\/div>\n<\/div>\n<h1 data-type=\"header\">De ce Rom\u00e2nia este<br \/>\npunctul de plecare<\/h1>\n<p>Lansarea<br \/>\niCAUR reprezint\u0103 urm\u0103toarea etap\u0103 \u00een dezvoltarea rela\u021biei dintre Auto Italia \u0219i<br \/>\nChery Group. Dup\u0103 introducerea CHERY \u00een Rom\u00e2nia \u00een 2025 \u0219i construirea<br \/>\nprezen\u021bei locale a m\u0103rcii, Auto Italia \u00ee\u0219i diversific\u0103 portofoliul prin<br \/>\naducerea iCAUR. \u00cen acest context, Rom\u00e2nia devine prima pia\u021b\u0103 european\u0103 \u00een care<br \/>\nnoul brand va fi lansat oficial.<\/p>\n<p>Primele<br \/>\nunit\u0103\u021bi V27 sunt a\u0219teptate \u00een luna septembrie, \u00eenaintea prezent\u0103rii publice<br \/>\nprogramate \u00een octombrie, la Salonul Auto Bucure\u0219ti. Acestea vor fi folosite<br \/>\npentru familiarizarea cu produsul, preg\u0103tirea con\u021binutului local \u0219i organizarea<br \/>\nactivit\u0103\u021bilor prin care modelul va fi prezentat publicului \u0219i partenerilor.<\/p>\n<h1 data-type=\"header\">iCAUR V27, primul model<br \/>\npreg\u0103tit pentru pia\u021ba local\u0103<\/h1>\n<p>iCAUR este<br \/>\nbrandul Chery Group dedicat SUV-urilor electrificate \u0219i unui limbaj de design<br \/>\nrobust. Primul s\u0103u model destinat Rom\u00e2niei, V27, folose\u0219te o siluet\u0103 de tip<br \/>\nboxy, propor\u021bii ferme \u0219i repere vizuale inspirate de spiritul modelelor 4&#215;4.<br \/>\nRezultatul este un automobil care \u00ee\u0219i asum\u0103 o identitate diferit\u0103 de cea a<br \/>\nmultor SUV-uri construite exclusiv \u00een jurul utiliz\u0103rii urbane.<\/p>\n<div class=\"container-image  svelte-1xbw4f3\"><source type=\"image\/webp\" srcset=\"https:\/\/cdn.adh.reperio.news\/image-b\/b6a889bf-5ae4-4099-82c2-e5ea5c88d2ec\/index.jpeg?p=a%3D1%26co%3D1.05%26w%3D1400%26h%3D750%26r%3Dcontain%26f%3Dwebp 1400w\" media=\"(min-width: 1400px)\" \/><\/p>\n<div class=\"caption svelte-1xbw4f3\"><span class=\"captionText svelte-1xbw4f3\"><span class=\"source svelte-1xbw4f3\">Foto: iCAUR<\/span><\/span><\/div>\n<\/div>\n<p>Dincolo de<br \/>\naspect, pozi\u021bionarea V27 urm\u0103re\u0219te un profil mixt de utilizare. Modelul este<br \/>\ng\u00e2ndit pentru deplas\u0103rile zilnice, dar \u0219i pentru drumuri lungi, vacan\u021be \u0219i<br \/>\nie\u0219iri \u00een natur\u0103. Aceast\u0103 combina\u021bie dintre prezen\u021b\u0103 vizual\u0103, confort \u0219i<br \/>\nversatilitate reprezint\u0103 baza promisiunii iCAUR pentru pia\u021ba local\u0103.<\/p>\n<h1 data-type=\"header\">REEV: electrificare f\u0103r\u0103<br \/>\ndependen\u021b\u0103 total\u0103 de sta\u021biile de \u00eenc\u0103rcare<\/h1>\n<p>Unul<br \/>\ndintre elementele centrale ale V27 este sistemul REEV, abrevierea folosit\u0103<br \/>\npentru vehiculele electrice cu autonomie extins\u0103. Solu\u021bia este conceput\u0103 pentru<br \/>\nrulare preponderent electric\u0103 \u00een utilizarea obi\u0219nuit\u0103, oferind \u00een acela\u0219i timp<br \/>\no rezerv\u0103 suplimentar\u0103 pentru traseele mai lungi.<\/p>\n<p>Relevan\u021ba<br \/>\nacestei tehnologii este u\u0219or de \u00een\u021beles \u00eentr-o pia\u021b\u0103 \u00een care experien\u021ba de<br \/>\n\u00eenc\u0103rcare difer\u0103 semnificativ \u00eentre marile ora\u0219e \u0219i traseele din afara lor. Un<br \/>\nutilizator poate urm\u0103ri beneficiile unei ma\u0219ini electrificate \u00een deplas\u0103rile<br \/>\ncotidiene f\u0103r\u0103 ca drumurile lungi s\u0103 fie condi\u021bionate exclusiv de<br \/>\ndisponibilitatea unei sta\u021bii de \u00eenc\u0103rcare.<\/p>\n<div class=\"container-image  svelte-1xbw4f3\"><source type=\"image\/webp\" srcset=\"https:\/\/cdn.adh.reperio.news\/image-3\/368e95cd-70e6-4d83-a262-9c6b03bbbae7\/index.jpeg?p=a%3D1%26co%3D1.05%26w%3D1400%26h%3D750%26r%3Dcontain%26f%3Dwebp 1400w\" media=\"(min-width: 1400px)\" \/><\/p>\n<div class=\"caption svelte-1xbw4f3\"><span class=\"captionText svelte-1xbw4f3\"><span class=\"source svelte-1xbw4f3\">Foto: iCAUR<\/span><\/span><\/div>\n<\/div>\n<p>Specifica\u021biile<br \/>\nfinale pentru pia\u021ba european\u0103, al\u0103turi de versiunile \u0219i echip\u0103rile disponibile,<br \/>\nvor fi comunicate \u00eenaintea lans\u0103rii comerciale. \u00cen aceast\u0103 etap\u0103, rolul V27<br \/>\neste s\u0103 introduc\u0103 publicului local conceptul iCAUR: un SUV cu identitate<br \/>\nrobust\u0103, tehnologie electrificat\u0103 \u0219i libertate pentru scenarii diferite de<br \/>\nutilizare.<\/p>\n<h1 data-type=\"header\">Trei etape p\u00e2n\u0103 la<br \/>\nlansarea comercial\u0103<\/h1>\n<p>Calendarul<br \/>\nlocal este \u00eemp\u0103r\u021bit \u00een trei momente. \u00cen septembrie sunt a\u0219teptate primele<br \/>\nunit\u0103\u021bi V27, care vor sus\u021bine preg\u0103tirea produsului \u0219i comunicarea de<br \/>\npre-lansare. \u00cen octombrie, brandul iCAUR va fi lansat oficial \u00een Rom\u00e2nia la<br \/>\nSalonul Auto Bucure\u0219ti, unde publicul va putea vedea primul model preg\u0103tit<br \/>\npentru pia\u021ba local\u0103.<\/p>\n<p>Lansarea<br \/>\ncomercial\u0103 a modelului V27 este vizat\u0103 pentru \u00eenceputul anului 2027. Distinc\u021bia<br \/>\neste important\u0103: participarea la salon marcheaz\u0103 debutul public al brandului,<br \/>\n\u00een timp ce pre\u021burile, gama de echip\u0103ri \u0219i disponibilitatea comercial\u0103 vor fi<br \/>\nanun\u021bate ulterior.<\/p>\n<div class=\"container-image  svelte-1xbw4f3\"><source type=\"image\/webp\" srcset=\"https:\/\/cdn.adh.reperio.news\/image-2\/257f8fcb-6b69-4df2-a9c3-93a347b38435\/index.jpeg?p=a%3D1%26co%3D1.05%26w%3D1400%26h%3D750%26r%3Dcontain%26f%3Dwebp 1400w\" media=\"(min-width: 1400px)\" \/><\/p>\n<div class=\"caption svelte-1xbw4f3\"><span class=\"captionText svelte-1xbw4f3\"><span class=\"source svelte-1xbw4f3\">Foto: iCAUR<\/span><\/span><\/div>\n<\/div>\n<h1 data-type=\"header\">O nou\u0103 etap\u0103 pentru<br \/>\nportofoliul Auto Italia<\/h1>\n<p>Lansarea<br \/>\neste preg\u0103tit\u0103 local de Auto Italia, companie cu peste 30 de ani de experien\u021b\u0103<br \/>\n\u00een importul, distribu\u021bia \u0219i serviciile post-v\u00e2nzare pentru automobile. Auto<br \/>\nItalia a devenit importatorul oficial al m\u0103rcii CHERY \u00een Rom\u00e2nia \u00een 2025, iar<br \/>\nintroducerea iCAUR extinde prezen\u021ba pe pia\u021ba local\u0103 a brandurilor din<br \/>\nportofoliul Chery Group.<\/p>\n<p>Pentru<br \/>\niCAUR, Rom\u00e2nia este \u00eenceputul construc\u021biei europene a brandului. Pentru<br \/>\npublicul local, V27 va fi primul test concret al unei propuneri care \u00eencearc\u0103<br \/>\ns\u0103 apropie mobilitatea electrificat\u0103 de utilizarea real\u0103 a unui SUV: trafic<br \/>\nurban \u00een timpul s\u0103pt\u0103m\u00e2nii, distan\u021be mari, escapade outdoor \u0219i libertate de<br \/>\ndeplasare \u00een afara ora\u0219ului.<\/p>\n<p><\/main><\/p>\n<footer class=\"svelte-x63bga\">\n<div class=\"meta svelte-x63bga\">\n<div class=\"authors svelte-x63bga\"><span class=\"names svelte-x63bga\"><a href=\"https:\/\/adevarul.ro\/author\/702\" rel=\"author\" class=\"svelte-x63bga\">ADH<\/a><\/span><\/p>\n<div class=\"_hydratable\" data-props=\"%7B%22showLive%22%3Atrue%7D\" data-context=\"%7B%22parentBlockColumnCount%22%3A%7B%22value%22%3A0%2C%22type%22%3A%22store%2Freadable%22%7D%2C%22parentBlockBackgroundColor%22%3A%7B%22type%22%3A%22store%2Freadable%22%7D%7D\" data-component=\"ShareButton\">\n<div class=\"shareButtons svelte-itwbrr\">\n<div class=\"liveSessions metaFont svelte-1maxmbf\"><span class=\"value svelte-1maxmbf\">1<\/span> live <\/div>\n<\/div>\n<\/div>\n<\/div>\n<div class=\"tags svelte-1l3vwp1\"><span class=\"tags-label metaFont svelte-1l3vwp1\">Cite\u0219te mai multe despre<\/span><\/p>\n<div class=\"tags-list svelte-1l3vwp1\"><a href=\"https:\/\/adevarul.ro\/tag\/auto\" title=\"Ultimele \u0219tiri despre auto\" class=\"tag-pill svelte-1l3vwp1\">auto<\/a><a href=\"https:\/\/adevarul.ro\/tag\/advertorial\" title=\"Ultimele \u0219tiri despre advertorial\" class=\"tag-pill svelte-1l3vwp1\">advertorial<\/a><a href=\"https:\/\/adevarul.ro\/tag\/chery\" title=\"Ultimele \u0219tiri despre chery\" class=\"tag-pill svelte-1l3vwp1\">chery<\/a><a href=\"https:\/\/adevarul.ro\/tag\/auto%20italia\" title=\"Ultimele \u0219tiri despre auto italia\" class=\"tag-pill svelte-1l3vwp1\">auto italia<\/a><\/div>\n<\/div>\n<\/div>\n<p><a class=\"moreFromCategory svelte-x63bga\" href=\"https:\/\/adevarul.ro\/stil-de-viata\/auto\" title=\"Auto\">Mai multe din <strong class=\"svelte-x63bga\">Auto<\/strong> \u203a<\/a><\/footer>\n<\/article>\n<p>[analyse_source url=&#8221;https:\/\/adevarul.ro\/stil-de-viata\/auto\/de-ce-incepe-icaur-aventura-europeana-in-romania-2553655.html&#8221;]<\/p>\n","protected":false},"excerpt":{"rendered":"<p>[analyse_image type=&#8221;featured&#8221; src=&#8221;https:\/\/cdn.adh.reperio.news\/image-2\/29e0a2d9-3a5d-419c-ac2d-96a088846f26\/index.jpeg?p=f%3Djpeg%26w%3D1200%26h%3D630%26r%3Dcover&#8221;] Home Stil de via\u021b\u0103 Auto De ce \u00eencepe iCAUR aventura european\u0103 \u00een Rom\u00e2nia \u0219i ce aduce noul SUV V27 Rom\u00e2nia devine prima pia\u021b\u0103 european\u0103 pentru lansarea iCAUR, brandul de SUV-uri electrificate din portofoliul Chery Group. V27, primul model preg\u0103tit pentru pia\u021ba local\u0103, propune un design inspirat de automobilele 4&#215;4 \u0219i o tehnologie [&hellip;]<\/p>\n","protected":false},"author":1,"featured_media":0,"comment_status":"open","ping_status":"","sticky":false,"template":"","format":"standard","meta":{"footnotes":""},"categories":[89],"tags":[19,226],"class_list":["post-2125710","post","type-post","status-publish","format-standard","hentry","category-romania","tag-adevarul","tag-crawlmanager"],"_links":{"self":[{"href":"https:\/\/analyse.optim.biz\/index.php?rest_route=\/wp\/v2\/posts\/2125710","targetHints":{"allow":["GET"]}}],"collection":[{"href":"https:\/\/analyse.optim.biz\/index.php?rest_route=\/wp\/v2\/posts"}],"about":[{"href":"https:\/\/analyse.optim.biz\/index.php?rest_route=\/wp\/v2\/types\/post"}],"author":[{"embeddable":true,"href":"https:\/\/analyse.optim.biz\/index.php?rest_route=\/wp\/v2\/users\/1"}],"replies":[{"embeddable":true,"href":"https:\/\/analyse.optim.biz\/index.php?rest_route=%2Fwp%2Fv2%2Fcomments&post=2125710"}],"version-history":[{"count":0,"href":"https:\/\/analyse.optim.biz\/index.php?rest_route=\/wp\/v2\/posts\/2125710\/revisions"}],"wp:attachment":[{"href":"https:\/\/analyse.optim.biz\/index.php?rest_route=%2Fwp%2Fv2%2Fmedia&parent=2125710"}],"wp:term":[{"taxonomy":"category","embeddable":true,"href":"https:\/\/analyse.optim.biz\/index.php?rest_route=%2Fwp%2Fv2%2Fcategories&post=2125710"},{"taxonomy":"post_tag","embeddable":true,"href":"https:\/\/analyse.optim.biz\/index.php?rest_route=%2Fwp%2Fv2%2Ftags&post=2125710"}],"curies":[{"name":"wp","href":"https:\/\/api.w.org\/{rel}","templated":true}]}}