{"id":2125688,"date":"2026-09-01T23:00:00","date_gmt":"2026-09-01T20:00:00","guid":{"rendered":"https:\/\/analyse.optim.biz\/?p=2125688"},"modified":"2026-09-01T23:00:00","modified_gmt":"2026-09-01T20:00:00","slug":"incepe-modernizarea-semnalizarii-feroviare-in-statiile-de-pe-rutele-vaslui-iasi-barlad-vaslui-si-tecuci-barlad","status":"publish","type":"post","link":"https:\/\/analyse.optim.biz\/?p=2125688","title":{"rendered":"\u00cencepe modernizarea semnaliz\u0103rii feroviare \u00een sta\u021biile de pe rutele Vaslui \u2013 Ia\u0219i, B\u00e2rlad \u2013 Vaslui \u0219i Tecuci \u2013 B\u00e2rlad"},"content":{"rendered":"<p>[analyse_image type=&#8221;featured&#8221; src=&#8221;&#8221;]<\/p>\n<div class=\"tdb-block-inner td-fix-index\"><a class=\"tdb-logo-a\" href=\"https:\/\/www.monitoruldevaslui.ro\/\"><span class=\"tdb-logo-img-wrap\"><img decoding=\"async\" class=\"tdb-logo-img td-retina-data\" data-retina=\"https:\/\/www.monitoruldevaslui.ro\/wp-content\/uploads\/2025\/07\/Monitorul-logo-motto-2.png\" src=\"https:\/\/www.monitoruldevaslui.ro\/wp-content\/uploads\/2025\/07\/Monitorul-logo-motto-2.png\" alt=\"Logo\" title><\/span><span class=\"tdb-logo-text-wrap\"><span class=\"tdb-logo-text-title\">News<\/span><span class=\"tdb-logo-text-tagline\">Hub<\/span><\/span><\/a><\/div>\n<div class=\"tdb-block-inner td-fix-index\"><a class=\"tdb-logo-a\" href=\"https:\/\/www.monitoruldevaslui.ro\/\"><span class=\"tdb-logo-img-wrap\"><img decoding=\"async\" class=\"tdb-logo-img td-retina-data\" data-retina=\"https:\/\/www.monitoruldevaslui.ro\/wp-content\/uploads\/2025\/07\/Monitorul-logo-motto-2.png\" src=\"https:\/\/www.monitoruldevaslui.ro\/wp-content\/uploads\/2025\/07\/Monitorul-logo-motto-2.png\" alt=\"Logo\" title><\/span><\/a><\/div>\n<div class=\"tdb-block-inner td-fix-index\">\n<div class=\"tdb-weather-deg-wrap\" data-block-uid=\"tdb_header_weather_uid\"><span class=\"tdb-weather-deg\">18.7<\/span><span class=\"tdb-weather-unit\">C<\/span><\/div>\n<div class=\"tdb-weather-city\">Vaslui<\/div>\n<\/div>\n<div class=\"td-post-content tagdiv-type\">\n<p class=\"wp-block-paragraph\"><strong>Sucursala Regional\u0103 C\u0103i Ferate (SRCF) Ia\u0219i a anun\u021bat c\u0103 proiectul de modernizare a semnaliz\u0103rii feroviare din Regionalele Ia\u0219i \u0219i Gala\u021bi\u00a0intr\u0103 \u00een linie dreapt\u0103. Modernizarea sistemelor de semnalizare va duce la reducerea\u00a0\u00eent\u00e2rzierilor, cre\u0219terea\u00a0capacit\u0103\u021bii\u00a0de circula\u021bie \u0219i \u00eembun\u0103t\u0103\u021bierea\u00a0controlul opera\u021biunilor feroviare \u00een sta\u021bii \u0219i pe linii.<\/strong><\/p>\n<div class=\"wp-block-image\">\n<figure class=\"aligncenter size-large is-resized\"><img loading=\"lazy\" decoding=\"async\" width=\"1024\" height=\"768\" src=\"https:\/\/www.monitoruldevaslui.ro\/wp-content\/uploads\/2021\/07\/Tren-1024x768.jpg\" alt class=\"wp-image-80765\"><\/figure>\n<\/div>\n<p class=\"wp-block-paragraph\">Pe 12 august a fost\u00a0emis Ordinul Administrativ de Proiectare pentru obiectivul \u201eSporirea eficien\u021bei economice \u0219i a siguran\u021bei feroviare prin cre\u0219terea nivelului de centralizare al instala\u021biilor de semnalizare feroviar\u0103\u201d\u00a0(Lotul 4 \u2013 Sectoare CF).\u00a0Conform SRCF Ia\u0219i, ordinul marcheaz\u0103 demararea oficial\u0103 a etapei de proiectare a lucr\u0103rilor, ceea ce \u00eenseamn\u0103 c\u0103 asocierea de companii poate \u00eencepe elaborarea documenta\u021biilor tehnice \u0219i a detaliilor de execu\u021bie.<\/p>\n<p class=\"wp-block-paragraph\">Contractul de proiectare \u0219i execu\u021bie a fost semnat, pe 30 iulie, cu Asocierea Siemens Mobility S.R.L. (lider), IMSAT S.A. \u0219i Elsitel Elektromekanik Insaat Proje Ticaret Ve Sanayi A.S., \u00een valoare de 588,6 milioane de lei, f\u0103r\u0103 TVA.<\/p>\n<p class=\"wp-block-paragraph\">Finalizarea etapei de proiectare este estimat\u0103 pentru trimestrul II 2027, urm\u00e2nd ca lucr\u0103rile de execu\u021bie, care vor dura 21 de luni,\u00a0s\u0103 \u00eenceap\u0103 ulterior, dup\u0103\u00a0ob\u021binerea\u00a0autoriza\u021biilor de construire.<\/p>\n<p class=\"wp-block-paragraph\">Investi\u021bia vizeaz\u0103 realizarea centraliz\u0103rilor electronice \u00een 26 de sta\u021bii de pe raza Regionalelor Ia\u0219i \u0219i Gala\u021bi, pe sectoarele Vaslui\u2013Ia\u0219i, B\u00e2rlad\u2013Vaslui, Tecuci\u2013B\u00e2rlad, Vere\u0219ti\u2013Boto\u0219ani \u0219i Bac\u0103u\u2013Piatra Neam\u021b.<\/p>\n<p class=\"wp-block-paragraph\">Dup\u0103 cum se vede, proiectul are o importan\u021b\u0103 deosebit\u0103 pentru jude\u021bul Vaslui, trei dintre cele cinci rute cuprinz\u00e2nd sta\u021bii din jude\u021b, modernizarea sistemelor de semnalizare duc\u00e2nd la reducerea\u00a0\u00eent\u00e2rzierilor, cre\u0219terea\u00a0capacit\u0103\u021bii\u00a0de circula\u021bie \u0219i \u00eembun\u0103t\u0103\u021bierea\u00a0controlul opera\u021biunilor feroviare \u00een sta\u021bii \u0219i pe linii. \u00cen practic\u0103, un sistem modern de semnalizare \u00eenseamn\u0103 mai mult\u0103 siguran\u021b\u0103 feroviar\u0103, o mai bun\u0103 coordonare a trenurilor \u0219i, \u00een timp, posibilitatea unei exploat\u0103ri mai eficiente a liniilor.<\/p>\n<\/div>\n<p>[analyse_source url=&#8221;https:\/\/www.monitoruldevaslui.ro\/2026\/09\/modernizare-semnal-feroviar-statiile-rute\/#new_tab&#8221;]<\/p>\n","protected":false},"excerpt":{"rendered":"<p>[analyse_image type=&#8221;featured&#8221; src=&#8221;&#8221;] NewsHub 18.7C Vaslui Sucursala Regional\u0103 C\u0103i Ferate (SRCF) Ia\u0219i a anun\u021bat c\u0103 proiectul de modernizare a semnaliz\u0103rii feroviare din Regionalele Ia\u0219i \u0219i Gala\u021bi\u00a0intr\u0103 \u00een linie dreapt\u0103. Modernizarea sistemelor de semnalizare va duce la reducerea\u00a0\u00eent\u00e2rzierilor, cre\u0219terea\u00a0capacit\u0103\u021bii\u00a0de circula\u021bie \u0219i \u00eembun\u0103t\u0103\u021bierea\u00a0controlul opera\u021biunilor feroviare \u00een sta\u021bii \u0219i pe linii. Pe 12 august a fost\u00a0emis Ordinul Administrativ [&hellip;]<\/p>\n","protected":false},"author":1,"featured_media":0,"comment_status":"open","ping_status":"","sticky":false,"template":"","format":"standard","meta":{"footnotes":""},"categories":[89],"tags":[226,217],"class_list":["post-2125688","post","type-post","status-publish","format-standard","hentry","category-romania","tag-crawlmanager","tag-vaslui-robo-stiri-ro"],"_links":{"self":[{"href":"https:\/\/analyse.optim.biz\/index.php?rest_route=\/wp\/v2\/posts\/2125688","targetHints":{"allow":["GET"]}}],"collection":[{"href":"https:\/\/analyse.optim.biz\/index.php?rest_route=\/wp\/v2\/posts"}],"about":[{"href":"https:\/\/analyse.optim.biz\/index.php?rest_route=\/wp\/v2\/types\/post"}],"author":[{"embeddable":true,"href":"https:\/\/analyse.optim.biz\/index.php?rest_route=\/wp\/v2\/users\/1"}],"replies":[{"embeddable":true,"href":"https:\/\/analyse.optim.biz\/index.php?rest_route=%2Fwp%2Fv2%2Fcomments&post=2125688"}],"version-history":[{"count":0,"href":"https:\/\/analyse.optim.biz\/index.php?rest_route=\/wp\/v2\/posts\/2125688\/revisions"}],"wp:attachment":[{"href":"https:\/\/analyse.optim.biz\/index.php?rest_route=%2Fwp%2Fv2%2Fmedia&parent=2125688"}],"wp:term":[{"taxonomy":"category","embeddable":true,"href":"https:\/\/analyse.optim.biz\/index.php?rest_route=%2Fwp%2Fv2%2Fcategories&post=2125688"},{"taxonomy":"post_tag","embeddable":true,"href":"https:\/\/analyse.optim.biz\/index.php?rest_route=%2Fwp%2Fv2%2Ftags&post=2125688"}],"curies":[{"name":"wp","href":"https:\/\/api.w.org\/{rel}","templated":true}]}}