{"id":2125682,"date":"2026-09-02T23:46:18","date_gmt":"2026-09-02T20:46:18","guid":{"rendered":"https:\/\/analyse.optim.biz\/?p=2125682"},"modified":"2026-09-02T23:46:18","modified_gmt":"2026-09-02T20:46:18","slug":"un-tanar-cu-radacini-barladene-a-impresionat-la-cel-mai-mare-festival-romanesc-de-pe-coasta-de-est-a-sua","status":"publish","type":"post","link":"https:\/\/analyse.optim.biz\/?p=2125682","title":{"rendered":"Un t\u00e2n\u0103r cu r\u0103d\u0103cini b\u00e2rl\u0103dene a impresionat la cel mai mare festival rom\u00e2nesc de pe Coasta de Est a SUA"},"content":{"rendered":"<p>[analyse_image type=&#8221;featured&#8221; src=&#8221;https:\/\/www.ziarulobiectiv.ro\/wp-content\/uploads\/2026\/09\/ina-ionascu-tibi-america.png&#8221;]<\/p>\n<div class=\"td-post-content td-pb-padding-side\">\n<div class=\"td-post-featured-image\"><a href=\"https:\/\/www.ziarulobiectiv.ro\/wp-content\/uploads\/2026\/09\/ina-ionascu-tibi-america.png\" data-caption><img loading=\"lazy\" decoding=\"async\" width=\"640\" height=\"371\" class=\"entry-thumb td-modal-image\" src=\"https:\/\/sp-ao.shortpixel.ai\/client\/to_webp,q_glossy,ret_img,w_640,h_371\/https:\/\/www.ziarulobiectiv.ro\/wp-content\/uploads\/2026\/09\/ina-ionascu-tibi-america-640x371.png\" alt title=\"ina-ionascu-tibi-america\"><\/a><\/div>\n<p class=\"gmail-PDq2pG_selectionAnchorContainer\"><strong>N\u0103scut \u0219i crescut \u00een Statele Unite, la mii de kilometri de Rom\u00e2nia, Tiberiu \u0218tefan Danciu, fiul b\u00e2rl\u0103dencei Ina Danciu (fost\u0103 Iona\u0219cu), a reu\u0219it s\u0103 transforme leg\u0103tura sa cu \u021bara p\u0103rin\u021bilor \u00eentr-un proiect care a atras aten\u021bia la cea de-a treia edi\u021bie a Festivalului Rom\u00e2nesc din Reading, Pennsylvania. \u00cen fa\u021ba unei comunit\u0103\u021bi de mii de oameni, t\u00e2n\u0103rul de 19 ani a prezentat Rom\u00e2nia a\u0219a cum o vede \u0219i o simte el: prin tradi\u021bii, locuri, gastronomie, literatur\u0103, port popular \u0219i, mai ales, printr-un sentiment de apartenen\u021b\u0103 pe care distan\u021ba nu a reu\u0219it s\u0103 \u00eel sl\u0103beasc\u0103.<\/strong><\/p>\n<div id=\"gallery-1\" class=\"gallery galleryid-18677 gallery-columns-2 gallery-size-full\">\n<figure class=\"gallery-item\">\n<div class=\"gallery-icon portrait\"><a href=\"https:\/\/www.ziarulobiectiv.ro\/un-tanar-cu-radacini-barladene-a-impresionat-la-cel-mai-mare-festival-romanesc-de-pe-coasta-de-est-a-sua\/tibi-danciu-america5_rezultat\/\"><img loading=\"lazy\" decoding=\"async\" width=\"701\" height=\"935\" src=\"https:\/\/sp-ao.shortpixel.ai\/client\/to_webp,q_glossy,ret_img,w_701,h_935\/https:\/\/www.ziarulobiectiv.ro\/wp-content\/uploads\/2026\/09\/tibi-danciu-america5_rezultat.jpg\" class=\"attachment-full size-full\" alt><\/a><\/div>\n<\/figure>\n<figure class=\"gallery-item\">\n<div class=\"gallery-icon portrait\"><a href=\"https:\/\/www.ziarulobiectiv.ro\/un-tanar-cu-radacini-barladene-a-impresionat-la-cel-mai-mare-festival-romanesc-de-pe-coasta-de-est-a-sua\/tibi-danciu-america4_rezultat\/\"><img loading=\"lazy\" decoding=\"async\" width=\"701\" height=\"935\" src=\"https:\/\/sp-ao.shortpixel.ai\/client\/to_webp,q_glossy,ret_img,w_701,h_935\/https:\/\/www.ziarulobiectiv.ro\/wp-content\/uploads\/2026\/09\/tibi-danciu-america4_rezultat.jpg\" class=\"attachment-full size-full\" alt><\/a><\/div>\n<\/figure>\n<\/div>\n<div><a href=\"https:\/\/news.google.com\/publications\/CAAqLQgKIidDQklTRndnTWFoTUtFWHBwWVhKMWJHOWlhV1ZqZEdsMkxuSnZLQUFQAQ?hl=ro&amp;gl=RO&amp;ceid=RO%3Aro\" target=\"_blank\" rel=\"noopener noreferrer\"><br \/>\n        \u2b50 Urm\u0103re\u0219te Ziarul Obiectiv pe Google News<br \/>\n    <\/a><\/div>\n<p>Festivalul Rom\u00e2nesc din Reading, considerat cel mai mare eveniment de acest gen de pe Coasta de Est a Statelor Unite, a avut loc \u00een perioada 22\u201323 august \u0219i a adunat peste 3.000 de participan\u021bi. Rom\u00e2ni din Pennsylvania, New Jersey, New York, Delaware, Maryland \u0219i din alte state, al\u0103turi de numero\u0219i americani \u0219i reprezentan\u021bi ai altor comunit\u0103\u021bi, au venit s\u0103 descopere sau s\u0103 retr\u0103iasc\u0103, pentru dou\u0103 zile, atmosfera unei s\u0103rb\u0103tori rom\u00e2ne\u0219ti.<\/p>\n<p>\u00cen mijlocul muzicii, dansurilor, costumelor populare \u0219i bucatelor tradi\u021bionale, unul dintre momentele cu o semnifica\u021bie aparte a fost concursul \u201eRomanian Culture Through My Eyes\u201d, dedicat felului \u00een care tinerii crescu\u021bi \u00een America percep cultura \u021b\u0103rii din care provin p\u0103rin\u021bii sau bunicii lor. Premiul pus \u00een joc: o burs\u0103 \u0219colar\u0103 \u00een valoare de 1.000 de dolari, pe care Tibi l-a ob\u021binut \u00een urma unui num\u0103r cople\u0219itor de voturi.<\/p>\n<div id=\"gallery-2\" class=\"gallery galleryid-18677 gallery-columns-1 gallery-size-full\">\n<figure class=\"gallery-item\">\n<div class=\"gallery-icon landscape\"><a href=\"https:\/\/www.ziarulobiectiv.ro\/un-tanar-cu-radacini-barladene-a-impresionat-la-cel-mai-mare-festival-romanesc-de-pe-coasta-de-est-a-sua\/tibi-danciu-america3_rezultat\/\"><img loading=\"lazy\" decoding=\"async\" width=\"1000\" height=\"651\" src=\"https:\/\/sp-ao.shortpixel.ai\/client\/to_webp,q_glossy,ret_img,w_1000,h_651\/https:\/\/www.ziarulobiectiv.ro\/wp-content\/uploads\/2026\/09\/tibi-danciu-america3_rezultat.jpg\" class=\"attachment-full size-full\" alt><\/a><\/div>\n<\/figure>\n<\/div>\n<p class=\"gmail-PDq2pG_selectionAnchorContainer\">Proiectul realizat de Tiberiu este, \u00een esen\u021b\u0103, o poveste vizual\u0103 despre dou\u0103 lumi \u00eentre care, de\u0219i \u00eendep\u0103rtate una de alta, exist\u0103 continuitate. Panoul este \u00eemp\u0103r\u021bit simbolic \u00eentre \u201eRomania \u2013 Where My Roots Began\u201d \u0219i \u201eAmerica \u2013 Where My Roots Continue\u201d \u2013 Rom\u00e2nia, locul \u00een care \u00eei sunt r\u0103d\u0103cinile, \u0219i America, \u021bara \u00een care acestea continu\u0103 s\u0103 creasc\u0103.<\/p>\n<p>\u00cen partea dedicat\u0103 Rom\u00e2niei, Tibi a adunat imagini \u0219i obiecte care recompun ceea ce \u00eenseamn\u0103 pentru el \u021bara p\u0103rin\u021bilor s\u0103i: harta Rom\u00e2niei \u00een culorile tricolorului, portretul lui Mihai Eminescu, imagini din locurile vizitate \u00een vacan\u021bele petrecute aici, costume \u0219i dansuri populare, un m\u0103r\u021bi\u0219or, elemente de art\u0103 tradi\u021bional\u0103 \u0219i simboluri ale obiceiurilor cu care a crescut.<\/p>\n<p>Nici buc\u0103t\u0103ria rom\u00e2neasc\u0103 nu lipse\u0219te din aceast\u0103 hart\u0103 afectiv\u0103. Apar ou\u0103le ro\u0219ii \u0219i cozonacul de Pa\u0219te, precum \u0219i mucenicii, produsul de patiserie preg\u0103tit \u00een fiecare an pentru s\u0103rb\u0103toarea celor 40 de Mucenici.<\/p>\n<p>Cealalt\u0103 jum\u0103tate a panoului vorbe\u0219te despre via\u021ba lui din America: comunitatea rom\u00e2neasc\u0103 din Reading, prietenii, \u00eent\u00e2lnirile, s\u0103rb\u0103torile \u0219i fotografiile de familie. \u00centre cele dou\u0103 p\u0103r\u021bi, Tiberiu a a\u0219ezat chiar el explica\u021bia \u00eentregului proiect: \u201eFiecare vizit\u0103, fiecare tradi\u021bie, fiecare prietenie \u0219i amintire de familie las\u0103 o amprent\u0103 asupra celui care sunt. Rom\u00e2nia este locul unde au \u00eenceput r\u0103d\u0103cinile mele, iar cultura ei continu\u0103 s\u0103 modeleze via\u021ba pe care o tr\u0103iesc \u00een America.\u201d<\/p>\n<div id=\"gallery-3\" class=\"gallery galleryid-18677 gallery-columns-3 gallery-size-full\">\n<figure class=\"gallery-item\">\n<div class=\"gallery-icon portrait\"><a href=\"https:\/\/www.ziarulobiectiv.ro\/un-tanar-cu-radacini-barladene-a-impresionat-la-cel-mai-mare-festival-romanesc-de-pe-coasta-de-est-a-sua\/tibi-danciu-america10_rezultat\/\"><img decoding=\"async\" loading=\"lazy\" width=\"701\" height=\"935\" src=\"https:\/\/sp-ao.shortpixel.ai\/client\/to_webp,q_glossy,ret_img,w_701,h_935\/https:\/\/www.ziarulobiectiv.ro\/wp-content\/uploads\/2026\/09\/tibi-danciu-america10_rezultat.jpg\" class=\"attachment-full size-full\" alt><\/a><\/div>\n<\/figure>\n<figure class=\"gallery-item\">\n<div class=\"gallery-icon portrait\"><a href=\"https:\/\/www.ziarulobiectiv.ro\/un-tanar-cu-radacini-barladene-a-impresionat-la-cel-mai-mare-festival-romanesc-de-pe-coasta-de-est-a-sua\/tibi-danciu-america16_rezultat\/\"><img decoding=\"async\" loading=\"lazy\" width=\"701\" height=\"935\" src=\"https:\/\/sp-ao.shortpixel.ai\/client\/to_webp,q_glossy,ret_img,w_701,h_935\/https:\/\/www.ziarulobiectiv.ro\/wp-content\/uploads\/2026\/09\/tibi-danciu-america16_rezultat.jpg\" class=\"attachment-full size-full\" alt><\/a><\/div>\n<\/figure>\n<figure class=\"gallery-item\">\n<div class=\"gallery-icon portrait\"><a href=\"https:\/\/www.ziarulobiectiv.ro\/un-tanar-cu-radacini-barladene-a-impresionat-la-cel-mai-mare-festival-romanesc-de-pe-coasta-de-est-a-sua\/tibi-danciu-america13_rezultat\/\"><img decoding=\"async\" loading=\"lazy\" width=\"701\" height=\"935\" src=\"https:\/\/sp-ao.shortpixel.ai\/client\/to_webp,q_glossy,ret_img,w_701,h_935\/https:\/\/www.ziarulobiectiv.ro\/wp-content\/uploads\/2026\/09\/tibi-danciu-america13_rezultat.jpg\" class=\"attachment-full size-full\" alt><\/a><\/div>\n<\/figure>\n<\/div>\n<p>N\u0103scut din p\u0103rin\u021bi rom\u00e2ni \u0219i crescut \u00een Reading, \u00eentr-o comunitate care num\u0103r\u0103 aproximativ 17.000 de rom\u00e2ni, Tibi\u00a0 a tr\u0103it de mic \u00eentre dou\u0103 lumi care, \u00een familia sa, nu s-au exclus niciodat\u0103. A \u00eenv\u0103\u021bat limba rom\u00e2n\u0103 acas\u0103, a mers frecvent la Biserica Ortodox\u0103 \u201eSf\u00e2ntul Andrei\u201d din Reading \u0219i a crescut \u00eenconjurat de obiceiurile pe care familiile rom\u00e2ne\u0219ti le-au dus cu ele peste Ocean.<\/p>\n<div id=\"gallery-4\" class=\"gallery galleryid-18677 gallery-columns-3 gallery-size-full\">\n<figure class=\"gallery-item\">\n<div class=\"gallery-icon landscape\"><a href=\"https:\/\/www.ziarulobiectiv.ro\/un-tanar-cu-radacini-barladene-a-impresionat-la-cel-mai-mare-festival-romanesc-de-pe-coasta-de-est-a-sua\/tibi-danciu-america15_rezultat\/\"><img decoding=\"async\" loading=\"lazy\" width=\"935\" height=\"701\" src=\"https:\/\/sp-ao.shortpixel.ai\/client\/to_webp,q_glossy,ret_img,w_935,h_701\/https:\/\/www.ziarulobiectiv.ro\/wp-content\/uploads\/2026\/09\/tibi-danciu-america15_rezultat.jpg\" class=\"attachment-full size-full\" alt><\/a><\/div>\n<\/figure>\n<figure class=\"gallery-item\">\n<div class=\"gallery-icon landscape\"><a href=\"https:\/\/www.ziarulobiectiv.ro\/un-tanar-cu-radacini-barladene-a-impresionat-la-cel-mai-mare-festival-romanesc-de-pe-coasta-de-est-a-sua\/tibi-danciu-america1_rezultat\/\"><img decoding=\"async\" loading=\"lazy\" width=\"935\" height=\"701\" src=\"https:\/\/sp-ao.shortpixel.ai\/client\/to_webp,q_glossy,ret_img,w_935,h_701\/https:\/\/www.ziarulobiectiv.ro\/wp-content\/uploads\/2026\/09\/tibi-danciu-america1_rezultat.jpg\" class=\"attachment-full size-full\" alt><\/a><\/div>\n<\/figure>\n<figure class=\"gallery-item\">\n<div class=\"gallery-icon landscape\"><a href=\"https:\/\/www.ziarulobiectiv.ro\/un-tanar-cu-radacini-barladene-a-impresionat-la-cel-mai-mare-festival-romanesc-de-pe-coasta-de-est-a-sua\/tibi-danciu-america6_rezultat\/\"><img decoding=\"async\" loading=\"lazy\" width=\"934\" height=\"701\" src=\"https:\/\/sp-ao.shortpixel.ai\/client\/to_webp,q_glossy,ret_img,w_934,h_701\/https:\/\/www.ziarulobiectiv.ro\/wp-content\/uploads\/2026\/09\/tibi-danciu-america6_rezultat.jpg\" class=\"attachment-full size-full\" alt><\/a><\/div>\n<\/figure>\n<\/div>\n<p>A purtat costum popular, a participat la piese religioase organizate de biseric\u0103, a crescut cu m\u00e2nc\u0103ruri rom\u00e2ne\u0219ti \u0219i a fost prezent la nun\u021bi, botezuri, cununii, \u00eenmorm\u00e2nt\u0103ri \u0219i anivers\u0103ri p\u0103strate dup\u0103 tipicul de acas\u0103.<\/p>\n<p>P\u00e2n\u0103 \u0219i numele s\u0103u, spune mama, este o form\u0103 de asumare a originilor.<\/p>\n<p>\u201eTibi \u00ee\u0219i poart\u0103 numele cu m\u00e2ndrie \u0219i le explic\u0103 americanilor originile lui latine.\u201d<\/p>\n<p>Ast\u0103zi, la 19 ani, Tiberiu studiaz\u0103 Business la Kutztown University, \u00een Pennsylvania. Este american prin locul \u00een care s-a n\u0103scut \u0219i a crescut, \u00eens\u0103 Rom\u00e2nia a r\u0103mas o parte din identitatea lui.<\/p>\n<p>\u00cen Reading tr\u0103iesc rom\u00e2ni care au ajuns \u00een Statele Unite \u00eenainte de 1989 \u0219i rom\u00e2ni pleca\u021bi dup\u0103 Revolu\u021bie. Genera\u021bii diferite, istorii diferite, unite de aceea\u0219i nevoie de a p\u0103stra ceva din lumea l\u0103sat\u0103 \u00een urm\u0103.<\/p>\n<p>\u201eNe-am sudat foarte bine. Dorul de \u021bar\u0103 este \u00een fiecare dintre noi\u201d, spune Ina Danciu.<\/p>\n<p>Din aceast\u0103 nevoie de a r\u0103m\u00e2ne aproape de Rom\u00e2nia s-a n\u0103scut \u0219i Romanian Community Center, organiza\u021bie non-guvernamental\u0103 \u0219i non-profit care desf\u0103\u0219oar\u0103 activit\u0103\u021bi dedicate promov\u0103rii culturii \u0219i tradi\u021biilor rom\u00e2ne\u0219ti. Comunitatea beneficiaz\u0103 \u0219i de sprijinul Consulatului General al Rom\u00e2niei la New York, iar consulul general Simona Florea particip\u0103 constant la evenimentele organizate la Reading.<\/p>\n<div id=\"gallery-5\" class=\"gallery galleryid-18677 gallery-columns-1 gallery-size-full\">\n<figure class=\"gallery-item\">\n<div class=\"gallery-icon portrait\"><a href=\"https:\/\/www.ziarulobiectiv.ro\/un-tanar-cu-radacini-barladene-a-impresionat-la-cel-mai-mare-festival-romanesc-de-pe-coasta-de-est-a-sua\/tibi-danciu-america7_rezultat\/\"><img decoding=\"async\" loading=\"lazy\" width=\"701\" height=\"935\" src=\"https:\/\/sp-ao.shortpixel.ai\/client\/to_webp,q_glossy,ret_img,w_701,h_935\/https:\/\/www.ziarulobiectiv.ro\/wp-content\/uploads\/2026\/09\/tibi-danciu-america7_rezultat.jpg\" class=\"attachment-full size-full\" alt><\/a><\/div>\n<\/figure>\n<\/div>\n<p>Cea de-a treia edi\u021bie a Festivalului Rom\u00e2nesc a fost posibil\u0103 cu sprijinul sponsorilor \u0219i al celor peste 120 de voluntari implica\u021bi \u00een organizare.<\/p>\n<p>Au venit instrumenti\u0219ti, interpre\u021bi, expozan\u021bi cu produse tradi\u021bionale \u0219i ansambluri folclorice, inclusiv un grup de dansatori din Montr\u00e9al. S-au purtat ii \u0219i costume populare, s-au servit preparate rom\u00e2ne\u0219ti, iar \u00een hore au intrat, deopotriv\u0103, rom\u00e2ni \u0219i americani.<\/p>\n<p>Festivalul a devenit astfel o carte de vizit\u0103 a Rom\u00e2niei \u00eentr-un col\u021b de America \u0219i, \u00een acela\u0219i timp, o punte \u00eentre genera\u021bia celor care au plecat \u0219i copiii lor, n\u0103scu\u021bi la mii de kilometri distan\u021b\u0103.<\/p>\n<p>Pentru Ina Danciu, care a plecat din B\u00e2rlad \u0219i \u0219i-a \u00eentemeiat via\u021ba peste Ocean, \u00een urm\u0103 cu 26 de ani, proiectul fiului s\u0103u are tocmai aceast\u0103 \u00eenc\u0103rc\u0103tur\u0103.<\/p>\n<div id=\"gallery-6\" class=\"gallery galleryid-18677 gallery-columns-1 gallery-size-full\">\n<figure class=\"gallery-item\">\n<div class=\"gallery-icon portrait\"><a href=\"https:\/\/www.ziarulobiectiv.ro\/un-tanar-cu-radacini-barladene-a-impresionat-la-cel-mai-mare-festival-romanesc-de-pe-coasta-de-est-a-sua\/tibi-danciu-america2_rezultat\/\"><img decoding=\"async\" loading=\"lazy\" width=\"542\" height=\"1000\" src=\"https:\/\/sp-ao.shortpixel.ai\/client\/to_webp,q_glossy,ret_img,w_542,h_1000\/https:\/\/www.ziarulobiectiv.ro\/wp-content\/uploads\/2026\/09\/tibi-danciu-america2_rezultat.jpg\" class=\"attachment-full size-full\" alt><\/a><\/div>\n<\/figure>\n<figure class=\"gallery-item\">\n<div class=\"gallery-icon landscape\"><a href=\"https:\/\/www.ziarulobiectiv.ro\/un-tanar-cu-radacini-barladene-a-impresionat-la-cel-mai-mare-festival-romanesc-de-pe-coasta-de-est-a-sua\/tibi-danciu-america14_rezultat\/\"><img decoding=\"async\" loading=\"lazy\" width=\"935\" height=\"701\" src=\"https:\/\/sp-ao.shortpixel.ai\/client\/to_webp,q_glossy,ret_img,w_935,h_701\/https:\/\/www.ziarulobiectiv.ro\/wp-content\/uploads\/2026\/09\/tibi-danciu-america14_rezultat.jpg\" class=\"attachment-full size-full\" alt><\/a><\/div>\n<\/figure>\n<\/div>\n<p>Pentru c\u0103, dincolo de premiu \u0219i de voturile primite, r\u0103m\u00e2ne un lucru poate mai important: un copil n\u0103scut \u00een America a crescut suficient de aproape de Rom\u00e2nia \u00eenc\u00e2t, atunci c\u00e2nd i s-a cerut s\u0103 spun\u0103 ce \u00eenseamn\u0103 cultura rom\u00e2neasc\u0103 prin ochii lui, a avut o lume \u00eentreag\u0103 de povestit.<\/p>\n<p>\u00cen proiectul unui t\u00e2n\u0103r n\u0103scut \u0219i crescut \u00een America se reg\u0103sesc Eminescu, m\u0103r\u021bi\u0219orul, cozonacul \u0219i ou\u0103le ro\u0219ii de Pa\u0219te, mucenicii, portul popular, vacan\u021bele \u00een Rom\u00e2nia \u0219i amintirile de familie. Iar printre toate aceste r\u0103d\u0103cini rom\u00e2ne\u0219ti exist\u0103 \u0219i una care duce, f\u0103r\u0103 ocoli\u0219uri, spre B\u00e2rlad \u2013 ora\u0219ul din care a plecat mama sa.<\/p>\n<\/div>\n<p>[analyse_source url=&#8221;https:\/\/www.ziarulobiectiv.ro\/un-tanar-cu-radacini-barladene-a-impresionat-la-cel-mai-mare-festival-romanesc-de-pe-coasta-de-est-a-sua\/#new_tab&#8221;]<\/p>\n","protected":false},"excerpt":{"rendered":"<p>[analyse_image type=&#8221;featured&#8221; src=&#8221;https:\/\/www.ziarulobiectiv.ro\/wp-content\/uploads\/2026\/09\/ina-ionascu-tibi-america.png&#8221;] N\u0103scut \u0219i crescut \u00een Statele Unite, la mii de kilometri de Rom\u00e2nia, Tiberiu \u0218tefan Danciu, fiul b\u00e2rl\u0103dencei Ina Danciu (fost\u0103 Iona\u0219cu), a reu\u0219it s\u0103 transforme leg\u0103tura sa cu \u021bara p\u0103rin\u021bilor \u00eentr-un proiect care a atras aten\u021bia la cea de-a treia edi\u021bie a Festivalului Rom\u00e2nesc din Reading, Pennsylvania. \u00cen fa\u021ba unei comunit\u0103\u021bi de [&hellip;]<\/p>\n","protected":false},"author":1,"featured_media":0,"comment_status":"open","ping_status":"","sticky":false,"template":"","format":"standard","meta":{"footnotes":""},"categories":[89],"tags":[226,217],"class_list":["post-2125682","post","type-post","status-publish","format-standard","hentry","category-romania","tag-crawlmanager","tag-vaslui-robo-stiri-ro"],"_links":{"self":[{"href":"https:\/\/analyse.optim.biz\/index.php?rest_route=\/wp\/v2\/posts\/2125682","targetHints":{"allow":["GET"]}}],"collection":[{"href":"https:\/\/analyse.optim.biz\/index.php?rest_route=\/wp\/v2\/posts"}],"about":[{"href":"https:\/\/analyse.optim.biz\/index.php?rest_route=\/wp\/v2\/types\/post"}],"author":[{"embeddable":true,"href":"https:\/\/analyse.optim.biz\/index.php?rest_route=\/wp\/v2\/users\/1"}],"replies":[{"embeddable":true,"href":"https:\/\/analyse.optim.biz\/index.php?rest_route=%2Fwp%2Fv2%2Fcomments&post=2125682"}],"version-history":[{"count":0,"href":"https:\/\/analyse.optim.biz\/index.php?rest_route=\/wp\/v2\/posts\/2125682\/revisions"}],"wp:attachment":[{"href":"https:\/\/analyse.optim.biz\/index.php?rest_route=%2Fwp%2Fv2%2Fmedia&parent=2125682"}],"wp:term":[{"taxonomy":"category","embeddable":true,"href":"https:\/\/analyse.optim.biz\/index.php?rest_route=%2Fwp%2Fv2%2Fcategories&post=2125682"},{"taxonomy":"post_tag","embeddable":true,"href":"https:\/\/analyse.optim.biz\/index.php?rest_route=%2Fwp%2Fv2%2Ftags&post=2125682"}],"curies":[{"name":"wp","href":"https:\/\/api.w.org\/{rel}","templated":true}]}}