{"id":2125672,"date":"2026-09-01T23:00:00","date_gmt":"2026-09-01T20:00:00","guid":{"rendered":"https:\/\/analyse.optim.biz\/?p=2125672"},"modified":"2026-09-01T23:00:00","modified_gmt":"2026-09-01T20:00:00","slug":"a-fost-anuntat-programul-editiei-xxix-a-a-festivalului-constantin-tanase-saptamana-viitoare-se-pun-in-vanzare-biletele-si-abonamentele","status":"publish","type":"post","link":"https:\/\/analyse.optim.biz\/?p=2125672","title":{"rendered":"A fost anun\u021bat programul edi\u021biei XXIX-a a Festivalului \u201eConstantin T\u0103nase\u201d. S\u0103pt\u0103m\u00e2na viitoare se pun \u00een v\u00e2nzare biletele \u0219i abonamentele"},"content":{"rendered":"<p>[analyse_image type=&#8221;featured&#8221; src=&#8221;&#8221;]<\/p>\n<div class=\"tdb-block-inner td-fix-index\"><a class=\"tdb-logo-a\" href=\"https:\/\/www.monitoruldevaslui.ro\/\"><span class=\"tdb-logo-img-wrap\"><img decoding=\"async\" class=\"tdb-logo-img td-retina-data\" data-retina=\"https:\/\/www.monitoruldevaslui.ro\/wp-content\/uploads\/2025\/07\/Monitorul-logo-motto-2.png\" src=\"https:\/\/www.monitoruldevaslui.ro\/wp-content\/uploads\/2025\/07\/Monitorul-logo-motto-2.png\" alt=\"Logo\" title><\/span><span class=\"tdb-logo-text-wrap\"><span class=\"tdb-logo-text-title\">News<\/span><span class=\"tdb-logo-text-tagline\">Hub<\/span><\/span><\/a><\/div>\n<div class=\"tdb-block-inner td-fix-index\"><a class=\"tdb-logo-a\" href=\"https:\/\/www.monitoruldevaslui.ro\/\"><span class=\"tdb-logo-img-wrap\"><img decoding=\"async\" class=\"tdb-logo-img td-retina-data\" data-retina=\"https:\/\/www.monitoruldevaslui.ro\/wp-content\/uploads\/2025\/07\/Monitorul-logo-motto-2.png\" src=\"https:\/\/www.monitoruldevaslui.ro\/wp-content\/uploads\/2025\/07\/Monitorul-logo-motto-2.png\" alt=\"Logo\" title><\/span><\/a><\/div>\n<div class=\"tdb-block-inner td-fix-index\">\n<div class=\"tdb-weather-deg-wrap\" data-block-uid=\"tdb_header_weather_uid\"><span class=\"tdb-weather-deg\">18.7<\/span><span class=\"tdb-weather-unit\">C<\/span><\/div>\n<div class=\"tdb-weather-city\">Vaslui<\/div>\n<\/div>\n<div class=\"td-post-content tagdiv-type\">\n<p class=\"wp-block-paragraph\"><strong>A fost anun\u021bat programul celei de-a XXIX-a edi\u021bii a Festivalului de umor \u201eConstantin T\u0103nase\u201d, urm\u00e2nd ca abonamentele s\u0103 fie oferite spre v\u00e2nzare \u00eencep\u00e2nd cu\u00a09 septembrie, iar biletele de pe 11 septembrie. Intrarea la cele dou\u0103 spectacole de stand-up comedy nu este\u00a0inclus\u0103 \u00een abonament, care \u00eens\u0103 permite\u00a0accesul la spectacolele trupelor de teatru din Ia\u0219i, Bucure\u0219ti, Timi\u0219oara, Ploie\u0219ti, Sibiu sau Chi\u0219in\u0103u.<\/strong><\/p>\n<div class=\"wp-block-image\">\n<figure class=\"aligncenter size-full is-resized\"><img loading=\"lazy\" decoding=\"async\" width=\"900\" height=\"600\" src=\"https:\/\/www.monitoruldevaslui.ro\/wp-content\/uploads\/2023\/10\/Centrul-Cultural-Dimitrie-Cantemir-Vaslui.jpg\" alt class=\"wp-image-89736\"><\/figure>\n<\/div>\n<p class=\"wp-block-paragraph\">Centrul Cultural Jude\u021bean, organizator\u00a0al Festivalului de umor \u201eConstantin T\u0103nase\u201d, a anun\u021bat programul celei de-a 29-a edi\u021bii, care se va desf\u0103\u0219ura \u00een perioada 5 \u2013 11 octombrie 2026 la Centrul Cultural \u201eDimitrie Cantemir\u201d din Vaslui.<\/p>\n<p class=\"wp-block-paragraph\">Marcel Iure\u0219 revine la Vaslui pentru a juca \u00een piesa \u201eO scrisoare pierdut\u0103\u201d \u00eempreun\u0103 cu Marian R\u00e2lea \u0219i colegii de la Teatrul ACT.\u00a0Vor fi prezen\u021bi, de asemenea,\u00a0Medeea Marinescu, Alexandru Papadopol \u0219i\u00a0George Iva\u0219cu,\u00a0\u00eempreun\u0103 cu o pleiad\u0103 de talenta\u021bi actori de la teatre de renume din Bucure\u0219ti, Ia\u0219i, Timi\u0219oara, Ploie\u0219ti, Sibiu sau Chi\u0219in\u0103u.<\/p>\n<p class=\"wp-block-paragraph\">Sorin P\u00e2rc\u0103lab, Virgil Ciulin, Sergiu Miric\u0103, Teo, Vio \u0219i Costel vor sus\u021bine pe scena Centrului Cultural \u201eDimitrie Cantemir\u201d dou\u0103 spectacole de stand-up comedy, pe 8 \u0219i 10 octombrie. Deschiderea oficial\u0103 a Festivalului va avea loc pe 5 octombrie, pe esplanada Centrului Cultural, cu un spectacol outdoor de pantomim\u0103 \u0219i clownerie care se va bucura de participarea artistei spaniole Victoria Alcaraz Vidal. \u00cen aceea\u0219i loca\u021bie, \u00een fiecare zi, \u00eentre orele 17.30 \u2013\u00a019.00, graficienii Marian Avramescu, Ovidiu Ambrozie Bort\u0103 \u2013\u00a0BOA, \u0219i Gabriel Rusu vor realiza caricaturi \u0219i portrete-\u0219arj\u0103 live. Nu vor lipsi lans\u0103rile de carte ori salonul de caricatur\u0103, acestea fiind doar unele dintre evenimentele care vor avea loc \u00een cadrul celei de-a XXIX-a edi\u021bii a Festivalului de umor \u201eConstantin T\u0103nase\u201d \u2013\u00a0Vaslui 2026.<\/p>\n<p class=\"wp-block-paragraph\">De s\u0103pt\u0103m\u00e2na viitoare se vor pune \u00een v\u00e2nzare abonamentele \u0219i biletele, astfel: pe 9 \u0219i 10 septembrie \u2013 exclusiv abonamente, iar \u00eencep\u00e2nd cu 11 septembrie se vor vinde \u00een paralel at\u00e2t bilete,\u00a0c\u00e2t \u0219i abonamente.<\/p>\n<p class=\"wp-block-paragraph\">Organizatorii se a\u0219teapt\u0103 la un mare interes din partea iubitorilor de teatru vasluieni, astfel c\u0103,\u00a0\u00een prima zi, pe 9 septembrie, fiecare cump\u0103r\u0103tor va putea cump\u0103ra maxim 4 abonamente. Dac\u0103 dup\u0103 prima zi de v\u00e2nzare (9 septembrie) vor mai r\u0103m\u00e2ne locuri pentru abonamente restric\u021bia de 4 locuri\/cump\u0103r\u0103tor nu va mai fi valabil\u0103. De\u00a0asemenea, \u00een perioada 9- 11 septembrie nu se fac rezerv\u0103ri, anun\u021b\u0103 organizatorii.<\/p>\n<p class=\"wp-block-paragraph\">Pre\u021b unui abonament, care este transmisibil, va fi de 500 lei \u0219i va permite accesul la 7 spectacole, c\u00e2te unul pentru fiecare sear\u0103, \u00een perioada 5 \u2013 11 octombrie, \u00eencep\u00e2nd cu orele 19. Programul spectacolelor aferente abonamentului va fi imprimat pe acesta.<\/p>\n<p class=\"wp-block-paragraph\">Vor fi puse \u00een v\u00e2nzare 200 de abonamente, din totalul de 409 locuri ale s\u0103lii de spectacol a Centrului Cultural, pentru restul locurilor urm\u00e2nd a fi puse \u00een v\u00e2nzare bilete la un pre\u021b de 100 lei\/spectacol.<\/p>\n<p class=\"wp-block-paragraph\">Programul casei de bilete deschise la\u00a0parterul Centrului Cultural Jude\u021bean Vaslui va fi zilnic, de luni p\u00e2n\u0103 vineri, \u00eentre orele orele 11- 17. Dac\u0103 va fi nevoie, miercuri,\u00a09 septembrie, \u00een prima zi de v\u00e2nzare a abonamentelor, dar \u0219i joi, 10 septembrie, c\u00e2nd \u00eencepe v\u00e2nzarea biletelor, programul casei poate fi extins p\u00e2n\u0103 la ultimul cump\u0103r\u0103tor.<\/p>\n<p class=\"wp-block-paragraph\">Trebuie spus c\u0103 accesul la cele dou\u0103 spectacole de stand- up comedy nu este inclus \u00een abonament.<\/p>\n<\/div>\n<p>[analyse_source url=&#8221;https:\/\/www.monitoruldevaslui.ro\/2026\/09\/a-fost-anuntat-programul-editiei-xxix-a-a-festivalului-constantin-tanase-saptamana-viitoare-se-pun-in-vanzare-biletele-si-abonamentele\/#new_tab&#8221;]<\/p>\n","protected":false},"excerpt":{"rendered":"<p>[analyse_image type=&#8221;featured&#8221; src=&#8221;&#8221;] NewsHub 18.7C Vaslui A fost anun\u021bat programul celei de-a XXIX-a edi\u021bii a Festivalului de umor \u201eConstantin T\u0103nase\u201d, urm\u00e2nd ca abonamentele s\u0103 fie oferite spre v\u00e2nzare \u00eencep\u00e2nd cu\u00a09 septembrie, iar biletele de pe 11 septembrie. Intrarea la cele dou\u0103 spectacole de stand-up comedy nu este\u00a0inclus\u0103 \u00een abonament, care \u00eens\u0103 permite\u00a0accesul la spectacolele trupelor [&hellip;]<\/p>\n","protected":false},"author":1,"featured_media":0,"comment_status":"open","ping_status":"","sticky":false,"template":"","format":"standard","meta":{"footnotes":""},"categories":[89],"tags":[226,217],"class_list":["post-2125672","post","type-post","status-publish","format-standard","hentry","category-romania","tag-crawlmanager","tag-vaslui-robo-stiri-ro"],"_links":{"self":[{"href":"https:\/\/analyse.optim.biz\/index.php?rest_route=\/wp\/v2\/posts\/2125672","targetHints":{"allow":["GET"]}}],"collection":[{"href":"https:\/\/analyse.optim.biz\/index.php?rest_route=\/wp\/v2\/posts"}],"about":[{"href":"https:\/\/analyse.optim.biz\/index.php?rest_route=\/wp\/v2\/types\/post"}],"author":[{"embeddable":true,"href":"https:\/\/analyse.optim.biz\/index.php?rest_route=\/wp\/v2\/users\/1"}],"replies":[{"embeddable":true,"href":"https:\/\/analyse.optim.biz\/index.php?rest_route=%2Fwp%2Fv2%2Fcomments&post=2125672"}],"version-history":[{"count":0,"href":"https:\/\/analyse.optim.biz\/index.php?rest_route=\/wp\/v2\/posts\/2125672\/revisions"}],"wp:attachment":[{"href":"https:\/\/analyse.optim.biz\/index.php?rest_route=%2Fwp%2Fv2%2Fmedia&parent=2125672"}],"wp:term":[{"taxonomy":"category","embeddable":true,"href":"https:\/\/analyse.optim.biz\/index.php?rest_route=%2Fwp%2Fv2%2Fcategories&post=2125672"},{"taxonomy":"post_tag","embeddable":true,"href":"https:\/\/analyse.optim.biz\/index.php?rest_route=%2Fwp%2Fv2%2Ftags&post=2125672"}],"curies":[{"name":"wp","href":"https:\/\/api.w.org\/{rel}","templated":true}]}}