{"id":212565,"date":"2014-02-13T13:14:52","date_gmt":"2014-02-13T10:14:52","guid":{"rendered":"https:\/\/analyse.optim.biz\/?p=212565"},"modified":"2014-02-13T13:14:52","modified_gmt":"2014-02-13T10:14:52","slug":"parlamentarii-psd-convocati-prin-sms-sa-voteze-luni-guvernul","status":"publish","type":"post","link":"https:\/\/analyse.optim.biz\/?p=212565","title":{"rendered":"Parlamentarii PSD, convoca\u0163i prin sms s\u0103 voteze, luni, Guvernul"},"content":{"rendered":"<div class=\"entry data-app-meta data-app-meta-article\" data-embed-base-url-canonical=\"https:\/\/www.digi24.ro\/embed\/stiri\/actualitate\/politica\/parlamentarii-psd-convocati-prin-sms-sa-voteze-luni-guvernul-199754\">\n<p data-index=\"1\">Social-democra\u0163ii sunt gata s\u0103 pun\u0103 cap\u0103t crizei din USL prin acordarea unui vot de \u00eencredere unui Executiv din care liberalii ar putea lipsi. PSD amenin\u0163\u0103 chiar cu ruperea USL dac\u0103 <a href=\"https:\/\/www.digi24.ro\/Stiri\/Digi24\/Actualitate\/Politica\/Klaus+Iohannis+Nu+acceptam+ca+PNL+sa+fie+pus+pe+picior+de+egalit\" target=\"_blank\" data-skip-linkfix=\"1\" rel=\"noopener\">liderii PNL<\/a> nu sunt de acord cu formula propus\u0103 de premierul Victor Ponta.<\/p>\n<p data-index=\"2\">\u201ePrin am\u00e2narea negocierilor, PNL for\u0163eaz\u0103 ruperea USL. Vot\u0103m un guvern \u015fi f\u0103r\u0103 PNL\u201d, a declarat <strong>Ioan Chelaru<\/strong>.<\/p>\n<p data-index=\"3\">\u201eLuni avem \u015fedin\u0163\u0103 de plen, nu aveam nevoie de acel sms. M\u0103 bazez pe \u00een\u0163elepciunea oamenilor inteligen\u0163i din PNL pentru a pune cap\u0103t acestor m\u0103cinari interne\u201d, a spus la Digi24 senatorul PSD <strong>Liviu Pop.<\/strong><\/p>\n<\/div>\n<p> Source URL: https:\/\/www.digi24.ro\/stiri\/actualitate\/politica\/parlamentarii-psd-convocati-prin-sms-sa-voteze-luni-guvernul-199754<\/p>\n","protected":false},"excerpt":{"rendered":"<p>Social-democra\u0163ii sunt gata s\u0103 pun\u0103 cap\u0103t crizei din USL prin acordarea unui vot de \u00eencredere unui Executiv din care liberalii ar putea lipsi. PSD amenin\u0163\u0103 chiar cu ruperea USL dac\u0103 liderii PNL nu sunt de acord cu formula propus\u0103 de premierul Victor Ponta. \u201ePrin am\u00e2narea negocierilor, PNL for\u0163eaz\u0103 ruperea USL. Vot\u0103m un guvern \u015fi f\u0103r\u0103 [&hellip;]<\/p>\n","protected":false},"author":1,"featured_media":212566,"comment_status":"open","ping_status":"","sticky":false,"template":"","format":"standard","meta":{"footnotes":""},"categories":[2],"tags":[11],"class_list":["post-212565","post","type-post","status-publish","format-standard","has-post-thumbnail","hentry","category-politics","tag-digi24"],"_links":{"self":[{"href":"https:\/\/analyse.optim.biz\/index.php?rest_route=\/wp\/v2\/posts\/212565","targetHints":{"allow":["GET"]}}],"collection":[{"href":"https:\/\/analyse.optim.biz\/index.php?rest_route=\/wp\/v2\/posts"}],"about":[{"href":"https:\/\/analyse.optim.biz\/index.php?rest_route=\/wp\/v2\/types\/post"}],"author":[{"embeddable":true,"href":"https:\/\/analyse.optim.biz\/index.php?rest_route=\/wp\/v2\/users\/1"}],"replies":[{"embeddable":true,"href":"https:\/\/analyse.optim.biz\/index.php?rest_route=%2Fwp%2Fv2%2Fcomments&post=212565"}],"version-history":[{"count":0,"href":"https:\/\/analyse.optim.biz\/index.php?rest_route=\/wp\/v2\/posts\/212565\/revisions"}],"wp:featuredmedia":[{"embeddable":true,"href":"https:\/\/analyse.optim.biz\/index.php?rest_route=\/wp\/v2\/media\/212566"}],"wp:attachment":[{"href":"https:\/\/analyse.optim.biz\/index.php?rest_route=%2Fwp%2Fv2%2Fmedia&parent=212565"}],"wp:term":[{"taxonomy":"category","embeddable":true,"href":"https:\/\/analyse.optim.biz\/index.php?rest_route=%2Fwp%2Fv2%2Fcategories&post=212565"},{"taxonomy":"post_tag","embeddable":true,"href":"https:\/\/analyse.optim.biz\/index.php?rest_route=%2Fwp%2Fv2%2Ftags&post=212565"}],"curies":[{"name":"wp","href":"https:\/\/api.w.org\/{rel}","templated":true}]}}