{"id":2125615,"date":"2026-09-02T14:35:55","date_gmt":"2026-09-02T11:35:55","guid":{"rendered":"https:\/\/analyse.optim.biz\/?p=2125615"},"modified":"2026-09-02T14:35:55","modified_gmt":"2026-09-02T11:35:55","slug":"alergare-cu-dj-pe-tricicleta-prin-centrul-buzaului-orasul-se-transforma-intr-un-ring-de-dans-pe-10-septembrie","status":"publish","type":"post","link":"https:\/\/analyse.optim.biz\/?p=2125615","title":{"rendered":"Alergare cu DJ pe triciclet\u0103, prin centrul Buz\u0103ului! Ora\u0219ul se transform\u0103 \u00eentr-un ring de dans pe 10 septembrie"},"content":{"rendered":"<p>[analyse_image type=&#8221;featured&#8221; src=&#8221;https:\/\/stiridebuzau.ro\/wp-content\/uploads\/2026\/09\/Buzau-21k-MusicRun_03.jpg&#8221;]<\/p>\n<div class=\"elementor-element elementor-element-22c955c elementor-widget elementor-widget-theme-post-content\" data-id=\"22c955c\" data-element_type=\"widget\" data-widget_type=\"theme-post-content.default\">\n<div class=\"elementor-widget-container\">\n<p><strong>Buzoienii sunt chema\u021bi la o alergare cum nu s-a mai v\u0103zut prin ora\u0219: muzic\u0103 live, DJ pe triciclet\u0103 \u0219i sute de oameni care vor traversa Bulevardul B\u0103lcescu \u0219i Bulevardul Unirii \u00een ritmul muzicii. Nu exist\u0103 cronometru, nu exist\u0103 clasament \u0219i nici presiunea unei competi\u021bii. Doar alergare, distrac\u021bie \u0219i muzic\u0103.<\/strong><\/p>\n<p>Joi, 10 septembrie, de la ora 18.00, Poarta Cr\u00e2ng devine punctul de plecare pentru \u201eBUZ\u0102U 21K MUSIC RUN\u201d, un eveniment organizat de Funda\u021bia Comunitar\u0103 Buz\u0103u.<\/p>\n<p>\u0218i partea spectaculoas\u0103 abia de aici \u00eencepe.\u00a0\u00cen locul clasicei ma\u0219ini de deschidere, alerg\u0103torii vor avea \u00een fa\u021b\u0103 un DJ pe triciclet\u0103 muzical\u0103. John Chill Tailor \u00ee\u0219i va pune muzica la lucru \u0219i \u00eei va \u00eenso\u021bi pe participan\u021bi pe tot traseul, p\u00e2n\u0103 la MORO Orizont.<\/p>\n<p>Altfel spus, alergarea vine cu propriul soundtrack.\u00a0Traseul trece prin centrul ora\u0219ului, pe Bulevardul Nicolae B\u0103lcescu \u0219i Bulevardul Unirii. Ritmul va fi unul lejer, astfel \u00eenc\u00e2t s\u0103 poat\u0103 \u021bine pasul at\u00e2t alerg\u0103torii experimenta\u021bi, c\u00e2t \u0219i cei care vor doar s\u0103 ias\u0103 din cas\u0103 \u0219i s\u0103 fac\u0103 pu\u021bin\u0103 mi\u0219care.<\/p>\n<p>Iar organizatorii nu vor s\u0103 transforme seara \u00eentr-o curs\u0103 contra cronometru.\u00a0Nu se alearg\u0103 pentru podium. Se alearg\u0103 pentru atmosfer\u0103.\u00a0La final, la MORO Orizont, participan\u021bii sunt a\u0219tepta\u021bi cu surprize \u0219i cu o zon\u0103 \u00een care alergarea se poate transforma \u00een socializare.<\/p>\n<p>Evenimentul este \u0219i o \u00eenc\u0103lzire pentru Buz\u0103u 21k, semimaratonul caritabil programat pe 27 septembrie. Cei care prind gustul alerg\u0103rii pe 10 septembrie pot face pasul urm\u0103tor \u0219i se pot \u00eenscrie la una dintre cursele competi\u021biei.<\/p>\n<p>Organizatorii \u00eei \u00eencurajeaz\u0103 pe buzoieni s\u0103 vin\u0103 \u00een grupuri \u0219i, dac\u0103 tot este o alergare cu muzic\u0103, s\u0103 renun\u021be \u0219i la \u021binutele sobre.<\/p>\n<p>Pe 10 septembrie, Buz\u0103ul alearg\u0103 dup\u0103 ritm: DJ pe triciclet\u0103, muzic\u0103 pe bulevarde \u0219i o mul\u021bime de oameni care transform\u0103 o simpl\u0103 alergare \u00eentr-o petrecere \u00een mi\u0219care.<\/p>\n<\/div>\n<\/div>\n<div class=\"elementor-element elementor-element-22c955c elementor-widget elementor-widget-theme-post-content\" data-id=\"22c955c\" data-element_type=\"widget\" data-widget_type=\"theme-post-content.default\">\n<div class=\"elementor-widget-container\">\n<p><strong>Buzoienii sunt chema\u021bi la o alergare cum nu s-a mai v\u0103zut prin ora\u0219: muzic\u0103 live, DJ pe triciclet\u0103 \u0219i sute de oameni care vor traversa Bulevardul B\u0103lcescu \u0219i Bulevardul Unirii \u00een ritmul muzicii. Nu exist\u0103 cronometru, nu exist\u0103 clasament \u0219i nici presiunea unei competi\u021bii. Doar alergare, distrac\u021bie \u0219i muzic\u0103.<\/strong><\/p>\n<p>Joi, 10 septembrie, de la ora 18.00, Poarta Cr\u00e2ng devine punctul de plecare pentru \u201eBUZ\u0102U 21K MUSIC RUN\u201d, un eveniment organizat de Funda\u021bia Comunitar\u0103 Buz\u0103u.<\/p>\n<p>\u0218i partea spectaculoas\u0103 abia de aici \u00eencepe.\u00a0\u00cen locul clasicei ma\u0219ini de deschidere, alerg\u0103torii vor avea \u00een fa\u021b\u0103 un DJ pe triciclet\u0103 muzical\u0103. John Chill Tailor \u00ee\u0219i va pune muzica la lucru \u0219i \u00eei va \u00eenso\u021bi pe participan\u021bi pe tot traseul, p\u00e2n\u0103 la MORO Orizont.<\/p>\n<p>Altfel spus, alergarea vine cu propriul soundtrack.\u00a0Traseul trece prin centrul ora\u0219ului, pe Bulevardul Nicolae B\u0103lcescu \u0219i Bulevardul Unirii. Ritmul va fi unul lejer, astfel \u00eenc\u00e2t s\u0103 poat\u0103 \u021bine pasul at\u00e2t alerg\u0103torii experimenta\u021bi, c\u00e2t \u0219i cei care vor doar s\u0103 ias\u0103 din cas\u0103 \u0219i s\u0103 fac\u0103 pu\u021bin\u0103 mi\u0219care.<\/p>\n<p>Iar organizatorii nu vor s\u0103 transforme seara \u00eentr-o curs\u0103 contra cronometru.\u00a0Nu se alearg\u0103 pentru podium. Se alearg\u0103 pentru atmosfer\u0103.\u00a0La final, la MORO Orizont, participan\u021bii sunt a\u0219tepta\u021bi cu surprize \u0219i cu o zon\u0103 \u00een care alergarea se poate transforma \u00een socializare.<\/p>\n<p>Evenimentul este \u0219i o \u00eenc\u0103lzire pentru Buz\u0103u 21k, semimaratonul caritabil programat pe 27 septembrie. Cei care prind gustul alerg\u0103rii pe 10 septembrie pot face pasul urm\u0103tor \u0219i se pot \u00eenscrie la una dintre cursele competi\u021biei.<\/p>\n<p>Organizatorii \u00eei \u00eencurajeaz\u0103 pe buzoieni s\u0103 vin\u0103 \u00een grupuri \u0219i, dac\u0103 tot este o alergare cu muzic\u0103, s\u0103 renun\u021be \u0219i la \u021binutele sobre.<\/p>\n<p>Pe 10 septembrie, Buz\u0103ul alearg\u0103 dup\u0103 ritm: DJ pe triciclet\u0103, muzic\u0103 pe bulevarde \u0219i o mul\u021bime de oameni care transform\u0103 o simpl\u0103 alergare \u00eentr-o petrecere \u00een mi\u0219care.<\/p>\n<\/div>\n<\/div>\n<p>[analyse_source url=&#8221;https:\/\/stiridebuzau.ro\/alergare-cu-dj-pe-tricicleta-prin-centrul-buzaului-orasul-se-transforma-intr-un-ring-de-dans-pe-10-septembrie\/&#8221;]<\/p>\n","protected":false},"excerpt":{"rendered":"<p>[analyse_image type=&#8221;featured&#8221; src=&#8221;https:\/\/stiridebuzau.ro\/wp-content\/uploads\/2026\/09\/Buzau-21k-MusicRun_03.jpg&#8221;] Buzoienii sunt chema\u021bi la o alergare cum nu s-a mai v\u0103zut prin ora\u0219: muzic\u0103 live, DJ pe triciclet\u0103 \u0219i sute de oameni care vor traversa Bulevardul B\u0103lcescu \u0219i Bulevardul Unirii \u00een ritmul muzicii. Nu exist\u0103 cronometru, nu exist\u0103 clasament \u0219i nici presiunea unei competi\u021bii. Doar alergare, distrac\u021bie \u0219i muzic\u0103. Joi, 10 septembrie, [&hellip;]<\/p>\n","protected":false},"author":1,"featured_media":0,"comment_status":"open","ping_status":"","sticky":false,"template":"","format":"standard","meta":{"footnotes":""},"categories":[2],"tags":[226,117],"class_list":["post-2125615","post","type-post","status-publish","format-standard","hentry","category-politics","tag-crawlmanager","tag-stiridebuzau-ro"],"_links":{"self":[{"href":"https:\/\/analyse.optim.biz\/index.php?rest_route=\/wp\/v2\/posts\/2125615","targetHints":{"allow":["GET"]}}],"collection":[{"href":"https:\/\/analyse.optim.biz\/index.php?rest_route=\/wp\/v2\/posts"}],"about":[{"href":"https:\/\/analyse.optim.biz\/index.php?rest_route=\/wp\/v2\/types\/post"}],"author":[{"embeddable":true,"href":"https:\/\/analyse.optim.biz\/index.php?rest_route=\/wp\/v2\/users\/1"}],"replies":[{"embeddable":true,"href":"https:\/\/analyse.optim.biz\/index.php?rest_route=%2Fwp%2Fv2%2Fcomments&post=2125615"}],"version-history":[{"count":0,"href":"https:\/\/analyse.optim.biz\/index.php?rest_route=\/wp\/v2\/posts\/2125615\/revisions"}],"wp:attachment":[{"href":"https:\/\/analyse.optim.biz\/index.php?rest_route=%2Fwp%2Fv2%2Fmedia&parent=2125615"}],"wp:term":[{"taxonomy":"category","embeddable":true,"href":"https:\/\/analyse.optim.biz\/index.php?rest_route=%2Fwp%2Fv2%2Fcategories&post=2125615"},{"taxonomy":"post_tag","embeddable":true,"href":"https:\/\/analyse.optim.biz\/index.php?rest_route=%2Fwp%2Fv2%2Ftags&post=2125615"}],"curies":[{"name":"wp","href":"https:\/\/api.w.org\/{rel}","templated":true}]}}