{"id":2125611,"date":"2026-09-02T14:23:27","date_gmt":"2026-09-02T11:23:27","guid":{"rendered":"https:\/\/analyse.optim.biz\/?p=2125611"},"modified":"2026-09-02T14:23:27","modified_gmt":"2026-09-02T11:23:27","slug":"doua-focare-de-pesta-porcina-africana-confirmate-in-buzau-17-porci-au-fost-sacrificati","status":"publish","type":"post","link":"https:\/\/analyse.optim.biz\/?p=2125611","title":{"rendered":"Dou\u0103 focare de pest\u0103 porcin\u0103 african\u0103, confirmate \u00een Buz\u0103u. 17 porci au fost sacrifica\u021bi"},"content":{"rendered":"<p>[analyse_image type=&#8221;featured&#8221; src=&#8221;https:\/\/stiridebuzau.ro\/wp-content\/uploads\/2022\/11\/afumaturi-carne-porc-buzau-candesti-emil-romanescu-1-1024&#215;576.png&#8221;]<\/p>\n<div class=\"elementor-element elementor-element-22c955c elementor-widget elementor-widget-theme-post-content\" data-id=\"22c955c\" data-element_type=\"widget\" data-widget_type=\"theme-post-content.default\">\n<div class=\"elementor-widget-container\">\n<p><strong>Dou\u0103 focare de pest\u0103 porcin\u0103 african\u0103 sunt active \u00een jude\u021bul Buz\u0103u, \u00een localit\u0103\u021bile B\u0103l\u0103ceanu \u0219i Ziduri. \u00cen total, 17 porci au fost afecta\u021bi \u0219i sacrifica\u021bi, iar autorit\u0103\u021bile au impus restric\u021bii pentru prevenirea r\u0103sp\u00e2ndirii bolii.<\/strong><\/p>\n<p>Primul focar a fost confirmat pe 1 septembrie, la B\u0103l\u0103ceanu, \u00eentr-o gospod\u0103rie \u00een care erau opt porci. Toate animalele au fost sacrificate.<\/p>\n<p>Cel de-al doilea focar a fost identificat pe 25 august, la Ziduri. Nou\u0103 porci au fost afecta\u021bi, iar autorit\u0103\u021bile au decis sacrificarea acestora.<\/p>\n<p>\u201eLa nivelul jude\u021bului Buz\u0103u sunt \u00een prezent active dou\u0103 focare de pest\u0103 porcin\u0103 african\u0103\u201d, a declarat pentru AGERPRES Onoriu \u021a\u0103ranu, purt\u0103torul de cuv\u00e2nt al DSVSA Buz\u0103u.<\/p>\n<p>\u00cen jurul celor dou\u0103 focare au fost instituite zone de protec\u021bie \u0219i supraveghere. Speciali\u0219tii vor verifica toate efectivele de porci din aceste zone \u0219i vor efectua examin\u0103ri clinice.<\/p>\n<p>De asemenea, circula\u021bia porcilor din zona de protec\u021bie este restric\u021bionat\u0103, iar anchetele epidemiologice pentru stabilirea sursei infec\u021biei sunt \u00een desf\u0103\u0219urare.<\/p>\n<p>\u00cen total, 17 porci au fost sacrifica\u021bi \u00een cele dou\u0103 gospod\u0103rii.<\/p>\n<\/div>\n<\/div>\n<div class=\"elementor-element elementor-element-22c955c elementor-widget elementor-widget-theme-post-content\" data-id=\"22c955c\" data-element_type=\"widget\" data-widget_type=\"theme-post-content.default\">\n<div class=\"elementor-widget-container\">\n<p><strong>Dou\u0103 focare de pest\u0103 porcin\u0103 african\u0103 sunt active \u00een jude\u021bul Buz\u0103u, \u00een localit\u0103\u021bile B\u0103l\u0103ceanu \u0219i Ziduri. \u00cen total, 17 porci au fost afecta\u021bi \u0219i sacrifica\u021bi, iar autorit\u0103\u021bile au impus restric\u021bii pentru prevenirea r\u0103sp\u00e2ndirii bolii.<\/strong><\/p>\n<p>Primul focar a fost confirmat pe 1 septembrie, la B\u0103l\u0103ceanu, \u00eentr-o gospod\u0103rie \u00een care erau opt porci. Toate animalele au fost sacrificate.<\/p>\n<p>Cel de-al doilea focar a fost identificat pe 25 august, la Ziduri. Nou\u0103 porci au fost afecta\u021bi, iar autorit\u0103\u021bile au decis sacrificarea acestora.<\/p>\n<p>\u201eLa nivelul jude\u021bului Buz\u0103u sunt \u00een prezent active dou\u0103 focare de pest\u0103 porcin\u0103 african\u0103\u201d, a declarat pentru AGERPRES Onoriu \u021a\u0103ranu, purt\u0103torul de cuv\u00e2nt al DSVSA Buz\u0103u.<\/p>\n<p>\u00cen jurul celor dou\u0103 focare au fost instituite zone de protec\u021bie \u0219i supraveghere. Speciali\u0219tii vor verifica toate efectivele de porci din aceste zone \u0219i vor efectua examin\u0103ri clinice.<\/p>\n<p>De asemenea, circula\u021bia porcilor din zona de protec\u021bie este restric\u021bionat\u0103, iar anchetele epidemiologice pentru stabilirea sursei infec\u021biei sunt \u00een desf\u0103\u0219urare.<\/p>\n<p>\u00cen total, 17 porci au fost sacrifica\u021bi \u00een cele dou\u0103 gospod\u0103rii.<\/p>\n<\/div>\n<\/div>\n<p>[analyse_source url=&#8221;https:\/\/stiridebuzau.ro\/doua-focare-de-pesta-porcina-africana-confirmate-in-buzau-17-porci-au-fost-sacrificati\/&#8221;]<\/p>\n","protected":false},"excerpt":{"rendered":"<p>[analyse_image type=&#8221;featured&#8221; src=&#8221;https:\/\/stiridebuzau.ro\/wp-content\/uploads\/2022\/11\/afumaturi-carne-porc-buzau-candesti-emil-romanescu-1-1024&#215;576.png&#8221;] Dou\u0103 focare de pest\u0103 porcin\u0103 african\u0103 sunt active \u00een jude\u021bul Buz\u0103u, \u00een localit\u0103\u021bile B\u0103l\u0103ceanu \u0219i Ziduri. \u00cen total, 17 porci au fost afecta\u021bi \u0219i sacrifica\u021bi, iar autorit\u0103\u021bile au impus restric\u021bii pentru prevenirea r\u0103sp\u00e2ndirii bolii. Primul focar a fost confirmat pe 1 septembrie, la B\u0103l\u0103ceanu, \u00eentr-o gospod\u0103rie \u00een care erau opt porci. Toate [&hellip;]<\/p>\n","protected":false},"author":1,"featured_media":0,"comment_status":"open","ping_status":"","sticky":false,"template":"","format":"standard","meta":{"footnotes":""},"categories":[2],"tags":[226,117],"class_list":["post-2125611","post","type-post","status-publish","format-standard","hentry","category-politics","tag-crawlmanager","tag-stiridebuzau-ro"],"_links":{"self":[{"href":"https:\/\/analyse.optim.biz\/index.php?rest_route=\/wp\/v2\/posts\/2125611","targetHints":{"allow":["GET"]}}],"collection":[{"href":"https:\/\/analyse.optim.biz\/index.php?rest_route=\/wp\/v2\/posts"}],"about":[{"href":"https:\/\/analyse.optim.biz\/index.php?rest_route=\/wp\/v2\/types\/post"}],"author":[{"embeddable":true,"href":"https:\/\/analyse.optim.biz\/index.php?rest_route=\/wp\/v2\/users\/1"}],"replies":[{"embeddable":true,"href":"https:\/\/analyse.optim.biz\/index.php?rest_route=%2Fwp%2Fv2%2Fcomments&post=2125611"}],"version-history":[{"count":0,"href":"https:\/\/analyse.optim.biz\/index.php?rest_route=\/wp\/v2\/posts\/2125611\/revisions"}],"wp:attachment":[{"href":"https:\/\/analyse.optim.biz\/index.php?rest_route=%2Fwp%2Fv2%2Fmedia&parent=2125611"}],"wp:term":[{"taxonomy":"category","embeddable":true,"href":"https:\/\/analyse.optim.biz\/index.php?rest_route=%2Fwp%2Fv2%2Fcategories&post=2125611"},{"taxonomy":"post_tag","embeddable":true,"href":"https:\/\/analyse.optim.biz\/index.php?rest_route=%2Fwp%2Fv2%2Ftags&post=2125611"}],"curies":[{"name":"wp","href":"https:\/\/api.w.org\/{rel}","templated":true}]}}