{"id":2125587,"date":"2026-09-03T00:00:00","date_gmt":"2026-09-02T21:00:00","guid":{"rendered":"https:\/\/analyse.optim.biz\/?p=2125587"},"modified":"2026-09-03T00:00:00","modified_gmt":"2026-09-02T21:00:00","slug":"kuweitul-afirma-ca-este-tinta-unui-atac-iranian-cu-rachete-si-drone","status":"publish","type":"post","link":"https:\/\/analyse.optim.biz\/?p=2125587","title":{"rendered":"Kuweitul afirm\u0103 c\u0103 este \u021binta unui atac iranian cu rachete \u0219i drone"},"content":{"rendered":"<p>[analyse_image type=&#8221;featured&#8221; src=&#8221;https:\/\/agerpres.ro\/data\/202609\/20260903050903_182394.jpg&#8221;]<\/p>\n<div class=\"mx-auto pt-3\">\n<p><strong>Armata Kuweitului a indicat joi diminea\u021b\u0103 c\u0103 se confrunt\u0103 cu un atac condus de Iran cu ajutorul rachetelor \u0219i al dronelor, dup\u0103 mai multe <a href=\"https:\/\/agerpres.ro\/2026\/09\/01\/armata-americana-anunta-ca-a-lansat-lovituri-impotriva-iranului--1589808\" target=\"_blank\">schimburi de lovituri \u00een ultimele zile \u00eentre Statele Unite \u0219i Republica Islamic\u0103<\/a>, noteaz\u0103 AFP.<\/strong><\/p>\n<p>&#8216;Ap\u0103rarea antiaerian\u0103 a Kuweitului se confrunt\u0103 \u00een prezent cu atacuri ostile cu rachete \u0219i drone, \u00een urma agresiunii josnice a Iranului&#8217;, a scris armata pe re\u021beaua social\u0103 X.<\/p>\n<p>Iranul a atacat miercuri mai multe baze din Orientul Mijlociu, inclusiv \u00een Kuweit, utilizate de armata american\u0103. AGERPRES\/(AS &#8211; redactor: Alic M\u00eerza, editor online: Alexandru Cojocaru)<\/p>\n<\/div>\n<div class=\"mx-auto pt-3\">\n                                Afisari: 110\n                            <\/div>\n<p>[analyse_source url=&#8221;https:\/\/agerpres.ro\/politic-extern\/2026\/09\/03\/kuweitul-afirma-ca-este-tinta-unui-atac-iranian-cu-rachete-si-drone&#8211;1590206&#8243;]<\/p>\n","protected":false},"excerpt":{"rendered":"<p>[analyse_image type=&#8221;featured&#8221; src=&#8221;https:\/\/agerpres.ro\/data\/202609\/20260903050903_182394.jpg&#8221;] Armata Kuweitului a indicat joi diminea\u021b\u0103 c\u0103 se confrunt\u0103 cu un atac condus de Iran cu ajutorul rachetelor \u0219i al dronelor, dup\u0103 mai multe schimburi de lovituri \u00een ultimele zile \u00eentre Statele Unite \u0219i Republica Islamic\u0103, noteaz\u0103 AFP. &#8216;Ap\u0103rarea antiaerian\u0103 a Kuweitului se confrunt\u0103 \u00een prezent cu atacuri ostile cu rachete \u0219i [&hellip;]<\/p>\n","protected":false},"author":1,"featured_media":0,"comment_status":"open","ping_status":"","sticky":false,"template":"","format":"standard","meta":{"footnotes":""},"categories":[2],"tags":[37,226],"class_list":["post-2125587","post","type-post","status-publish","format-standard","hentry","category-politics","tag-agerpres-ro","tag-crawlmanager"],"_links":{"self":[{"href":"https:\/\/analyse.optim.biz\/index.php?rest_route=\/wp\/v2\/posts\/2125587","targetHints":{"allow":["GET"]}}],"collection":[{"href":"https:\/\/analyse.optim.biz\/index.php?rest_route=\/wp\/v2\/posts"}],"about":[{"href":"https:\/\/analyse.optim.biz\/index.php?rest_route=\/wp\/v2\/types\/post"}],"author":[{"embeddable":true,"href":"https:\/\/analyse.optim.biz\/index.php?rest_route=\/wp\/v2\/users\/1"}],"replies":[{"embeddable":true,"href":"https:\/\/analyse.optim.biz\/index.php?rest_route=%2Fwp%2Fv2%2Fcomments&post=2125587"}],"version-history":[{"count":0,"href":"https:\/\/analyse.optim.biz\/index.php?rest_route=\/wp\/v2\/posts\/2125587\/revisions"}],"wp:attachment":[{"href":"https:\/\/analyse.optim.biz\/index.php?rest_route=%2Fwp%2Fv2%2Fmedia&parent=2125587"}],"wp:term":[{"taxonomy":"category","embeddable":true,"href":"https:\/\/analyse.optim.biz\/index.php?rest_route=%2Fwp%2Fv2%2Fcategories&post=2125587"},{"taxonomy":"post_tag","embeddable":true,"href":"https:\/\/analyse.optim.biz\/index.php?rest_route=%2Fwp%2Fv2%2Ftags&post=2125587"}],"curies":[{"name":"wp","href":"https:\/\/api.w.org\/{rel}","templated":true}]}}