{"id":2125560,"date":"2026-09-02T11:30:40","date_gmt":"2026-09-02T08:30:40","guid":{"rendered":"https:\/\/analyse.optim.biz\/?p=2125560"},"modified":"2026-09-02T11:30:40","modified_gmt":"2026-09-02T08:30:40","slug":"sumudica-iese-la-atac-antrenorul-cfr-ului-se-plange-ca-nu-stie-cine-vine-si-cine-pleaca-de-la-echipa","status":"publish","type":"post","link":"https:\/\/analyse.optim.biz\/?p=2125560","title":{"rendered":"\u0218umudic\u0103 iese la atac. Antrenorul CFR-ului se pl\u00e2nge c\u0103 nu \u0219tie cine vine \u0219i cine pleac\u0103 de la echip\u0103"},"content":{"rendered":"<p>[analyse_image type=&#8221;featured&#8221; src=&#8221;https:\/\/cdn.adh.reperio.news\/image-3\/363e61cc-d27d-4c92-8815-4c6a65700e99\/index.jpeg?p=f%3Djpeg%26w%3D1200%26h%3D630%26r%3Dcover&#8221;]<\/p>\n<article class=\"svelte-x63bga\">\n<nav>\n<ul class=\"breadcrump svelte-1pk9a69\">\n<li class=\"svelte-1pk9a69\"><a href=\"https:\/\/adevarul.ro\/\" title=\"Adev\u0103rul\" class=\"svelte-1pk9a69\">Home<\/a><\/li>\n<li class=\"svelte-1pk9a69\"><a href=\"https:\/\/adevarul.ro\/sport\" class=\"svelte-1pk9a69\">Sport<\/a><\/li>\n<li class=\"svelte-1pk9a69\"><a href=\"https:\/\/adevarul.ro\/sport\/sumudica-iese-la-atac-antrenorul-cfr-ului-se-2553635.html\" class=\"svelte-1pk9a69\">\u0218umudic\u0103 iese la atac. Antrenorul CFR-ului se pl\u00e2nge c\u0103 nu \u0219tie cine vine \u0219i cine pleac\u0103 de la echip\u0103<\/a><\/li>\n<\/ul>\n<\/nav>\n<p><main class=\"svelte-x63bga\"><\/p>\n<p>Dup\u0103 un start nu tocmai grozav \u00een campionat, CFR a ob\u021binut a treia victorie la r\u00e2nd, iar antrenorul a r\u0103bufnit la adresa conducerii grup\u0103rii din Cluj. <\/p>\n<div class=\"container-image  svelte-1xbw4f3\"><source type=\"image\/webp\" srcset=\"https:\/\/cdn.adh.reperio.news\/image-3\/363e61cc-d27d-4c92-8815-4c6a65700e99\/index.jpeg?p=a%3D1%26co%3D1.05%26w%3D1400%26h%3D750%26r%3Dcontain%26f%3Dwebp 1400w\" media=\"(min-width: 1400px)\" \/><\/p>\n<div class=\"caption svelte-1xbw4f3\"><span class=\"captionText svelte-1xbw4f3\">Marius \u0218umudic\u0103 are motive s\u0103 nu fie mul\u021bumit de situa\u021bia de la CFR Cluj <span class=\"source svelte-1xbw4f3\">Foto: Sportpictures<\/span><\/span><\/div>\n<\/div>\n<p><a href=\"https:\/\/adevarul.ro\/sport\/dinamo-a-scos-un-egal-cu-corvinul-cfr-cluj-si-2552915.html\">Pentru unele echipe de fotbal din Superliga<\/a> etapa de la mijlocul acestei s\u0103pt\u0103m\u00e2ni din Cupa Rom\u00e2niei a fost o bun\u0103 ocazie de a demonstra c\u0103 se afl\u0103 pe o pant\u0103 ascendent\u0103. \u00cen aceast\u0103 postur\u0103 s-a aflat, de pild\u0103, CFR Cluj. Multipla campioan\u0103 a c\u00e2\u0219tigat cu 3-1 la Sf. Gheorghe, cu Sepsi. Forma\u021bia preg\u0103tit\u0103 de Marius \u0218umudic\u0103 a \u00eencercat s\u0103 tran\u0219eze c\u00e2t se poate de repede soarta partidei, mai cu seam\u0103 c\u0103 adversara a folosit o serie de tineri, printre ace\u0219tia afl\u00e2ndu-se \u0219i fiul fostei campioane a handbalului Aurelia \u201eMica\u201d Br\u0103deanu. Clujenii au deschis scorul dup\u0103 doar opt minute, prin P\u0103un. Avantajul a fost dublat la dou\u0103 minute dup\u0103 pauz\u0103 c\u00e2nd a punctat \u0218fai\u021b. Gazdele au redus din diferen\u021b\u0103 \u00een minutul 66, prin Davordzie, ceea ce a st\u00e2rnit pu\u021bin\u0103 panic\u0103 \u00een tab\u0103ra clujean\u0103. \u00cen cele din urm\u0103, oaspe\u021bii \u0219i-au asigurat victoria. Intrat la pauz\u0103, Korenica a adus lini\u0219tea cu un gol \u00eenscris \u00een minutul 86.<\/p>\n<h2>A fost vizat Nelu\u021bu Varga<\/h2>\n<p>\u00cen ciuda acestui succes, Marius \u0218umudic\u0103 a avut un discurs \u00een nota obi\u0219nuit\u0103, adic\u0103 virulent. Antrenorul a f\u0103cut o analiz\u0103 la cald: \u201e<i>A fost un meci greu. \u00cen momentul \u00een care \u00eent\u00e2lne\u015fti juc\u0103tori tineri, care sunt proaspe\u0163i, au o filozofie de joc\u2026 N-am vrut s\u0103 risc. Am avut \u015fi probleme. Am schimbat la pauz\u0103. Le-am dat c\u00e2te 45 de minute. E clar c\u0103 suntem nepreg\u0103ti\u0163i \u015fi n-avem de unde s\u0103 d\u0103m. Dac\u0103 n-avem benzin\u0103, de unde s\u0103 d\u0103m!?\u201d. <\/i><\/p>\n<p>Antrenorul ardelenilor s-a pl\u00e2ns din nou de program (echipa lui disput\u0103 trei meciuri \u00eentr-un interval de \u0219ase zile), dar mai ales de faptul c\u0103 CFR Cluj are 14 litigii la FIFA \u0219i nu poate face transferuri din acest motiv. \u0218umudic\u0103 este deranjat c\u0103 nu are situa\u021bia sub control, c\u0103 nu cunoa\u0219te ce se \u00eent\u00e2mpl\u0103 cu juc\u0103torii, c\u0103 nu \u0219tie cine vine \u0219i cine pleac\u0103.<i> \u201eNu pot s\u0103 v\u0103 spun ce se \u00eent\u00e2mpl\u0103. Vorbi\u021bi cu conducerea clubului. Sunt ultimul care afl\u0103 aceste lucruri. Dar, dac\u0103 \u00een fiecare s\u0103pt\u0103m\u00e2n\u0103 pleac\u0103 c\u00e2te un juc\u0103tor&#8230; \u00cenchegasem acolo, ceva cu Abeid (n.r. \u2013 a fost transferat pentru 300.000 de euro la JS Kabylie, forma\u021bie din Algeria). \u00cen\u021beleg c\u0103 \u0219i clubul&#8230; Trebuie s\u0103 aducem bani, dar nici eu nu sunt salvatorul, colacul de salvare\u201d<\/i>, a tunat tehnicianul, care a fost dezam\u0103git c\u00e2nd a aflat c\u0103 risc\u0103 s\u0103-l piard\u0103 \u0219i pe Meriton Korenica, care s-ar putea al\u0103tura celor care au plecat de la CFR Cluj \u00een aceast\u0103 var\u0103.<\/p>\n<p><a href=\"https:\/\/adevarul.ro\/sport\/fcsb-a-fost-invinsa-de-cfr-cluj-lui-marius-baciu-2551672.html\">\u0218umudic\u0103 a repetat un mesaj pe care l-a mai transmis<\/a>: <i>\u201eAvem nevoie de juc\u0103tori proaspe\u021bi. Peste dou\u0103 zile juc\u0103m cu Farul, care a stat acas\u0103 o s\u0103pt\u0103m\u00e2n\u0103. \u0218i atunci, ce pot s\u0103 le cer juc\u0103torilor? Ast\u0103zi ce puteam s\u0103 le cer, c\u00e2nd jucasem acum dou\u0103 zile? Mi se spune \u00een fiecare zi c\u0103 m\u00e2ine&#8230; M\u00e2ine&#8230; M\u00e2ine&#8230; A\u0219tept\u0103m de la FIFA. Mi-e \u0219i ru\u0219ine s\u0103 merg la Cluj, s\u0103 v\u0103d juc\u0103torii care se antreneaz\u0103 de at\u00e2t timp \u0219i s\u0103 nu \u00eei pot \u00eenregimenta. Nu \u0219tiu ce se va \u00eent\u00e2mpla. Pentru un antrenor conteaz\u0103 prezentul\u201d,<\/i> a Marius \u0218umudic\u0103 dup\u0103 meci la Digi Sport.<\/p>\n<div class=\"container-image  svelte-1xbw4f3\"><source type=\"image\/webp\" srcset=\"https:\/\/cdn.adh.reperio.news\/image-a\/ae9b0946-ddf2-4b9c-afe7-9b7607c2a59e\/index.jpeg?p=a%3D1%26co%3D1.05%26w%3D1400%26h%3D750%26r%3Dcontain%26f%3Dwebp 1400w\" media=\"(min-width: 1400px)\" \/><\/p>\n<div class=\"caption svelte-1xbw4f3\"><span class=\"captionText svelte-1xbw4f3\">CFR a avut sub control partida de la Sf. Gheorghe <span class=\"source svelte-1xbw4f3\">Foto: Sportpictures<\/span><\/span><\/div>\n<\/div>\n<h2>L-a felicitat pe Ovidiu Burc\u0103<\/h2>\n<p>Antrenorul CFR-ului i-a f\u0103cut un elogiu omologului s\u0103u de la forma\u021bia din Sf. Gheorghe pentru c\u0103 a promovat juc\u0103tori tineri. <i>\u201e\u0162in s\u0103-l felicit pe Ovidiu Burc\u0103 pentru c\u0103 a implementat aceast\u0103 filozofie. \u015ei la Dinamo, \u015fi la Gala\u0163i. Acum \u015fi la Sepsi\u201d, <\/i>a spus antrenorul lui CFR. Pe de alt\u0103 parte, Burc\u0103 \u0219i-a explicat decizia de a folosi mai mul\u021bi tineri<i>: \u201eAu v\u0103zut \u0219i ei cum e la prima lig\u0103. Travers\u0103m probleme din punct de vedere al lotului. Asta este situa\u021bie. Pe h\u00e2rtie, dac\u0103 aveam to\u021bi juc\u0103torii ap\u021bi, puteam alinia dou\u0103 echipe \u0219i s\u0103 fim la nivel, s\u0103 nu se observe. Asta este \u0219ansa unor copii s\u0103 prind\u0103 minute, s\u0103 vad\u0103 cum e la prima lig\u0103, care este nivelul. Trebuie s\u0103 munceasc\u0103 s\u0103 ajung\u0103 aici\u201d<\/i>.<\/p>\n<p><a class=\"related-inline svelte-78g0vl\" data-gtrack=\"{&quot;event&quot;:&quot;utm_click&quot;,&quot;data&quot;:{&quot;event_category&quot;:&quot;article_related&quot;}}\" href=\"https:\/\/adevarul.ro\/sport\/marius-sumudica-chemat-de-urgenta-la-cluj-a-2548493.html\" title=\"Alt articol de interes pentru tine\"><span class=\"inline-title svelte-78g0vl\">Marius \u0218umudic\u0103, chemat de urgen\u021b\u0103 la Cluj! A negociat cu Nelu\u021bu Varga \u0219i Marian Copilu pentru banca CFR-ului<\/span><\/a><\/p>\n<p>Pe de alt\u0103 parte, tehnicianul lui Sepsi a subliniat c\u0103 juc\u0103torii s\u0103i au avut <i>\u201eprea mult respect pentru adversar. Pentru juc\u0103torii de fotbal, ingredientul secret este \u00eencrederea. Indiferent de ceea ce se \u00eent\u00e2mpl\u0103 pe teren sau \u00een afara lui, \u00eencrederea \u00een for\u021bele proprii este ingredientul care \u00eel poate duce spre succes. Juc\u0103torul de fotbal f\u0103r\u0103 \u00eencredere nu poate ajunge pe culmile performan\u021bei. Singura mea am\u0103r\u0103ciune este c\u0103 au abordat jocul tem\u0103tori. Am f\u0103cut cadouri prea u\u0219oare. Nu am controlat jocul a\u0219a cum ne-am dorit. CFR a jucat cu majoritatea juc\u0103torilor importan\u021bi. Nu \u00ee\u021bi las\u0103 timp \u0219i spa\u021biu. Trebuie s\u0103 g\u00e2nde\u0219ti repede. Ast\u0103zi, din p\u0103cate, at\u00e2t am putut. A fost un CFR mai bun dec\u00e2t noi\u201d<\/i>, a spus Ovidiu Burc\u0103 la Digi Sport. <\/p>\n<h2>\u201eU\u201d a c\u00e2\u0219tigat \u00een inferioritate <\/h2>\n<p>\u00cen aceea\u0219i grup\u0103 B, \u201eU\u201d Cluj a c\u00e2\u0219tigat cu 1-0, acas\u0103, \u00een fa\u021ba Petrolului. Gruparea lui Cristiano Bergodi s-a revan\u0219at astfel pentru e\u0219ecul (2-3) suferit recent \u00een campionat. Unicul gol al meciului a fost marcat de Macalou, \u00een minutul 73. Gazdele au evoluat \u00een inferioritate numeric\u0103 dup\u0103 eliminarea lui Alin Chinte\u015f, \u00een minutul 39.  Ini\u021bial, funda\u0219ul l-a faultat pe Jerdea \u0219i a v\u0103zut cartona\u0219ul galben. Apoi, arbitrul Viorel Flueran a fost chemat de VAR s\u0103 revad\u0103 faza \u0219i l-a eliminat pe fotbalistul lui \u201eU\u201d. Petrolul putea egala \u00een prelungiri, \u00eens\u0103 C\u0103pu\u0219\u0103 \u0219i mai ales Lucho nu au reu\u0219it nici m\u0103car s\u0103 trimit\u0103 spre poart\u0103 de\u0219i s-au aflat \u00een pozi\u021bii foarte bune.<\/p>\n<div class=\"container-image  svelte-1xbw4f3\"><source type=\"image\/webp\" srcset=\"https:\/\/cdn.adh.reperio.news\/image-b\/bc57004b-238c-4482-859c-86b91b247382\/index.jpeg?p=a%3D1%26co%3D1.05%26w%3D1400%26h%3D750%26r%3Dcontain%26f%3Dwebp 1400w\" media=\"(min-width: 1400px)\" \/><\/p>\n<div class=\"caption svelte-1xbw4f3\"><span class=\"captionText svelte-1xbw4f3\">Clujenii au c\u00e2\u0219tigat de\u0219i au evoluat mult\u0103 vreme cu un om \u00een minus <span class=\"source svelte-1xbw4f3\">Foto: Sportpictures<\/span><\/span><\/div>\n<\/div>\n<p>Intrat pe teren dup\u0103 pauz\u0103, Jovo Lukic a \u00eenceput pe banca de rezerve meciul \u0219i a scos lovitura de la 11 metri transformat\u0103 de Macalou. Acesta a declarat dup\u0103 meci c\u0103 n-ar vrea s\u0103 plece de la Cluj: <i>\u201eNu prea am multe de spus despre viitorul meu aici. Nu m\u0103 g\u00e2ndesc prea mult la asta. Vreau doar s\u0103 m\u0103 concentrez la a da ceea ce am mai bun aici. Dac\u0103 o s\u0103 fie ceva p\u00e2n\u0103 la urm\u0103, voi vedea. \u00cemi place Clujul, familiei mele la fel. Nu \u021bin neap\u0103rat s\u0103 plec de aici. Apreciez clubul, suporterii \u0219i pe cei din staff\u201d,<\/i> a spus Lukic, la DigiSport.<\/p>\n<p><a class=\"related-inline svelte-78g0vl\" data-gtrack=\"{&quot;event&quot;:&quot;utm_click&quot;,&quot;data&quot;:{&quot;event_category&quot;:&quot;article_related&quot;}}\" href=\"https:\/\/adevarul.ro\/sport\/marius-sumudica-este-noul-antrenor-al-lui-cfr-2548614.html\" title=\"Alt articol de interes pentru tine\"><span class=\"inline-title svelte-78g0vl\">Marius \u0218umudic\u0103 este noul antrenor al lui CFR Cluj! Ioan Varga: \u201eAm b\u0103tut palma, are foame de performan\u021b\u0103!\u201d<\/span><\/a><\/p>\n<p>Tot \u00een Grupa B, Concordia Chiajna a \u00eenvins cu 5-2 pe Progresul Spartac, prelu\u00e2nd \u0219efia. <\/p>\n<p><b>Cupa Rom\u00e2niei<\/b><\/p>\n<p><b>Etapa 1<\/b><\/p>\n<p><b>Grupa A<\/b><\/p>\n<p><b>Miercuri, 2 septembrie 2026<\/b><\/p>\n<p><b>Ora 16.00:<\/b> Minerul Lupeni &#8211; UTA Arad (FRF TV)<\/p>\n<p><b>Ora 16.45: <\/b>FC Boto\u015fani &#8211; FC Corvinul (Prima Sport, Digi Sport)<\/p>\n<p><b>Joi, 3 septembrie 2026<\/b><\/p>\n<p><b>Ora 20.30:<\/b> Politehnica Timi\u015foara &#8211; FC Rapid 1923 (Prima Sport, Digi Sport)<\/p>\n<p><b>Grupa B<\/b><\/p>\n<p><b>Mar\u0163i, 1 septembrie 2026<\/b><\/p>\n<p>Progresul Spartac &#8211; Concordia Chiajna 2-5<\/p>\n<p>Sepsi OSK &#8211; CFR Cluj 1-3<\/p>\n<p>Universitatea Cluj &#8211; ACS Petrolul 0-1<\/p>\n<p><b>Grupa C<\/b><\/p>\n<p><b>Mar\u0163i, 1 septembrie 2026 <\/b><\/p>\n<p>Corona Bra\u015fov &#8211; FC Bihor Oradea 2-2<\/p>\n<p><b>Miercuri, 2 septembrie 2026<\/b><\/p>\n<p><b>Ora 18.00:<\/b> CS Gloria Bistri\u0163a &#8211; AFK Csikszereda (FRF TV)<\/p>\n<p><b>Ora 21.30:<\/b> Campionii FC Arge\u015f &#8211; FCSB (Prima Sport, Digi Sport)<\/p>\n<p><b>Grupa D<\/b><\/p>\n<p><b>Mar\u0163i, 1 septembrie 2026<\/b><\/p>\n<p>Chindia T\u00e2rgovi\u015fte &#8211; FC Voluntari 0-1<\/p>\n<p><b>Miercuri, 2 septembrie 2026<\/b><\/p>\n<p><b>Ora 19.00:<\/b> Sporting Lie\u015fti &#8211; Dinamo (Prima Sport, Digi Sport)<\/p>\n<p><b>Joi, 3 septembrie 2026<\/b><\/p>\n<p><b>Ora 17.30: <\/b>FC Bac\u0103u &#8211; Universitatea Craiova (Prima Sport, Digi Sport)<\/p>\n<p><\/main><\/p>\n<footer class=\"svelte-x63bga\">\n<div class=\"related-wrap related-footer svelte-78g0vl\"><span class=\"related-label svelte-78g0vl\">Cite\u0219te \u0219i<\/span><a class=\"related svelte-78g0vl\" data-gtrack=\"{&quot;event&quot;:&quot;utm_click&quot;,&quot;data&quot;:{&quot;event_category&quot;:&quot;article_related&quot;}}\" href=\"https:\/\/adevarul.ro\/sport\/final-de-era-la-cfr-cluj-ioan-varga-si-a-anuntat-2550657.html\" title=\"Alt articol de interes pentru tine\"><img decoding=\"async\" class=\"thumb svelte-78g0vl\" src=\"https:\/\/cdn.adh.reperio.news\/image-7\/7451f1b6-f656-401b-bf18-1de41d5cd499\/index.png?p=f%3Dwebp%26w%3D120%26h%3D80%26r%3Dcover%26a%3D0\" alt loading=\"lazy\" width=\"80\" height=\"54\"><span class=\"title svelte-78g0vl\">Final de er\u0103 la CFR Cluj? Ioan Varga \u0219i-a anun\u021bat retragerea \u0219i las\u0103 clubul pe m\u00e2na unui elve\u021bian: \u201eDe ast\u0103zi intr\u0103 \u00een p\u00e2ine!\u201d<\/span><\/a><\/div>\n<div class=\"meta svelte-x63bga\">\n<div class=\"authors svelte-x63bga\"><span class=\"names svelte-x63bga\"><a href=\"https:\/\/adevarul.ro\/author\/2133\" rel=\"author\" class=\"svelte-x63bga\">Valentin-Marian Burlacu<\/a><\/span><\/p>\n<div class=\"_hydratable\" data-props=\"%7B%22showLive%22%3Atrue%7D\" data-context=\"%7B%22parentBlockColumnCount%22%3A%7B%22value%22%3A0%2C%22type%22%3A%22store%2Freadable%22%7D%2C%22parentBlockBackgroundColor%22%3A%7B%22type%22%3A%22store%2Freadable%22%7D%7D\" data-component=\"ShareButton\">\n<div class=\"shareButtons svelte-itwbrr\">\n<div class=\"liveSessions metaFont svelte-1maxmbf\"><span class=\"value svelte-1maxmbf\">1<\/span> live <\/div>\n<\/div>\n<\/div>\n<\/div>\n<div class=\"tags svelte-1l3vwp1\"><span class=\"tags-label metaFont svelte-1l3vwp1\">Cite\u0219te mai multe despre<\/span><\/p>\n<div class=\"tags-list svelte-1l3vwp1\"><a href=\"https:\/\/adevarul.ro\/tag\/cfr%20cluj\" title=\"Ultimele \u0219tiri despre cfr cluj\" class=\"tag-pill svelte-1l3vwp1\">cfr cluj<\/a><a href=\"https:\/\/adevarul.ro\/tag\/cupa%20rom%C3%A2niei\" title=\"Ultimele \u0219tiri despre cupa rom\u00e2niei\" class=\"tag-pill svelte-1l3vwp1\">cupa rom\u00e2niei<\/a><a href=\"https:\/\/adevarul.ro\/tag\/marius%20%C8%99umudic%C4%83\" title=\"Ultimele \u0219tiri despre marius \u0219umudic\u0103\" class=\"tag-pill svelte-1l3vwp1\">marius \u0219umudic\u0103<\/a><\/div>\n<\/div>\n<\/div>\n<p><a class=\"moreFromCategory svelte-x63bga\" href=\"https:\/\/adevarul.ro\/sport\" title=\"Sport\">Mai multe din <strong class=\"svelte-x63bga\">Sport<\/strong> \u203a<\/a><\/footer>\n<\/article>\n<p>[analyse_source url=&#8221;https:\/\/adevarul.ro\/sport\/sumudica-iese-la-atac-antrenorul-cfr-ului-se-2553635.html&#8221;]<\/p>\n","protected":false},"excerpt":{"rendered":"<p>[analyse_image type=&#8221;featured&#8221; src=&#8221;https:\/\/cdn.adh.reperio.news\/image-3\/363e61cc-d27d-4c92-8815-4c6a65700e99\/index.jpeg?p=f%3Djpeg%26w%3D1200%26h%3D630%26r%3Dcover&#8221;] Home Sport \u0218umudic\u0103 iese la atac. Antrenorul CFR-ului se pl\u00e2nge c\u0103 nu \u0219tie cine vine \u0219i cine pleac\u0103 de la echip\u0103 Dup\u0103 un start nu tocmai grozav \u00een campionat, CFR a ob\u021binut a treia victorie la r\u00e2nd, iar antrenorul a r\u0103bufnit la adresa conducerii grup\u0103rii din Cluj. Marius \u0218umudic\u0103 are motive s\u0103 [&hellip;]<\/p>\n","protected":false},"author":1,"featured_media":0,"comment_status":"open","ping_status":"","sticky":false,"template":"","format":"standard","meta":{"footnotes":""},"categories":[89],"tags":[19,226],"class_list":["post-2125560","post","type-post","status-publish","format-standard","hentry","category-romania","tag-adevarul","tag-crawlmanager"],"_links":{"self":[{"href":"https:\/\/analyse.optim.biz\/index.php?rest_route=\/wp\/v2\/posts\/2125560","targetHints":{"allow":["GET"]}}],"collection":[{"href":"https:\/\/analyse.optim.biz\/index.php?rest_route=\/wp\/v2\/posts"}],"about":[{"href":"https:\/\/analyse.optim.biz\/index.php?rest_route=\/wp\/v2\/types\/post"}],"author":[{"embeddable":true,"href":"https:\/\/analyse.optim.biz\/index.php?rest_route=\/wp\/v2\/users\/1"}],"replies":[{"embeddable":true,"href":"https:\/\/analyse.optim.biz\/index.php?rest_route=%2Fwp%2Fv2%2Fcomments&post=2125560"}],"version-history":[{"count":0,"href":"https:\/\/analyse.optim.biz\/index.php?rest_route=\/wp\/v2\/posts\/2125560\/revisions"}],"wp:attachment":[{"href":"https:\/\/analyse.optim.biz\/index.php?rest_route=%2Fwp%2Fv2%2Fmedia&parent=2125560"}],"wp:term":[{"taxonomy":"category","embeddable":true,"href":"https:\/\/analyse.optim.biz\/index.php?rest_route=%2Fwp%2Fv2%2Fcategories&post=2125560"},{"taxonomy":"post_tag","embeddable":true,"href":"https:\/\/analyse.optim.biz\/index.php?rest_route=%2Fwp%2Fv2%2Ftags&post=2125560"}],"curies":[{"name":"wp","href":"https:\/\/api.w.org\/{rel}","templated":true}]}}