{"id":2125559,"date":"2026-09-02T09:39:34","date_gmt":"2026-09-02T06:39:34","guid":{"rendered":"https:\/\/analyse.optim.biz\/?p=2125559"},"modified":"2026-09-02T09:39:34","modified_gmt":"2026-09-02T06:39:34","slug":"sorana-cirstea-o-va-infrunta-pe-diane-parry-care-a-castigat-la-monterrey","status":"publish","type":"post","link":"https:\/\/analyse.optim.biz\/?p=2125559","title":{"rendered":"Sorana C\u00eerstea o va \u00eenfrunta pe Diane Parry, care a c\u00e2\u0219tigat la Monterrey"},"content":{"rendered":"<p>[analyse_image type=&#8221;featured&#8221; src=&#8221;https:\/\/cdn.adh.reperio.news\/image-9\/926fc03c-1993-4804-a8dc-84827db97185\/index.jpeg?p=f%3Djpeg%26w%3D1200%26h%3D630%26r%3Dcover&#8221;]<\/p>\n<article class=\"svelte-x63bga\">\n<nav>\n<ul class=\"breadcrump svelte-1pk9a69\">\n<li class=\"svelte-1pk9a69\"><a href=\"https:\/\/adevarul.ro\/\" title=\"Adev\u0103rul\" class=\"svelte-1pk9a69\">Home<\/a><\/li>\n<li class=\"svelte-1pk9a69\"><a href=\"https:\/\/adevarul.ro\/sport\" class=\"svelte-1pk9a69\">Sport<\/a><\/li>\n<li class=\"svelte-1pk9a69\"><a href=\"https:\/\/adevarul.ro\/sport\/sorana-cirstea-o-va-infrunta-pe-diane-parry-care-2553598.html\" class=\"svelte-1pk9a69\">Sorana C\u00eerstea o va \u00eenfrunta pe Diane Parry, care a c\u00e2\u0219tigat la Monterrey<\/a><\/li>\n<\/ul>\n<\/nav>\n<p><main class=\"svelte-x63bga\"><\/p>\n<p>Aflat\u0103 pe locul 17 WTA \u015fi cap de serie cu num\u0103rul 16, Sorana C\u00eerstea va evolua, ast\u0103zi, \u00een jurul orei 18.00, \u00een turul 2 la US Open. Bucure\u0219teanca o va \u00eent\u00e2lni pe juc\u0103toarea francez\u0103 Diane Parry, locul 31 WTA.<\/p>\n<div class=\"container-image  svelte-1xbw4f3\"><source type=\"image\/webp\" srcset=\"https:\/\/cdn.adh.reperio.news\/image-9\/926fc03c-1993-4804-a8dc-84827db97185\/index.jpeg?p=a%3D1%26co%3D1.05%26w%3D1400%26h%3D750%26r%3Dcontain%26f%3Dwebp 1400w\" media=\"(min-width: 1400px)\" \/><\/p>\n<div class=\"caption svelte-1xbw4f3\"><span class=\"captionText svelte-1xbw4f3\">Sorana C\u00eerstea a p\u0103truns \u00een Top 20 mondial anul acesta <span class=\"source svelte-1xbw4f3\">Foto: EPAImages<\/span><\/span><\/div>\n<\/div>\n<p>Pentru Sorana (36 de ani), <a href=\"https:\/\/adevarul.ro\/sport\/sorana-cirstea-start-perfect-la-us-open-ce-suma-2553301.html\">acesta nu este numai ultimul turneu grand slam al anului<\/a>, ci \u0219i din cariera sa. Rom\u00e2nca a anun\u021bat la \u00eenceputul acestui an c\u0103 va ag\u0103\u021ba racheta-n cui dup\u0103 turneele din toamn\u0103. <\/p>\n<p>La US Open 2026, \u00een turul 2, Sorana o va \u00eenfrunta pe juc\u0103toarea francez\u0103 Diane Parry, locul 31 WTA. Va fi primul meci al zilei de azi de pe terenul 12 \u015fi va \u00eencepe \u00een jurul orei 18.00 (ora Rom\u00e2niei).<\/p>\n<p>Cele dou\u0103 juc\u0103toare se vor \u00eent\u00e2lni \u00een premier\u0103 \u00een circuitul WTA.<\/p>\n<p>\u00cen primul tur, <a href=\"https:\/\/adevarul.ro\/sport\/adversar-dur-pentru-gabi-ruse-la-us-open-sorana-2552612.html\">Sorana a c\u00e2\u0219tigat cu 6-3, 6-0<\/a> meciul cu austriaca Julia Grabher dup\u0103 o or\u0103 \u015fi 29 de minute de joc<\/p>\n<p>Diane Parry a c\u00e2\u0219tigat la Monterrey, un turneu la care nici m\u0103car nu inten\u0163iona s\u0103 participe. Juc\u0103toarea de 23 de ani a \u00eenvins-o cu 6-4, 0-6, 6-3, \u00een final\u0103, pe belgianca Elise Mertens, cap de serie nr. 2. Aceasta a fost a treia sa victorie \u00eempotriva unei juc\u0103toare cap de serie \u00een cinci meciuri.<\/p>\n<p>Meciul a durat dou\u0103 ore \u015fi 31 de minute. Pentru Diane Parry este primul s\u0103u titlu de simplu \u00een circuitul WTA. Dup\u0103 ce s-a impus la Abierto GNP Seguros, fran\u021buzoaica a spus: <i>\u201eAm venit aici aproape f\u0103r\u0103 nimic. Nu \u015ftiam la ce s\u0103 m\u0103 a\u015ftept de la acest turneu\u201d.<\/i><\/p>\n<p>Dac\u0103 trece de Diane Parry, Sorana o va \u00eent\u00e2lni \u00een turul 3 pe \u00eenving\u0103toarea meciului dintre italiencele Jasmine Paolini (21 WTA) \u015fi Lucrezia Stefanini (119 WTA). <\/p>\n<p>La US Open, rom\u00e2nca a reu\u0219it cea mai bun\u0103 performan\u021b\u0103 \u00een 2023, c\u00e2nd a ajuns \u00een sferturile de final\u0103. Ea a fost eliminat\u0103 \u00een turul 2 \u00een 2010, 2011, 2016, \u00een turul 2 \u00een 2008, 2012, 2013, 2014, 2017, 2018, 2021, 2022 \u0219i 2025, respectiv \u00een turul 3 \u00een 2009, 2019 \u0219i 2020. Ea a ob\u021binut acolo 19 victorii \u0219i a pierdut 16 meciuri. <\/p>\n<p><\/main><\/p>\n<footer class=\"svelte-x63bga\">\n<div class=\"related-wrap related-footer svelte-78g0vl\"><span class=\"related-label svelte-78g0vl\">Cite\u0219te \u0219i<\/span><a class=\"related svelte-78g0vl\" data-gtrack=\"{&quot;event&quot;:&quot;utm_click&quot;,&quot;data&quot;:{&quot;event_category&quot;:&quot;article_related&quot;}}\" href=\"https:\/\/adevarul.ro\/sport\/sorana-cirstea-a-pierdut-dramatic-la-cincinnati-2550979.html\" title=\"Alt articol de interes pentru tine\"><img decoding=\"async\" class=\"thumb svelte-78g0vl\" src=\"https:\/\/cdn.adh.reperio.news\/image-d\/dc56ae54-4f79-401f-8030-ff9ba895fdd3\/index.jpeg?p=f%3Dwebp%26w%3D120%26h%3D80%26r%3Dcover%26a%3D0\" alt loading=\"lazy\" width=\"80\" height=\"54\"><span class=\"title svelte-78g0vl\">Sorana C\u00eerstea a pierdut dramatic la Cincinnati Open<\/span><\/a><a class=\"related svelte-78g0vl\" data-gtrack=\"{&quot;event&quot;:&quot;utm_click&quot;,&quot;data&quot;:{&quot;event_category&quot;:&quot;article_related&quot;}}\" href=\"https:\/\/adevarul.ro\/sport\/sorana-cirstea-anunt-de-ultim-moment-inainte-de-2551566.html\" title=\"Alt articol de interes pentru tine\"><img decoding=\"async\" class=\"thumb svelte-78g0vl\" src=\"https:\/\/cdn.adh.reperio.news\/image-2\/21f80ec0-9b21-46e2-9c24-88a1448ff624\/index.jpeg?p=f%3Dwebp%26w%3D120%26h%3D80%26r%3Dcover%26a%3D0\" alt loading=\"lazy\" width=\"80\" height=\"54\"><span class=\"title svelte-78g0vl\">Sorana C\u00eerstea, anun\u021b de ultim moment \u00eenainte de US Open! Ce se \u00eent\u00e2mpl\u0103 cu rom\u00e2nca<\/span><\/a><a class=\"related svelte-78g0vl\" data-gtrack=\"{&quot;event&quot;:&quot;utm_click&quot;,&quot;data&quot;:{&quot;event_category&quot;:&quot;article_related&quot;}}\" href=\"https:\/\/adevarul.ro\/sport\/sorana-cirstea-a-urcat-pe-locul-17-in-clasamentul-2551822.html\" title=\"Alt articol de interes pentru tine\"><img decoding=\"async\" class=\"thumb svelte-78g0vl\" src=\"https:\/\/cdn.adh.reperio.news\/image-2\/22b40e9c-db8a-46da-852e-ece7b28ddb61\/index.jpeg?p=f%3Dwebp%26w%3D120%26h%3D80%26r%3Dcover%26a%3D0\" alt loading=\"lazy\" width=\"80\" height=\"54\"><span class=\"title svelte-78g0vl\">Sorana C\u00eerstea a urcat pe locul 17 \u00een clasamentul mondial<\/span><\/a><\/div>\n<div class=\"meta svelte-x63bga\">\n<div class=\"authors svelte-x63bga\"><span class=\"names svelte-x63bga\"><a href=\"https:\/\/adevarul.ro\/author\/2133\" rel=\"author\" class=\"svelte-x63bga\">Valentin-Marian Burlacu<\/a><\/span><\/p>\n<div class=\"_hydratable\" data-props=\"%7B%22showLive%22%3Atrue%7D\" data-context=\"%7B%22parentBlockColumnCount%22%3A%7B%22value%22%3A0%2C%22type%22%3A%22store%2Freadable%22%7D%2C%22parentBlockBackgroundColor%22%3A%7B%22type%22%3A%22store%2Freadable%22%7D%7D\" data-component=\"ShareButton\">\n<div class=\"shareButtons svelte-itwbrr\">\n<div class=\"liveSessions metaFont svelte-1maxmbf\"><span class=\"value svelte-1maxmbf\">1<\/span> live <\/div>\n<\/div>\n<\/div>\n<\/div>\n<div class=\"tags svelte-1l3vwp1\"><span class=\"tags-label metaFont svelte-1l3vwp1\">Cite\u0219te mai multe despre<\/span><\/p>\n<div class=\"tags-list svelte-1l3vwp1\"><a href=\"https:\/\/adevarul.ro\/tag\/tenis\" title=\"Ultimele \u0219tiri despre tenis\" class=\"tag-pill svelte-1l3vwp1\">tenis<\/a><a href=\"https:\/\/adevarul.ro\/tag\/sorana%20c%C3%AErstea\" title=\"Ultimele \u0219tiri despre sorana c\u00eerstea\" class=\"tag-pill svelte-1l3vwp1\">sorana c\u00eerstea<\/a><a href=\"https:\/\/adevarul.ro\/tag\/us%20open\" title=\"Ultimele \u0219tiri despre us open\" class=\"tag-pill svelte-1l3vwp1\">us open<\/a><\/div>\n<\/div>\n<\/div>\n<p><a class=\"moreFromCategory svelte-x63bga\" href=\"https:\/\/adevarul.ro\/sport\" title=\"Sport\">Mai multe din <strong class=\"svelte-x63bga\">Sport<\/strong> \u203a<\/a><\/footer>\n<\/article>\n<p>[analyse_source url=&#8221;https:\/\/adevarul.ro\/sport\/sorana-cirstea-o-va-infrunta-pe-diane-parry-care-2553598.html&#8221;]<\/p>\n","protected":false},"excerpt":{"rendered":"<p>[analyse_image type=&#8221;featured&#8221; src=&#8221;https:\/\/cdn.adh.reperio.news\/image-9\/926fc03c-1993-4804-a8dc-84827db97185\/index.jpeg?p=f%3Djpeg%26w%3D1200%26h%3D630%26r%3Dcover&#8221;] Home Sport Sorana C\u00eerstea o va \u00eenfrunta pe Diane Parry, care a c\u00e2\u0219tigat la Monterrey Aflat\u0103 pe locul 17 WTA \u015fi cap de serie cu num\u0103rul 16, Sorana C\u00eerstea va evolua, ast\u0103zi, \u00een jurul orei 18.00, \u00een turul 2 la US Open. Bucure\u0219teanca o va \u00eent\u00e2lni pe juc\u0103toarea francez\u0103 Diane Parry, locul [&hellip;]<\/p>\n","protected":false},"author":1,"featured_media":0,"comment_status":"open","ping_status":"","sticky":false,"template":"","format":"standard","meta":{"footnotes":""},"categories":[89],"tags":[19,226],"class_list":["post-2125559","post","type-post","status-publish","format-standard","hentry","category-romania","tag-adevarul","tag-crawlmanager"],"_links":{"self":[{"href":"https:\/\/analyse.optim.biz\/index.php?rest_route=\/wp\/v2\/posts\/2125559","targetHints":{"allow":["GET"]}}],"collection":[{"href":"https:\/\/analyse.optim.biz\/index.php?rest_route=\/wp\/v2\/posts"}],"about":[{"href":"https:\/\/analyse.optim.biz\/index.php?rest_route=\/wp\/v2\/types\/post"}],"author":[{"embeddable":true,"href":"https:\/\/analyse.optim.biz\/index.php?rest_route=\/wp\/v2\/users\/1"}],"replies":[{"embeddable":true,"href":"https:\/\/analyse.optim.biz\/index.php?rest_route=%2Fwp%2Fv2%2Fcomments&post=2125559"}],"version-history":[{"count":0,"href":"https:\/\/analyse.optim.biz\/index.php?rest_route=\/wp\/v2\/posts\/2125559\/revisions"}],"wp:attachment":[{"href":"https:\/\/analyse.optim.biz\/index.php?rest_route=%2Fwp%2Fv2%2Fmedia&parent=2125559"}],"wp:term":[{"taxonomy":"category","embeddable":true,"href":"https:\/\/analyse.optim.biz\/index.php?rest_route=%2Fwp%2Fv2%2Fcategories&post=2125559"},{"taxonomy":"post_tag","embeddable":true,"href":"https:\/\/analyse.optim.biz\/index.php?rest_route=%2Fwp%2Fv2%2Ftags&post=2125559"}],"curies":[{"name":"wp","href":"https:\/\/api.w.org\/{rel}","templated":true}]}}