{"id":2125554,"date":"2026-09-02T15:51:58","date_gmt":"2026-09-02T12:51:58","guid":{"rendered":"https:\/\/analyse.optim.biz\/?p=2125554"},"modified":"2026-09-02T15:51:58","modified_gmt":"2026-09-02T12:51:58","slug":"daniel-birligea-a-marcat-pentru-frosinone-insa-golul-sau-nu-a-fost-validat","status":"publish","type":"post","link":"https:\/\/analyse.optim.biz\/?p=2125554","title":{"rendered":"Daniel B\u00eerligea a marcat pentru Frosinone, \u00eens\u0103 golul s\u0103u nu a fost validat"},"content":{"rendered":"<p>[analyse_image type=&#8221;featured&#8221; src=&#8221;https:\/\/cdn.adh.reperio.news\/image-6\/6896f43a-c76b-411b-aa82-a8e5b5204e6f\/index.jpeg?p=f%3Djpeg%26w%3D1200%26h%3D630%26r%3Dcover&#8221;]<\/p>\n<article class=\"svelte-x63bga\">\n<nav>\n<ul class=\"breadcrump svelte-1pk9a69\">\n<li class=\"svelte-1pk9a69\"><a href=\"https:\/\/adevarul.ro\/\" title=\"Adev\u0103rul\" class=\"svelte-1pk9a69\">Home<\/a><\/li>\n<li class=\"svelte-1pk9a69\"><a href=\"https:\/\/adevarul.ro\/sport\" class=\"svelte-1pk9a69\">Sport<\/a><\/li>\n<li class=\"svelte-1pk9a69\"><a href=\"https:\/\/adevarul.ro\/sport\/daniel-birligea-a-marcat-pentru-frosinone-insa-2553708.html\" class=\"svelte-1pk9a69\">Daniel B\u00eerligea a marcat pentru Frosinone, \u00eens\u0103 golul s\u0103u nu a fost validat<\/a><\/li>\n<\/ul>\n<\/nav>\n<p><main class=\"svelte-x63bga\"><\/p>\n<p>Echipa italian\u0103 de fotbal Frosinone a pierdut cu 3-4, la lovituri de departajare, meciul din Cupa Italiei cu Sassuolo, fiind eliminat\u0103 din competi\u0163ie. Transferat luna trecut\u0103 de la FCSB, Daniel B\u00eerligea a marcat pentru Frosinone, \u00eens\u0103 golul s\u0103u nu a fost validat.<\/p>\n<div class=\"container-image  svelte-1xbw4f3\"><source type=\"image\/webp\" srcset=\"https:\/\/cdn.adh.reperio.news\/image-6\/6896f43a-c76b-411b-aa82-a8e5b5204e6f\/index.jpeg?p=a%3D1%26co%3D1.05%26w%3D1400%26h%3D750%26r%3Dcontain%26f%3Dwebp 1400w\" media=\"(min-width: 1400px)\" \/><\/p>\n<div class=\"caption svelte-1xbw4f3\"><span class=\"captionText svelte-1xbw4f3\">B\u00eerligea este la al doilea meci pentru Frosinone <span class=\"source svelte-1xbw4f3\">Foto: Frosinone Calcio<\/span><\/span><\/div>\n<\/div>\n<p>Meciul s-a disputat la Reggio nell&#8217;Emilia, pe Mapei Stadium. Sassuolo a deschis scorul \u00een minutul 36, prin Benjamin Dominguez, iar Aleksa Terzic a egalat \u00een minutul 45+2.<\/p>\n<p>Titular \u00een aceast\u0103 confruntare, <a href=\"https:\/\/adevarul.ro\/sport\/cu-cine-se-bate-birligea-pentru-postul-de-titular-2552150.html\">B\u00eerligea a \u00eenscris \u00een minutul 56<\/a>, \u00eens\u0103 golul s\u0103u nu a fost validat din cauza unui ofsaid. Atacantul rom\u00e2n a fost \u00eenlocuit \u00een minutul 63.<\/p>\n<p>C\u00e2\u0219tig\u0103toarea s-a decis la lovituri de departajare. Sassuolo a transformat cele patru lovituri prin Berardi, Sebastiano Esposito, Thorstvedt \u015fi Bakola, \u00een timp ce de la Frosinone au concretizat numai Bobcek, Fayer \u015fi Zerbin. Au ratat Amey \u015fi Hasa.<\/p>\n<p>Sassuolo s-a impus cu 4-3 \u015fi s-a calificat \u00een optimile de final\u0103, faz\u0103 \u00een care va \u00eent\u00e2lni pe Juventus Torino, \u00een 2 decembrie.\u00a0Celelalte meciuri din \u201e16\u201d-imile de final\u0103 ale Cupei Italiei: Udinese &#8211; Venezia (ast\u0103zi), Palermo &#8211; Mantova, Cagliari &#8211; Verona (m\u00e2ine), Genoa &#8211; Sudtirol \u0219i Fiorentina &#8211; Pisa (15 septembrie).  <\/p>\n<div class=\"_hydratable\" data-props=\"%7B%22data%22%3A%7B%22caption%22%3A%22%22%2C%22embed%22%3A%22https%3A%2F%2Fwww.youtube.com%2Fembed%2FsLuV4PECAhI%3F%22%2C%22height%22%3A320%2C%22service%22%3A%22youtube%22%2C%22source%22%3A%22https%3A%2F%2Fwww.youtube.com%2Fembed%2FsLuV4PECAhI%3Fsi%3DhtPsZ4sGiCt2dzz2%22%2C%22width%22%3A580%7D%2C%22id%22%3A%22mfDXqrWmnB%22%2C%22type%22%3A%22embed%22%2C%22lines%22%3A10%2C%22linesAbove%22%3A44%2C%22index%22%3A6%2C%22paragraphsAbove%22%3A5%2C%22percentage%22%3A0.6984126984126984%2C%22linesBellow%22%3A19%7D\" data-context=\"%7B%22parentBlockColumnCount%22%3A%7B%22value%22%3A0%2C%22type%22%3A%22store%2Freadable%22%7D%2C%22parentBlockBackgroundColor%22%3A%7B%22type%22%3A%22store%2Freadable%22%7D%7D\" data-component=\"EditorEmbedViewDefault\">\n<div class=\"container-embed svelte-1petmjv\"><iframe src=\"https:\/\/www.youtube.com\/embed\/sLuV4PECAhI\" class=\"embed-youtube svelte-1petmjv\" width=\"580\" allowfullscreen title=\"embed media\" loading=\"lazy\"><\/iframe><\/div>\n<\/div>\n<p>\u00cen 27 august, FCSB a postat un anun\u0163 pe pagina oficial\u0103 de FB: \u201e<a href=\"https:\/\/adevarul.ro\/sport\/birligea-la-frosinone-totul-despre-negocieri-2552135.html\">Daniel B\u00eerligea va evolua, p\u00e2n\u0103 la finalul actualului sezon, pentru Frosinone Calcio, din Serie A<\/a>. Atacantul \u00een v\u00e2rst\u0103 de 26 de ani a efectuat vizita medical\u0103 \u015fi a semnat deja contractul cu clubul italian, care are \u015fi op\u0163iunea unui transfer definitiv. Clubul nostru \u00eei mul\u0163ume\u015fte lui Daniel pentru contribu\u0163ia extraordinar\u0103 din cei doi ani petrecu\u0163i la FCSB, \u00een care a cucerit titlul de campion \u015fi Supercupa Rom\u00e2niei \u015fi \u00eei ureaz\u0103 mult succes \u00een carier\u0103!\u201d. <\/p>\n<p>Clubul italian a f\u0103cut un anun\u021b asem\u0103n\u0103tor: \u201eFrosinone Calcio anun\u0163\u0103 c\u0103 a ajuns la un acord cu Fotbal Club Steaua Bucure\u015fti pentru achizi\u0163ionarea lui Daniel B\u00eerligea. Atacantul n\u0103scut \u00een 2000 ajunge la echipa Gialloblu sub form\u0103 de \u00eemprumut cu obliga\u0163ie de cump\u0103rare \u00een anumite condi\u0163ii&#8221;.<\/p>\n<p>B\u00eerligea a debutat la Frosinone \u00een campionat, la meciul c\u00e2\u0219tigat cu 3-0 pe terenul Fiorentinei. El a intrat pe teren \u00een minutul 89 al confrunt\u0103rii.<\/p>\n<p><\/main><\/p>\n<footer class=\"svelte-x63bga\">\n<div class=\"related-wrap related-footer svelte-78g0vl\"><span class=\"related-label svelte-78g0vl\">Cite\u0219te \u0219i<\/span><a class=\"related svelte-78g0vl\" data-gtrack=\"{&quot;event&quot;:&quot;utm_click&quot;,&quot;data&quot;:{&quot;event_category&quot;:&quot;article_related&quot;}}\" href=\"https:\/\/adevarul.ro\/sport\/s-a-trezit-birligea-fcsb-trece-de-un-mare-hop-si-2506880.html\" title=\"Alt articol de interes pentru tine\"><img decoding=\"async\" class=\"thumb svelte-78g0vl\" src=\"https:\/\/cdn.adh.reperio.news\/image-8\/8ff5f4d8-1b69-4cd2-8db4-950e820c2424\/index.jpeg?p=f%3Dwebp%26w%3D120%26h%3D80%26r%3Dcover%26a%3D0\" alt loading=\"lazy\" width=\"80\" height=\"54\"><span class=\"title svelte-78g0vl\">S-a trezit B\u00eerligea. FCSB trece de un mare hop \u0219i ajunge \u00een buza play-off-ului, dup\u0103 o victorie la scor<\/span><\/a><a class=\"related svelte-78g0vl\" data-gtrack=\"{&quot;event&quot;:&quot;utm_click&quot;,&quot;data&quot;:{&quot;event_category&quot;:&quot;article_related&quot;}}\" href=\"https:\/\/adevarul.ro\/sport\/criticat-de-gigi-becali-pentru-esecul-cu-auda-2545414.html\" title=\"Alt articol de interes pentru tine\"><img decoding=\"async\" class=\"thumb svelte-78g0vl\" src=\"https:\/\/cdn.adh.reperio.news\/image-9\/961ad327-588c-43bc-9382-6aae02e59a57\/index.png?p=f%3Dwebp%26w%3D120%26h%3D80%26r%3Dcover%26a%3D0\" alt loading=\"lazy\" width=\"80\" height=\"54\"><span class=\"title svelte-78g0vl\">Criticat de Gigi Becali pentru e\u0219ecul cu Auda, fotbalistul FCSB-ului a \u0219ocat la finalul meciului: dansuri \u0219i giugiuleli cu logodnica pe gazon: \u201eAu luat-o \u00een glum\u0103!\u201d<\/span><\/a><a class=\"related svelte-78g0vl\" data-gtrack=\"{&quot;event&quot;:&quot;utm_click&quot;,&quot;data&quot;:{&quot;event_category&quot;:&quot;article_related&quot;}}\" href=\"https:\/\/adevarul.ro\/sport\/birligea-la-frosinone-totul-despre-negocieri-2552135.html\" title=\"Alt articol de interes pentru tine\"><img decoding=\"async\" class=\"thumb svelte-78g0vl\" src=\"https:\/\/cdn.adh.reperio.news\/image-3\/30bde5dd-eeff-494c-acfa-9662cc757f24\/index.png?p=f%3Dwebp%26w%3D120%26h%3D80%26r%3Dcover%26a%3D0\" alt loading=\"lazy\" width=\"80\" height=\"54\"><span class=\"title svelte-78g0vl\">B\u00eerligea la Frosinone: totul despre negocieri, transfer \u0219i salariu. Cum l-au convins italienii pe Becali<\/span><\/a><\/div>\n<div class=\"meta svelte-x63bga\">\n<div class=\"authors svelte-x63bga\"><span class=\"names svelte-x63bga\"><a href=\"https:\/\/adevarul.ro\/author\/2133\" rel=\"author\" class=\"svelte-x63bga\">Valentin-Marian Burlacu<\/a><\/span><\/p>\n<div class=\"_hydratable\" data-props=\"%7B%22showLive%22%3Atrue%7D\" data-context=\"%7B%22parentBlockColumnCount%22%3A%7B%22value%22%3A0%2C%22type%22%3A%22store%2Freadable%22%7D%2C%22parentBlockBackgroundColor%22%3A%7B%22type%22%3A%22store%2Freadable%22%7D%7D\" data-component=\"ShareButton\">\n<div class=\"shareButtons svelte-itwbrr\">\n<div class=\"liveSessions metaFont svelte-1maxmbf\"><span class=\"value svelte-1maxmbf\">1<\/span> live <\/div>\n<\/div>\n<\/div>\n<\/div>\n<div class=\"tags svelte-1l3vwp1\"><span class=\"tags-label metaFont svelte-1l3vwp1\">Cite\u0219te mai multe despre<\/span><\/p>\n<div class=\"tags-list svelte-1l3vwp1\"><a href=\"https:\/\/adevarul.ro\/tag\/fcsb\" title=\"Ultimele \u0219tiri despre fcsb\" class=\"tag-pill svelte-1l3vwp1\">fcsb<\/a><a href=\"https:\/\/adevarul.ro\/tag\/serie%20a\" title=\"Ultimele \u0219tiri despre serie a\" class=\"tag-pill svelte-1l3vwp1\">serie a<\/a><a href=\"https:\/\/adevarul.ro\/tag\/cupa%20italiei\" title=\"Ultimele \u0219tiri despre cupa italiei\" class=\"tag-pill svelte-1l3vwp1\">cupa italiei<\/a><a href=\"https:\/\/adevarul.ro\/tag\/daniel%20b%C3%AErligea\" title=\"Ultimele \u0219tiri despre daniel b\u00eerligea\" class=\"tag-pill svelte-1l3vwp1\">daniel b\u00eerligea<\/a><a href=\"https:\/\/adevarul.ro\/tag\/seria%20a\" title=\"Ultimele \u0219tiri despre seria a\" class=\"tag-pill svelte-1l3vwp1\">seria a<\/a><a href=\"https:\/\/adevarul.ro\/tag\/frosinone\" title=\"Ultimele \u0219tiri despre frosinone\" class=\"tag-pill svelte-1l3vwp1\">frosinone<\/a><\/div>\n<\/div>\n<\/div>\n<p><a class=\"moreFromCategory svelte-x63bga\" href=\"https:\/\/adevarul.ro\/sport\" title=\"Sport\">Mai multe din <strong class=\"svelte-x63bga\">Sport<\/strong> \u203a<\/a><\/footer>\n<\/article>\n<p>[analyse_source url=&#8221;https:\/\/adevarul.ro\/sport\/daniel-birligea-a-marcat-pentru-frosinone-insa-2553708.html&#8221;]<\/p>\n","protected":false},"excerpt":{"rendered":"<p>[analyse_image type=&#8221;featured&#8221; src=&#8221;https:\/\/cdn.adh.reperio.news\/image-6\/6896f43a-c76b-411b-aa82-a8e5b5204e6f\/index.jpeg?p=f%3Djpeg%26w%3D1200%26h%3D630%26r%3Dcover&#8221;] Home Sport Daniel B\u00eerligea a marcat pentru Frosinone, \u00eens\u0103 golul s\u0103u nu a fost validat Echipa italian\u0103 de fotbal Frosinone a pierdut cu 3-4, la lovituri de departajare, meciul din Cupa Italiei cu Sassuolo, fiind eliminat\u0103 din competi\u0163ie. Transferat luna trecut\u0103 de la FCSB, Daniel B\u00eerligea a marcat pentru Frosinone, \u00eens\u0103 golul [&hellip;]<\/p>\n","protected":false},"author":1,"featured_media":0,"comment_status":"open","ping_status":"","sticky":false,"template":"","format":"standard","meta":{"footnotes":""},"categories":[89],"tags":[19,226],"class_list":["post-2125554","post","type-post","status-publish","format-standard","hentry","category-romania","tag-adevarul","tag-crawlmanager"],"_links":{"self":[{"href":"https:\/\/analyse.optim.biz\/index.php?rest_route=\/wp\/v2\/posts\/2125554","targetHints":{"allow":["GET"]}}],"collection":[{"href":"https:\/\/analyse.optim.biz\/index.php?rest_route=\/wp\/v2\/posts"}],"about":[{"href":"https:\/\/analyse.optim.biz\/index.php?rest_route=\/wp\/v2\/types\/post"}],"author":[{"embeddable":true,"href":"https:\/\/analyse.optim.biz\/index.php?rest_route=\/wp\/v2\/users\/1"}],"replies":[{"embeddable":true,"href":"https:\/\/analyse.optim.biz\/index.php?rest_route=%2Fwp%2Fv2%2Fcomments&post=2125554"}],"version-history":[{"count":0,"href":"https:\/\/analyse.optim.biz\/index.php?rest_route=\/wp\/v2\/posts\/2125554\/revisions"}],"wp:attachment":[{"href":"https:\/\/analyse.optim.biz\/index.php?rest_route=%2Fwp%2Fv2%2Fmedia&parent=2125554"}],"wp:term":[{"taxonomy":"category","embeddable":true,"href":"https:\/\/analyse.optim.biz\/index.php?rest_route=%2Fwp%2Fv2%2Fcategories&post=2125554"},{"taxonomy":"post_tag","embeddable":true,"href":"https:\/\/analyse.optim.biz\/index.php?rest_route=%2Fwp%2Fv2%2Ftags&post=2125554"}],"curies":[{"name":"wp","href":"https:\/\/api.w.org\/{rel}","templated":true}]}}